{"id":1337,"date":"2020-11-20T10:00:20","date_gmt":"2020-11-20T09:00:20","guid":{"rendered":"http:\/\/www.artesaniadecoracion.com\/blog\/?p=1337"},"modified":"2020-11-13T19:28:59","modified_gmt":"2020-11-13T18:28:59","slug":"mesa-extensible-y-sillas-de-forja-estilo-rustico-actual","status":"publish","type":"post","link":"https:\/\/www.artesaniadecoracion.com\/blog\/mesa-extensible-y-sillas-de-forja-estilo-rustico-actual\/","title":{"rendered":"MESA EXTENSIBLE Y SILLAS DE FORJA ESTILO RUSTICO ACTUAL"},"content":{"rendered":"\n<figure class=\"wp-block-image size-large\"><img loading=\"lazy\" decoding=\"async\" width=\"800\" height=\"486\" src=\"https:\/\/www.artesaniadecoracion.com\/blog\/wp-content\/uploads\/2020\/11\/mesa-y-sillas-comedor-forja.jpg\" alt=\"Mesa comedor forja madera extensible\" class=\"wp-image-1336\" srcset=\"https:\/\/www.artesaniadecoracion.com\/blog\/wp-content\/uploads\/2020\/11\/mesa-y-sillas-comedor-forja.jpg 800w, https:\/\/www.artesaniadecoracion.com\/blog\/wp-content\/uploads\/2020\/11\/mesa-y-sillas-comedor-forja-300x182.jpg 300w, https:\/\/www.artesaniadecoracion.com\/blog\/wp-content\/uploads\/2020\/11\/mesa-y-sillas-comedor-forja-768x467.jpg 768w, https:\/\/www.artesaniadecoracion.com\/blog\/wp-content\/uploads\/2020\/11\/mesa-y-sillas-comedor-forja-624x379.jpg 624w\" sizes=\"auto, (max-width: 800px) 100vw, 800px\" \/><figcaption>Comedor de forja industrial<\/figcaption><\/figure>\n\n\n\n<p>Para el post de esta semana, hemos seleccionado el comedor de forja con la mesa extensible Anjar y la silla Ahujar combinada con el sill\u00f3n Trasan, la mesa se fabrica con el armaz\u00f3n en cuadradillo de forja y tapa superior extensible en madera de pino natural grosor de 2 cm, la silla Ahujar tiene armaz\u00f3n en chapa de acero curvada con forja, asiento respaldo madera de abeto, el sill\u00f3n Transan es de tubo redondo de acero y chaspa plana, para las terminaciones disponemos de 20 colores de elecci\u00f3n y tintes para la madera, al final de este post os adjuntamos las im\u00e1genes de las piezas por separado, debajo ten\u00e9is los enlaces de texto para ampliar la informaci\u00f3n.<\/p>\n\n\n\n<figure class=\"wp-block-gallery columns-2 is-cropped wp-block-gallery-1 is-layout-flex wp-block-gallery-is-layout-flex\"><ul class=\"blocks-gallery-grid\"><li class=\"blocks-gallery-item\"><figure><img loading=\"lazy\" decoding=\"async\" width=\"501\" height=\"600\" src=\"https:\/\/www.artesaniadecoracion.com\/blog\/wp-content\/uploads\/2020\/11\/Sillon-comedor-forja.jpg\" alt=\"Sillon comedor forja\" data-id=\"1335\" data-full-url=\"https:\/\/www.artesaniadecoracion.com\/blog\/wp-content\/uploads\/2020\/11\/Sillon-comedor-forja.jpg\" data-link=\"http:\/\/www.artesaniadecoracion.com\/blog\/sillon-comedor-forja\/\" class=\"wp-image-1335\" srcset=\"https:\/\/www.artesaniadecoracion.com\/blog\/wp-content\/uploads\/2020\/11\/Sillon-comedor-forja.jpg 501w, https:\/\/www.artesaniadecoracion.com\/blog\/wp-content\/uploads\/2020\/11\/Sillon-comedor-forja-251x300.jpg 251w\" sizes=\"auto, (max-width: 501px) 100vw, 501px\" \/><figcaption class=\"blocks-gallery-item__caption\"><b><a target=\"_blank\" href=\"https:\/\/www.artesaniadecoracion.com\/sillon-forja-paralelo-trasan-p-12446.html\" rel=\"noopener noreferrer\">Sillon comedor forja<\/a><\/b><\/figcaption><\/figure><\/li><li class=\"blocks-gallery-item\"><figure><img loading=\"lazy\" decoding=\"async\" width=\"511\" height=\"600\" src=\"https:\/\/www.artesaniadecoracion.com\/blog\/wp-content\/uploads\/2020\/11\/Silla-forja-clasica.jpg\" alt=\"Silla forja clasica\" data-id=\"1334\" data-full-url=\"https:\/\/www.artesaniadecoracion.com\/blog\/wp-content\/uploads\/2020\/11\/Silla-forja-clasica.jpg\" data-link=\"http:\/\/www.artesaniadecoracion.com\/blog\/silla-forja-clasica\/\" class=\"wp-image-1334\" srcset=\"https:\/\/www.artesaniadecoracion.com\/blog\/wp-content\/uploads\/2020\/11\/Silla-forja-clasica.jpg 511w, https:\/\/www.artesaniadecoracion.com\/blog\/wp-content\/uploads\/2020\/11\/Silla-forja-clasica-256x300.jpg 256w\" sizes=\"auto, (max-width: 511px) 100vw, 511px\" \/><figcaption class=\"blocks-gallery-item__caption\"><b><a target=\"_blank\" href=\"https:\/\/www.artesaniadecoracion.com\/silla-forja-paralelo-trasan-p-12445.html\" rel=\"noopener noreferrer\">Silla forja clasica<\/a><\/b><\/figcaption><\/figure><\/li><li class=\"blocks-gallery-item\"><figure><img loading=\"lazy\" decoding=\"async\" width=\"278\" height=\"410\" src=\"https:\/\/www.artesaniadecoracion.com\/blog\/wp-content\/uploads\/2020\/11\/silla-comedor-madera-forja.jpeg\" alt=\"silla comedor madera forja\" data-id=\"1333\" data-full-url=\"https:\/\/www.artesaniadecoracion.com\/blog\/wp-content\/uploads\/2020\/11\/silla-comedor-madera-forja.jpeg\" data-link=\"http:\/\/www.artesaniadecoracion.com\/blog\/silla-comedor-madera-forja\/\" class=\"wp-image-1333\" srcset=\"https:\/\/www.artesaniadecoracion.com\/blog\/wp-content\/uploads\/2020\/11\/silla-comedor-madera-forja.jpeg 278w, https:\/\/www.artesaniadecoracion.com\/blog\/wp-content\/uploads\/2020\/11\/silla-comedor-madera-forja-203x300.jpeg 203w\" sizes=\"auto, (max-width: 278px) 100vw, 278px\" \/><figcaption class=\"blocks-gallery-item__caption\"><b><a target=\"_blank\" href=\"https:\/\/www.artesaniadecoracion.com\/silla-chapa-de-acero-curvo-con-respaldo-y-asiento-madera-ahujar-p-18990.html\" rel=\"noopener noreferrer\">silla comedor madera forja<\/a><\/b><\/figcaption><\/figure><\/li><li class=\"blocks-gallery-item\"><figure><img loading=\"lazy\" decoding=\"async\" width=\"800\" height=\"544\" src=\"https:\/\/www.artesaniadecoracion.com\/blog\/wp-content\/uploads\/2020\/11\/Mesa-comedor-extensible-forja.jpeg\" alt=\"Mesa comedor extensible forja\" data-id=\"1332\" data-full-url=\"https:\/\/www.artesaniadecoracion.com\/blog\/wp-content\/uploads\/2020\/11\/Mesa-comedor-extensible-forja.jpeg\" data-link=\"http:\/\/www.artesaniadecoracion.com\/blog\/mesa-comedor-extensible-forja\/\" class=\"wp-image-1332\" srcset=\"https:\/\/www.artesaniadecoracion.com\/blog\/wp-content\/uploads\/2020\/11\/Mesa-comedor-extensible-forja.jpeg 800w, https:\/\/www.artesaniadecoracion.com\/blog\/wp-content\/uploads\/2020\/11\/Mesa-comedor-extensible-forja-300x204.jpeg 300w, https:\/\/www.artesaniadecoracion.com\/blog\/wp-content\/uploads\/2020\/11\/Mesa-comedor-extensible-forja-768x522.jpeg 768w, https:\/\/www.artesaniadecoracion.com\/blog\/wp-content\/uploads\/2020\/11\/Mesa-comedor-extensible-forja-624x424.jpeg 624w\" sizes=\"auto, (max-width: 800px) 100vw, 800px\" \/><figcaption class=\"blocks-gallery-item__caption\"><b><a target=\"_blank\" href=\"https:\/\/www.artesaniadecoracion.com\/mesa-comedor-extensible-de-forja-madera-estilo-industrial-anjar-p-18993.html\" rel=\"noopener noreferrer\">Mesa comedor extensible forja<\/a><\/b><\/figcaption><\/figure><\/li><\/ul><\/figure>\n","protected":false},"excerpt":{"rendered":"<p>Para el post de esta semana, hemos seleccionado el comedor de forja con la mesa extensible Anjar y la silla Ahujar combinada con el sill\u00f3n Trasan, la mesa se fabrica con el armaz\u00f3n en cuadradillo de forja y tapa superior extensible en madera de pino natural grosor de 2 cm, la silla Ahujar tiene armaz\u00f3n [&hellip;]<\/p>\n","protected":false},"author":2,"featured_media":0,"comment_status":"closed","ping_status":"closed","sticky":false,"template":"","format":"standard","meta":{"om_disable_all_campaigns":false,"footnotes":""},"categories":[1],"tags":[671,674,672,673,675],"class_list":["post-1337","post","type-post","status-publish","format-standard","hentry","category-sin-categoria","tag-mesa-comedor-forja-extensible","tag-mesa-extensible-comedor-industrial","tag-sillas-forja-actuales","tag-sillas-modernas-industriales-forja","tag-sillones-forja-industrial"],"aioseo_notices":[],"_links":{"self":[{"href":"https:\/\/www.artesaniadecoracion.com\/blog\/wp-json\/wp\/v2\/posts\/1337","targetHints":{"allow":["GET"]}}],"collection":[{"href":"https:\/\/www.artesaniadecoracion.com\/blog\/wp-json\/wp\/v2\/posts"}],"about":[{"href":"https:\/\/www.artesaniadecoracion.com\/blog\/wp-json\/wp\/v2\/types\/post"}],"author":[{"embeddable":true,"href":"https:\/\/www.artesaniadecoracion.com\/blog\/wp-json\/wp\/v2\/users\/2"}],"replies":[{"embeddable":true,"href":"https:\/\/www.artesaniadecoracion.com\/blog\/wp-json\/wp\/v2\/comments?post=1337"}],"version-history":[{"count":1,"href":"https:\/\/www.artesaniadecoracion.com\/blog\/wp-json\/wp\/v2\/posts\/1337\/revisions"}],"predecessor-version":[{"id":1338,"href":"https:\/\/www.artesaniadecoracion.com\/blog\/wp-json\/wp\/v2\/posts\/1337\/revisions\/1338"}],"wp:attachment":[{"href":"https:\/\/www.artesaniadecoracion.com\/blog\/wp-json\/wp\/v2\/media?parent=1337"}],"wp:term":[{"taxonomy":"category","embeddable":true,"href":"https:\/\/www.artesaniadecoracion.com\/blog\/wp-json\/wp\/v2\/categories?post=1337"},{"taxonomy":"post_tag","embeddable":true,"href":"https:\/\/www.artesaniadecoracion.com\/blog\/wp-json\/wp\/v2\/tags?post=1337"}],"curies":[{"name":"wp","href":"https:\/\/api.w.org\/{rel}","templated":true}]}}