{"id":136,"date":"2018-03-28T17:42:12","date_gmt":"2018-03-28T17:42:12","guid":{"rendered":"http:\/\/www.artesaniadecoracion.com\/blog\/?p=136"},"modified":"2023-12-29T13:17:43","modified_gmt":"2023-12-29T12:17:43","slug":"dormitorio-de-forja-serie-conos","status":"publish","type":"post","link":"https:\/\/www.artesaniadecoracion.com\/blog\/dormitorio-de-forja-serie-conos\/","title":{"rendered":"DORMITORIO DE FORJA SERIE CONOS"},"content":{"rendered":"<div id=\"attachment_137\" style=\"width: 810px\" class=\"wp-caption aligncenter\"><a href=\"https:\/\/www.artesaniadecoracion.com\/cama-conos-p-2349.html\"><img loading=\"lazy\" decoding=\"async\" aria-describedby=\"caption-attachment-137\" class=\"size-full wp-image-137\" src=\"https:\/\/www.artesaniadecoracion.com\/blog\/wp-content\/uploads\/2018\/03\/cama-conos-1-2349.jpg\" alt=\"\" width=\"800\" height=\"655\" srcset=\"https:\/\/www.artesaniadecoracion.com\/blog\/wp-content\/uploads\/2018\/03\/cama-conos-1-2349.jpg 800w, https:\/\/www.artesaniadecoracion.com\/blog\/wp-content\/uploads\/2018\/03\/cama-conos-1-2349-300x246.jpg 300w, https:\/\/www.artesaniadecoracion.com\/blog\/wp-content\/uploads\/2018\/03\/cama-conos-1-2349-768x629.jpg 768w, https:\/\/www.artesaniadecoracion.com\/blog\/wp-content\/uploads\/2018\/03\/cama-conos-1-2349-624x511.jpg 624w\" sizes=\"auto, (max-width: 800px) 100vw, 800px\" \/><\/a><p id=\"caption-attachment-137\" class=\"wp-caption-text\"><strong><a href=\"https:\/\/www.artesaniadecoracion.com\/cama-conos-p-2349.html\" target=\"_blank\" rel=\"noopener\">Cama de forja serie Conos<\/a><\/strong><\/p><\/div>\n<p>Esta semana para nuestro post hemos seleccionado un bonito dormitorio en tubo de acero y forja de la colecci\u00f3n Conos este modelo se fabrica en cabecero, cama y cama con dosel, lo terminamos para colchones desde 90 cm a 180 cm y se puede pintar en 20 colores diferentes a elecci\u00f3n del cliente os dejamos la im\u00e1genes de todas las piezas que dispone el dormitorio Conos, para m\u00e1s informaci\u00f3n seguir el enlace <a href=\"https:\/\/www.artesaniadecoracion.com\/search.php?categoria=&amp;search=CONOS\" target=\"_blank\" rel=\"noopener\"><strong>dormitorio forja conos<\/strong><\/a>, indicaros que en todos nuestros precios est\u00e1 incluido el IVA y los gastos de envi\u00f3 para la pen\u00ednsula y Baleares.<\/p>\n<div id=\"attachment_138\" style=\"width: 160px\" class=\"wp-caption alignleft\"><a href=\"https:\/\/www.artesaniadecoracion.com\/cama-dosel-conos-p-2364.html\"><img loading=\"lazy\" decoding=\"async\" aria-describedby=\"caption-attachment-138\" class=\"wp-image-138 size-thumbnail\" src=\"https:\/\/www.artesaniadecoracion.com\/blog\/wp-content\/uploads\/2018\/03\/cama-dosel-conos-1-2364_thumb_560x350-150x150.jpg\" alt=\"\" width=\"150\" height=\"150\" srcset=\"https:\/\/www.artesaniadecoracion.com\/blog\/wp-content\/uploads\/2018\/03\/cama-dosel-conos-1-2364_thumb_560x350-150x150.jpg 150w, https:\/\/www.artesaniadecoracion.com\/blog\/wp-content\/uploads\/2018\/03\/cama-dosel-conos-1-2364_thumb_560x350-72x72.jpg 72w, https:\/\/www.artesaniadecoracion.com\/blog\/wp-content\/uploads\/2018\/03\/cama-dosel-conos-1-2364_thumb_560x350-350x350.jpg 350w\" sizes=\"auto, (max-width: 150px) 100vw, 150px\" \/><\/a><p id=\"caption-attachment-138\" class=\"wp-caption-text\"><a href=\"https:\/\/www.artesaniadecoracion.com\/cama-dosel-conos-p-2364.html\" target=\"_blank\" rel=\"noopener\"><strong>Cama Dosel Conos<\/strong><\/a><\/p><\/div>\n<div id=\"attachment_140\" style=\"width: 160px\" class=\"wp-caption alignleft\"><a href=\"https:\/\/www.artesaniadecoracion.com\/mesilla-conos-p-2387.html\"><img loading=\"lazy\" decoding=\"async\" aria-describedby=\"caption-attachment-140\" class=\"wp-image-140 size-thumbnail\" title=\"Mesilla de noche para el dormitorio en forja\" src=\"https:\/\/www.artesaniadecoracion.com\/blog\/wp-content\/uploads\/2018\/03\/mesilla-conos-1-2387_thumb_560x350-150x150.jpg\" alt=\"\" width=\"150\" height=\"150\" srcset=\"https:\/\/www.artesaniadecoracion.com\/blog\/wp-content\/uploads\/2018\/03\/mesilla-conos-1-2387_thumb_560x350-150x150.jpg 150w, https:\/\/www.artesaniadecoracion.com\/blog\/wp-content\/uploads\/2018\/03\/mesilla-conos-1-2387_thumb_560x350-72x72.jpg 72w, https:\/\/www.artesaniadecoracion.com\/blog\/wp-content\/uploads\/2018\/03\/mesilla-conos-1-2387_thumb_560x350-350x350.jpg 350w\" sizes=\"auto, (max-width: 150px) 100vw, 150px\" \/><\/a><p id=\"caption-attachment-140\" class=\"wp-caption-text\"><a href=\"https:\/\/www.artesaniadecoracion.com\/mesilla-conos-p-2387.html\" target=\"_blank\" rel=\"noopener\"><strong>Mesilla de Forja Conos<\/strong><\/a><\/p><\/div>\n","protected":false},"excerpt":{"rendered":"<p>Esta semana para nuestro post hemos seleccionado un bonito dormitorio en tubo de acero y forja de la colecci\u00f3n Conos este modelo se fabrica en cabecero, cama y cama con dosel, lo terminamos para colchones desde 90 cm a 180 cm y se puede pintar en 20 colores diferentes a elecci\u00f3n del cliente os dejamos [&hellip;]<\/p>\n","protected":false},"author":2,"featured_media":0,"comment_status":"open","ping_status":"open","sticky":false,"template":"","format":"standard","meta":{"om_disable_all_campaigns":false,"footnotes":""},"categories":[6],"tags":[30,29,31,32,33],"class_list":["post-136","post","type-post","status-publish","format-standard","hentry","category-dormitorios","tag-cabeceros-de-forja","tag-camas-de-forja","tag-camas-dosel-en-forja","tag-dormitorios-de-forja","tag-mesillas-forja"],"aioseo_notices":[],"_links":{"self":[{"href":"https:\/\/www.artesaniadecoracion.com\/blog\/wp-json\/wp\/v2\/posts\/136","targetHints":{"allow":["GET"]}}],"collection":[{"href":"https:\/\/www.artesaniadecoracion.com\/blog\/wp-json\/wp\/v2\/posts"}],"about":[{"href":"https:\/\/www.artesaniadecoracion.com\/blog\/wp-json\/wp\/v2\/types\/post"}],"author":[{"embeddable":true,"href":"https:\/\/www.artesaniadecoracion.com\/blog\/wp-json\/wp\/v2\/users\/2"}],"replies":[{"embeddable":true,"href":"https:\/\/www.artesaniadecoracion.com\/blog\/wp-json\/wp\/v2\/comments?post=136"}],"version-history":[{"count":2,"href":"https:\/\/www.artesaniadecoracion.com\/blog\/wp-json\/wp\/v2\/posts\/136\/revisions"}],"predecessor-version":[{"id":2505,"href":"https:\/\/www.artesaniadecoracion.com\/blog\/wp-json\/wp\/v2\/posts\/136\/revisions\/2505"}],"wp:attachment":[{"href":"https:\/\/www.artesaniadecoracion.com\/blog\/wp-json\/wp\/v2\/media?parent=136"}],"wp:term":[{"taxonomy":"category","embeddable":true,"href":"https:\/\/www.artesaniadecoracion.com\/blog\/wp-json\/wp\/v2\/categories?post=136"},{"taxonomy":"post_tag","embeddable":true,"href":"https:\/\/www.artesaniadecoracion.com\/blog\/wp-json\/wp\/v2\/tags?post=136"}],"curies":[{"name":"wp","href":"https:\/\/api.w.org\/{rel}","templated":true}]}}