{"id":1469,"date":"2021-04-23T10:00:00","date_gmt":"2021-04-23T08:00:00","guid":{"rendered":"http:\/\/www.artesaniadecoracion.com\/blog\/?p=1469"},"modified":"2021-03-30T19:48:07","modified_gmt":"2021-03-30T17:48:07","slug":"mueble-salon-para-tv-y-libreria-estilo-colonial-nordik","status":"publish","type":"post","link":"https:\/\/www.artesaniadecoracion.com\/blog\/mueble-salon-para-tv-y-libreria-estilo-colonial-nordik\/","title":{"rendered":"MUEBLE SALON PARA TV Y LIBRER\u00cdA ESTILO COLONIAL NORDIK"},"content":{"rendered":"\n<figure class=\"wp-block-image size-large\"><img loading=\"lazy\" decoding=\"async\" width=\"800\" height=\"742\" src=\"https:\/\/www.artesaniadecoracion.com\/blog\/wp-content\/uploads\/2021\/03\/Salon-colonial-actual-Nordik.jpg\" alt=\"Salon colonial actual Nordik\" class=\"wp-image-1468\" srcset=\"https:\/\/www.artesaniadecoracion.com\/blog\/wp-content\/uploads\/2021\/03\/Salon-colonial-actual-Nordik.jpg 800w, https:\/\/www.artesaniadecoracion.com\/blog\/wp-content\/uploads\/2021\/03\/Salon-colonial-actual-Nordik-300x278.jpg 300w, https:\/\/www.artesaniadecoracion.com\/blog\/wp-content\/uploads\/2021\/03\/Salon-colonial-actual-Nordik-768x712.jpg 768w, https:\/\/www.artesaniadecoracion.com\/blog\/wp-content\/uploads\/2021\/03\/Salon-colonial-actual-Nordik-624x579.jpg 624w\" sizes=\"auto, (max-width: 800px) 100vw, 800px\" \/><figcaption>Salon colonial actual Nordik<\/figcaption><\/figure>\n\n\n\n<p>Para el post de esta semana os presentamos la colecci\u00f3n para el sal\u00f3n colonial actual de la serie Nordik, esta l\u00ednea se fabrica en madera de mindi con acabado bicolor, base en color avellana nogal y cajones los frontales en blanco desgastado, disponemos en esta serie de un mueble TV, un librer\u00eda y 2 estanter\u00edas colgantes, os adjuntamos las piezas de la composici\u00f3n al final del post junto con los enlaces, recordar en nuestros precios est\u00e1 incluido el IVA y los gastos de envi\u00f3.<\/p>\n\n\n\n<figure class=\"wp-block-gallery columns-2 is-cropped wp-block-gallery-1 is-layout-flex wp-block-gallery-is-layout-flex\"><ul class=\"blocks-gallery-grid\"><li class=\"blocks-gallery-item\"><figure><img loading=\"lazy\" decoding=\"async\" width=\"1024\" height=\"683\" src=\"https:\/\/www.artesaniadecoracion.com\/blog\/wp-content\/uploads\/2021\/03\/mueble-tv-colonial-Nordik-1024x683.jpeg\" alt=\"mueble tv colonial Nordik\" data-id=\"1467\" data-full-url=\"https:\/\/www.artesaniadecoracion.com\/blog\/wp-content\/uploads\/2021\/03\/mueble-tv-colonial-Nordik.jpeg\" data-link=\"http:\/\/www.artesaniadecoracion.com\/blog\/mueble-tv-colonial-nordik\/\" class=\"wp-image-1467\" srcset=\"https:\/\/www.artesaniadecoracion.com\/blog\/wp-content\/uploads\/2021\/03\/mueble-tv-colonial-Nordik-1024x683.jpeg 1024w, https:\/\/www.artesaniadecoracion.com\/blog\/wp-content\/uploads\/2021\/03\/mueble-tv-colonial-Nordik-300x200.jpeg 300w, https:\/\/www.artesaniadecoracion.com\/blog\/wp-content\/uploads\/2021\/03\/mueble-tv-colonial-Nordik-768x512.jpeg 768w, https:\/\/www.artesaniadecoracion.com\/blog\/wp-content\/uploads\/2021\/03\/mueble-tv-colonial-Nordik-624x416.jpeg 624w, https:\/\/www.artesaniadecoracion.com\/blog\/wp-content\/uploads\/2021\/03\/mueble-tv-colonial-Nordik.jpeg 1152w\" sizes=\"auto, (max-width: 1024px) 100vw, 1024px\" \/><figcaption class=\"blocks-gallery-item__caption\"><b><a target=\"_blank\" href=\"https:\/\/www.artesaniadecoracion.com\/salon-mueble-television-colonial-c-802_806_846.html\" rel=\"noopener\">mueble tv colonial Nordik<\/a><\/b><\/figcaption><\/figure><\/li><li class=\"blocks-gallery-item\"><figure><img loading=\"lazy\" decoding=\"async\" width=\"512\" height=\"768\" src=\"https:\/\/www.artesaniadecoracion.com\/blog\/wp-content\/uploads\/2021\/03\/Libreria-salon-Nordik.jpeg\" alt=\"Libreria salon Nordik\" data-id=\"1466\" data-full-url=\"https:\/\/www.artesaniadecoracion.com\/blog\/wp-content\/uploads\/2021\/03\/Libreria-salon-Nordik.jpeg\" data-link=\"http:\/\/www.artesaniadecoracion.com\/blog\/libreria-salon-nordik\/\" class=\"wp-image-1466\" srcset=\"https:\/\/www.artesaniadecoracion.com\/blog\/wp-content\/uploads\/2021\/03\/Libreria-salon-Nordik.jpeg 512w, https:\/\/www.artesaniadecoracion.com\/blog\/wp-content\/uploads\/2021\/03\/Libreria-salon-Nordik-200x300.jpeg 200w\" sizes=\"auto, (max-width: 512px) 100vw, 512px\" \/><figcaption class=\"blocks-gallery-item__caption\"><b><a target=\"_blank\" href=\"https:\/\/www.artesaniadecoracion.com\/salon-estanterias-colonial-c-802_804_828.html?page=4\" rel=\"noopener\">Libreria salon Nordik<\/a><\/b><\/figcaption><\/figure><\/li><li class=\"blocks-gallery-item\"><figure><img loading=\"lazy\" decoding=\"async\" width=\"1024\" height=\"683\" src=\"https:\/\/www.artesaniadecoracion.com\/blog\/wp-content\/uploads\/2021\/03\/Estanteria-cuadrada-colgante-Nordik-1024x683.jpeg\" alt=\"Estanteria cuadrada colgante Nordik\" data-id=\"1465\" data-full-url=\"https:\/\/www.artesaniadecoracion.com\/blog\/wp-content\/uploads\/2021\/03\/Estanteria-cuadrada-colgante-Nordik.jpeg\" data-link=\"http:\/\/www.artesaniadecoracion.com\/blog\/estanteria-cuadrada-colgante-nordik\/\" class=\"wp-image-1465\" srcset=\"https:\/\/www.artesaniadecoracion.com\/blog\/wp-content\/uploads\/2021\/03\/Estanteria-cuadrada-colgante-Nordik-1024x683.jpeg 1024w, https:\/\/www.artesaniadecoracion.com\/blog\/wp-content\/uploads\/2021\/03\/Estanteria-cuadrada-colgante-Nordik-300x200.jpeg 300w, https:\/\/www.artesaniadecoracion.com\/blog\/wp-content\/uploads\/2021\/03\/Estanteria-cuadrada-colgante-Nordik-768x512.jpeg 768w, https:\/\/www.artesaniadecoracion.com\/blog\/wp-content\/uploads\/2021\/03\/Estanteria-cuadrada-colgante-Nordik-624x416.jpeg 624w, https:\/\/www.artesaniadecoracion.com\/blog\/wp-content\/uploads\/2021\/03\/Estanteria-cuadrada-colgante-Nordik.jpeg 1152w\" sizes=\"auto, (max-width: 1024px) 100vw, 1024px\" \/><figcaption class=\"blocks-gallery-item__caption\"><b><a target=\"_blank\" href=\"https:\/\/www.artesaniadecoracion.com\/salon-estanterias-colonial-c-802_804_828.html?page=3\" rel=\"noopener\">Estanteria cuadrada colgante Nordik<\/a><\/b><\/figcaption><\/figure><\/li><li class=\"blocks-gallery-item\"><figure><img loading=\"lazy\" decoding=\"async\" width=\"1024\" height=\"683\" src=\"https:\/\/www.artesaniadecoracion.com\/blog\/wp-content\/uploads\/2021\/03\/Estante-pared-octogonal-nordik-1024x683.jpeg\" alt=\"Estante pared octogonal nordik\" data-id=\"1464\" data-full-url=\"https:\/\/www.artesaniadecoracion.com\/blog\/wp-content\/uploads\/2021\/03\/Estante-pared-octogonal-nordik.jpeg\" data-link=\"http:\/\/www.artesaniadecoracion.com\/blog\/estante-pared-octogonal-nordik\/\" class=\"wp-image-1464\" srcset=\"https:\/\/www.artesaniadecoracion.com\/blog\/wp-content\/uploads\/2021\/03\/Estante-pared-octogonal-nordik-1024x683.jpeg 1024w, https:\/\/www.artesaniadecoracion.com\/blog\/wp-content\/uploads\/2021\/03\/Estante-pared-octogonal-nordik-300x200.jpeg 300w, https:\/\/www.artesaniadecoracion.com\/blog\/wp-content\/uploads\/2021\/03\/Estante-pared-octogonal-nordik-768x512.jpeg 768w, https:\/\/www.artesaniadecoracion.com\/blog\/wp-content\/uploads\/2021\/03\/Estante-pared-octogonal-nordik-624x416.jpeg 624w, https:\/\/www.artesaniadecoracion.com\/blog\/wp-content\/uploads\/2021\/03\/Estante-pared-octogonal-nordik.jpeg 1152w\" sizes=\"auto, (max-width: 1024px) 100vw, 1024px\" \/><figcaption class=\"blocks-gallery-item__caption\"><b><a target=\"_blank\" href=\"https:\/\/www.artesaniadecoracion.com\/salon-estanterias-colonial-c-802_804_828.html?page=3\" rel=\"noopener\">Estante pared octogonal nordik<\/a><\/b><\/figcaption><\/figure><\/li><\/ul><\/figure>\n","protected":false},"excerpt":{"rendered":"<p>Para el post de esta semana os presentamos la colecci\u00f3n para el sal\u00f3n colonial actual de la serie Nordik, esta l\u00ednea se fabrica en madera de mindi con acabado bicolor, base en color avellana nogal y cajones los frontales en blanco desgastado, disponemos en esta serie de un mueble TV, un librer\u00eda y 2 estanter\u00edas [&hellip;]<\/p>\n","protected":false},"author":2,"featured_media":0,"comment_status":"closed","ping_status":"closed","sticky":false,"template":"","format":"standard","meta":{"om_disable_all_campaigns":false,"footnotes":""},"categories":[1],"tags":[753,754,750,751,752],"class_list":["post-1469","post","type-post","status-publish","format-standard","hentry","category-sin-categoria","tag-libreria-colonial-nordik","tag-mueble-tv-bicolor-blanco-nogal","tag-muebles-coloniales-actuales-nordik","tag-muebles-coloniales-moycor","tag-salon-moycor-colonial"],"aioseo_notices":[],"_links":{"self":[{"href":"https:\/\/www.artesaniadecoracion.com\/blog\/wp-json\/wp\/v2\/posts\/1469","targetHints":{"allow":["GET"]}}],"collection":[{"href":"https:\/\/www.artesaniadecoracion.com\/blog\/wp-json\/wp\/v2\/posts"}],"about":[{"href":"https:\/\/www.artesaniadecoracion.com\/blog\/wp-json\/wp\/v2\/types\/post"}],"author":[{"embeddable":true,"href":"https:\/\/www.artesaniadecoracion.com\/blog\/wp-json\/wp\/v2\/users\/2"}],"replies":[{"embeddable":true,"href":"https:\/\/www.artesaniadecoracion.com\/blog\/wp-json\/wp\/v2\/comments?post=1469"}],"version-history":[{"count":1,"href":"https:\/\/www.artesaniadecoracion.com\/blog\/wp-json\/wp\/v2\/posts\/1469\/revisions"}],"predecessor-version":[{"id":1470,"href":"https:\/\/www.artesaniadecoracion.com\/blog\/wp-json\/wp\/v2\/posts\/1469\/revisions\/1470"}],"wp:attachment":[{"href":"https:\/\/www.artesaniadecoracion.com\/blog\/wp-json\/wp\/v2\/media?parent=1469"}],"wp:term":[{"taxonomy":"category","embeddable":true,"href":"https:\/\/www.artesaniadecoracion.com\/blog\/wp-json\/wp\/v2\/categories?post=1469"},{"taxonomy":"post_tag","embeddable":true,"href":"https:\/\/www.artesaniadecoracion.com\/blog\/wp-json\/wp\/v2\/tags?post=1469"}],"curies":[{"name":"wp","href":"https:\/\/api.w.org\/{rel}","templated":true}]}}