{"id":151,"date":"2018-04-19T17:07:06","date_gmt":"2018-04-19T17:07:06","guid":{"rendered":"http:\/\/www.artesaniadecoracion.com\/blog\/?p=151"},"modified":"2018-04-19T17:07:41","modified_gmt":"2018-04-19T17:07:41","slug":"mesa-y-sillas-terraza-serie-madrid","status":"publish","type":"post","link":"https:\/\/www.artesaniadecoracion.com\/blog\/mesa-y-sillas-terraza-serie-madrid\/","title":{"rendered":"MESA Y SILLAS TERRAZA SERIE MADRID"},"content":{"rendered":"<div id=\"attachment_152\" style=\"width: 810px\" class=\"wp-caption aligncenter\"><a href=\"https:\/\/www.artesaniadecoracion.com\/search.php?categoria=&amp;search=madrid\"><img loading=\"lazy\" decoding=\"async\" aria-describedby=\"caption-attachment-152\" class=\"size-full wp-image-152\" src=\"https:\/\/www.artesaniadecoracion.com\/blog\/wp-content\/uploads\/2018\/04\/conjunto-mesas-sillas-terraza-Madrid.jpg\" alt=\"Conjunto de mesa y sillas de forja serie Madrid\" width=\"800\" height=\"532\" srcset=\"https:\/\/www.artesaniadecoracion.com\/blog\/wp-content\/uploads\/2018\/04\/conjunto-mesas-sillas-terraza-Madrid.jpg 800w, https:\/\/www.artesaniadecoracion.com\/blog\/wp-content\/uploads\/2018\/04\/conjunto-mesas-sillas-terraza-Madrid-300x200.jpg 300w, https:\/\/www.artesaniadecoracion.com\/blog\/wp-content\/uploads\/2018\/04\/conjunto-mesas-sillas-terraza-Madrid-768x511.jpg 768w, https:\/\/www.artesaniadecoracion.com\/blog\/wp-content\/uploads\/2018\/04\/conjunto-mesas-sillas-terraza-Madrid-624x415.jpg 624w\" sizes=\"auto, (max-width: 800px) 100vw, 800px\" \/><\/a><p id=\"caption-attachment-152\" class=\"wp-caption-text\"><a href=\"https:\/\/www.artesaniadecoracion.com\/search.php?categoria=&amp;search=madrid\" target=\"_blank\" rel=\"noopener\"><strong>Conjunto de mesa y sillas de forja serie Madrid<\/strong><\/a><\/p><\/div>\n<p>De nuestra secci\u00f3n de terraza esta semana hemos seleccionado la colecci\u00f3n de forja para la terraza y el jard\u00edn de la serie Madrid una l\u00ednea fabricada con armaz\u00f3n en acero y terminada en 20 colores a elecci\u00f3n del cliente, si est\u00e1 buscando una mesa y sillas resistentes para el exterior esta es una buena elecci\u00f3n.<\/p>\n<div id=\"attachment_153\" style=\"width: 310px\" class=\"wp-caption alignleft\"><a href=\"https:\/\/www.artesaniadecoracion.com\/mesa-forja-madrid-p-2418.html\"><img loading=\"lazy\" decoding=\"async\" aria-describedby=\"caption-attachment-153\" class=\"size-medium wp-image-153\" src=\"https:\/\/www.artesaniadecoracion.com\/blog\/wp-content\/uploads\/2018\/04\/mesa-forja-madrid-1-2418-300x188.jpg\" alt=\"Mesa Forja Madrid\" width=\"300\" height=\"188\" srcset=\"https:\/\/www.artesaniadecoracion.com\/blog\/wp-content\/uploads\/2018\/04\/mesa-forja-madrid-1-2418-300x188.jpg 300w, https:\/\/www.artesaniadecoracion.com\/blog\/wp-content\/uploads\/2018\/04\/mesa-forja-madrid-1-2418.jpg 450w\" sizes=\"auto, (max-width: 300px) 100vw, 300px\" \/><\/a><p id=\"caption-attachment-153\" class=\"wp-caption-text\"><a href=\"https:\/\/www.artesaniadecoracion.com\/mesa-forja-madrid-p-2418.html\" target=\"_blank\" rel=\"noopener\"><strong>Mesa Forja Madrid<\/strong><\/a><\/p><\/div>\n<div id=\"attachment_154\" style=\"width: 310px\" class=\"wp-caption alignright\"><a href=\"https:\/\/www.artesaniadecoracion.com\/sillon-forja-madrid-jardin-p-338.html\"><img loading=\"lazy\" decoding=\"async\" aria-describedby=\"caption-attachment-154\" class=\"size-medium wp-image-154\" src=\"https:\/\/www.artesaniadecoracion.com\/blog\/wp-content\/uploads\/2018\/04\/sillon-forja-madrid-jardin-1-338-300x193.jpg\" alt=\"Sillon Forja Madrid Jardin\" width=\"300\" height=\"193\" srcset=\"https:\/\/www.artesaniadecoracion.com\/blog\/wp-content\/uploads\/2018\/04\/sillon-forja-madrid-jardin-1-338-300x193.jpg 300w, https:\/\/www.artesaniadecoracion.com\/blog\/wp-content\/uploads\/2018\/04\/sillon-forja-madrid-jardin-1-338.jpg 450w\" sizes=\"auto, (max-width: 300px) 100vw, 300px\" \/><\/a><p id=\"caption-attachment-154\" class=\"wp-caption-text\"><strong><a href=\"https:\/\/www.artesaniadecoracion.com\/sillon-forja-madrid-jardin-p-338.html\" target=\"_blank\" rel=\"noopener\">Sillon Forja Madrid Jardin<\/a><\/strong><\/p><\/div>\n","protected":false},"excerpt":{"rendered":"<p>De nuestra secci\u00f3n de terraza esta semana hemos seleccionado la colecci\u00f3n de forja para la terraza y el jard\u00edn de la serie Madrid una l\u00ednea fabricada con armaz\u00f3n en acero y terminada en 20 colores a elecci\u00f3n del cliente, si est\u00e1 buscando una mesa y sillas resistentes para el exterior esta es una buena elecci\u00f3n.<\/p>\n","protected":false},"author":2,"featured_media":0,"comment_status":"open","ping_status":"open","sticky":false,"template":"","format":"standard","meta":{"om_disable_all_campaigns":false,"footnotes":""},"categories":[1],"tags":[42,41,43,39,40],"class_list":["post-151","post","type-post","status-publish","format-standard","hentry","category-sin-categoria","tag-conjuntos-terraza-de-forja","tag-mesas-terraza-forja","tag-muebles-de-jadin-en-forja","tag-sillas-forja-terraza","tag-sillones-terraza-forja"],"aioseo_notices":[],"_links":{"self":[{"href":"https:\/\/www.artesaniadecoracion.com\/blog\/wp-json\/wp\/v2\/posts\/151","targetHints":{"allow":["GET"]}}],"collection":[{"href":"https:\/\/www.artesaniadecoracion.com\/blog\/wp-json\/wp\/v2\/posts"}],"about":[{"href":"https:\/\/www.artesaniadecoracion.com\/blog\/wp-json\/wp\/v2\/types\/post"}],"author":[{"embeddable":true,"href":"https:\/\/www.artesaniadecoracion.com\/blog\/wp-json\/wp\/v2\/users\/2"}],"replies":[{"embeddable":true,"href":"https:\/\/www.artesaniadecoracion.com\/blog\/wp-json\/wp\/v2\/comments?post=151"}],"version-history":[{"count":2,"href":"https:\/\/www.artesaniadecoracion.com\/blog\/wp-json\/wp\/v2\/posts\/151\/revisions"}],"predecessor-version":[{"id":156,"href":"https:\/\/www.artesaniadecoracion.com\/blog\/wp-json\/wp\/v2\/posts\/151\/revisions\/156"}],"wp:attachment":[{"href":"https:\/\/www.artesaniadecoracion.com\/blog\/wp-json\/wp\/v2\/media?parent=151"}],"wp:term":[{"taxonomy":"category","embeddable":true,"href":"https:\/\/www.artesaniadecoracion.com\/blog\/wp-json\/wp\/v2\/categories?post=151"},{"taxonomy":"post_tag","embeddable":true,"href":"https:\/\/www.artesaniadecoracion.com\/blog\/wp-json\/wp\/v2\/tags?post=151"}],"curies":[{"name":"wp","href":"https:\/\/api.w.org\/{rel}","templated":true}]}}