{"id":1667,"date":"2021-11-12T10:00:00","date_gmt":"2021-11-12T09:00:00","guid":{"rendered":"https:\/\/www.artesaniadecoracion.com\/blog\/?p=1667"},"modified":"2021-10-26T18:07:33","modified_gmt":"2021-10-26T16:07:33","slug":"salon-comedor-estilo-contemporaneo-bicolor","status":"publish","type":"post","link":"https:\/\/www.artesaniadecoracion.com\/blog\/salon-comedor-estilo-contemporaneo-bicolor\/","title":{"rendered":"SALON COMEDOR ESTILO CONTEMPORANEO BICOLOR"},"content":{"rendered":"\n<figure class=\"wp-block-image size-large\"><img loading=\"lazy\" decoding=\"async\" width=\"1024\" height=\"806\" src=\"https:\/\/www.artesaniadecoracion.com\/blog\/wp-content\/uploads\/2021\/10\/Salon-Comedor-Bicolor-1024x806.jpg\" alt=\"Salon Comedor Bicolor\" class=\"wp-image-1665\" srcset=\"https:\/\/www.artesaniadecoracion.com\/blog\/wp-content\/uploads\/2021\/10\/Salon-Comedor-Bicolor-1024x806.jpg 1024w, https:\/\/www.artesaniadecoracion.com\/blog\/wp-content\/uploads\/2021\/10\/Salon-Comedor-Bicolor-300x236.jpg 300w, https:\/\/www.artesaniadecoracion.com\/blog\/wp-content\/uploads\/2021\/10\/Salon-Comedor-Bicolor-768x605.jpg 768w, https:\/\/www.artesaniadecoracion.com\/blog\/wp-content\/uploads\/2021\/10\/Salon-Comedor-Bicolor-624x491.jpg 624w, https:\/\/www.artesaniadecoracion.com\/blog\/wp-content\/uploads\/2021\/10\/Salon-Comedor-Bicolor.jpg 1200w\" sizes=\"auto, (max-width: 1024px) 100vw, 1024px\" \/><figcaption>Salon Comedor Bicolor<\/figcaption><\/figure>\n\n\n\n<p>Para el post de esta semana, os presentamos el sal\u00f3n comedor bicolor de la serie Amburz, este comedor dispone de 1 aparador 4 puertas acristalado, una vitrina con 2 puertas tambi\u00e9n acristalada, mesa comedor redonda de 120 y sillas cl\u00e1sica con asiento en fibras naturales, se fabrica en madera de mindi menos las sillas que son de olmo, el acabado combina las puertas en negro con el resto de armaz\u00f3n en madera color miel viejo, tambi\u00e9n disponemos de todos los muebles en acaba miel, os adjuntamos las im\u00e1genes y enlaces de las piezas por separado para que pod\u00e1is ampliar informaci\u00f3n, recordar en nuestros precios est\u00e1 incluido el IVA y los gastos de envi\u00f3.<\/p>\n\n\n\n<figure class=\"wp-block-gallery columns-2 is-cropped wp-block-gallery-1 is-layout-flex wp-block-gallery-is-layout-flex\"><ul class=\"blocks-gallery-grid\"><li class=\"blocks-gallery-item\"><figure><img loading=\"lazy\" decoding=\"async\" width=\"1024\" height=\"1024\" src=\"https:\/\/www.artesaniadecoracion.com\/blog\/wp-content\/uploads\/2021\/10\/Silla-clasica-color-negro-1024x1024.jpeg\" alt=\"Silla clasica color negro\" data-id=\"1666\" data-full-url=\"https:\/\/www.artesaniadecoracion.com\/blog\/wp-content\/uploads\/2021\/10\/Silla-clasica-color-negro.jpeg\" data-link=\"https:\/\/www.artesaniadecoracion.com\/blog\/silla-clasica-color-negro\/\" class=\"wp-image-1666\" srcset=\"https:\/\/www.artesaniadecoracion.com\/blog\/wp-content\/uploads\/2021\/10\/Silla-clasica-color-negro-1024x1024.jpeg 1024w, https:\/\/www.artesaniadecoracion.com\/blog\/wp-content\/uploads\/2021\/10\/Silla-clasica-color-negro-300x300.jpeg 300w, https:\/\/www.artesaniadecoracion.com\/blog\/wp-content\/uploads\/2021\/10\/Silla-clasica-color-negro-150x150.jpeg 150w, https:\/\/www.artesaniadecoracion.com\/blog\/wp-content\/uploads\/2021\/10\/Silla-clasica-color-negro-768x768.jpeg 768w, https:\/\/www.artesaniadecoracion.com\/blog\/wp-content\/uploads\/2021\/10\/Silla-clasica-color-negro-624x624.jpeg 624w, https:\/\/www.artesaniadecoracion.com\/blog\/wp-content\/uploads\/2021\/10\/Silla-clasica-color-negro-72x72.jpeg 72w, https:\/\/www.artesaniadecoracion.com\/blog\/wp-content\/uploads\/2021\/10\/Silla-clasica-color-negro-350x350.jpeg 350w, https:\/\/www.artesaniadecoracion.com\/blog\/wp-content\/uploads\/2021\/10\/Silla-clasica-color-negro.jpeg 1080w\" sizes=\"auto, (max-width: 1024px) 100vw, 1024px\" \/><figcaption class=\"blocks-gallery-item__caption\"><b><a target=\"_blank\" href=\"https:\/\/www.artesaniadecoracion.com\/comedor-sillas-taburetes-contemporaneo-c-907_910_964.html\" rel=\"noopener\">Silla clasica color negro<\/a><\/b><\/figcaption><\/figure><\/li><li class=\"blocks-gallery-item\"><figure><img loading=\"lazy\" decoding=\"async\" width=\"1024\" height=\"1024\" src=\"https:\/\/www.artesaniadecoracion.com\/blog\/wp-content\/uploads\/2021\/10\/Mesa-comedor-redonda-clasica-1024x1024.jpeg\" alt=\"Mesa comedor redonda clasica\" data-id=\"1664\" data-full-url=\"https:\/\/www.artesaniadecoracion.com\/blog\/wp-content\/uploads\/2021\/10\/Mesa-comedor-redonda-clasica.jpeg\" data-link=\"https:\/\/www.artesaniadecoracion.com\/blog\/mesa-comedor-redonda-clasica\/\" class=\"wp-image-1664\" srcset=\"https:\/\/www.artesaniadecoracion.com\/blog\/wp-content\/uploads\/2021\/10\/Mesa-comedor-redonda-clasica-1024x1024.jpeg 1024w, https:\/\/www.artesaniadecoracion.com\/blog\/wp-content\/uploads\/2021\/10\/Mesa-comedor-redonda-clasica-300x300.jpeg 300w, https:\/\/www.artesaniadecoracion.com\/blog\/wp-content\/uploads\/2021\/10\/Mesa-comedor-redonda-clasica-150x150.jpeg 150w, https:\/\/www.artesaniadecoracion.com\/blog\/wp-content\/uploads\/2021\/10\/Mesa-comedor-redonda-clasica-768x768.jpeg 768w, https:\/\/www.artesaniadecoracion.com\/blog\/wp-content\/uploads\/2021\/10\/Mesa-comedor-redonda-clasica-624x624.jpeg 624w, https:\/\/www.artesaniadecoracion.com\/blog\/wp-content\/uploads\/2021\/10\/Mesa-comedor-redonda-clasica-72x72.jpeg 72w, https:\/\/www.artesaniadecoracion.com\/blog\/wp-content\/uploads\/2021\/10\/Mesa-comedor-redonda-clasica-350x350.jpeg 350w, https:\/\/www.artesaniadecoracion.com\/blog\/wp-content\/uploads\/2021\/10\/Mesa-comedor-redonda-clasica.jpeg 1080w\" sizes=\"auto, (max-width: 1024px) 100vw, 1024px\" \/><figcaption class=\"blocks-gallery-item__caption\"><b><a target=\"_blank\" href=\"https:\/\/www.artesaniadecoracion.com\/comedor-mesas-de-comedor-contemporaneo-c-907_908_955.html\" rel=\"noopener\">Mesa comedor redonda clasica<\/a><\/b><\/figcaption><\/figure><\/li><li class=\"blocks-gallery-item\"><figure><img loading=\"lazy\" decoding=\"async\" width=\"1024\" height=\"1024\" src=\"https:\/\/www.artesaniadecoracion.com\/blog\/wp-content\/uploads\/2021\/10\/Aparador-contemporaneo-bicolor-4-puertas-1024x1024.jpeg\" alt=\"Aparador contemporaneo bicolor 4 puertas\" data-id=\"1663\" data-full-url=\"https:\/\/www.artesaniadecoracion.com\/blog\/wp-content\/uploads\/2021\/10\/Aparador-contemporaneo-bicolor-4-puertas.jpeg\" data-link=\"https:\/\/www.artesaniadecoracion.com\/blog\/aparador-contemporaneo-bicolor-4-puertas\/\" class=\"wp-image-1663\" srcset=\"https:\/\/www.artesaniadecoracion.com\/blog\/wp-content\/uploads\/2021\/10\/Aparador-contemporaneo-bicolor-4-puertas-1024x1024.jpeg 1024w, https:\/\/www.artesaniadecoracion.com\/blog\/wp-content\/uploads\/2021\/10\/Aparador-contemporaneo-bicolor-4-puertas-300x300.jpeg 300w, https:\/\/www.artesaniadecoracion.com\/blog\/wp-content\/uploads\/2021\/10\/Aparador-contemporaneo-bicolor-4-puertas-150x150.jpeg 150w, https:\/\/www.artesaniadecoracion.com\/blog\/wp-content\/uploads\/2021\/10\/Aparador-contemporaneo-bicolor-4-puertas-768x768.jpeg 768w, https:\/\/www.artesaniadecoracion.com\/blog\/wp-content\/uploads\/2021\/10\/Aparador-contemporaneo-bicolor-4-puertas-624x624.jpeg 624w, https:\/\/www.artesaniadecoracion.com\/blog\/wp-content\/uploads\/2021\/10\/Aparador-contemporaneo-bicolor-4-puertas-72x72.jpeg 72w, https:\/\/www.artesaniadecoracion.com\/blog\/wp-content\/uploads\/2021\/10\/Aparador-contemporaneo-bicolor-4-puertas-350x350.jpeg 350w, https:\/\/www.artesaniadecoracion.com\/blog\/wp-content\/uploads\/2021\/10\/Aparador-contemporaneo-bicolor-4-puertas.jpeg 1080w\" sizes=\"auto, (max-width: 1024px) 100vw, 1024px\" \/><figcaption class=\"blocks-gallery-item__caption\"><b><a target=\"_blank\" href=\"https:\/\/www.artesaniadecoracion.com\/comedor-aparadores-buffet-contemporaneo-c-907_909_916.html\" rel=\"noopener\">Aparador contemporaneo bicolor 4 puertas<\/a><\/b><\/figcaption><\/figure><\/li><li class=\"blocks-gallery-item\"><figure><img loading=\"lazy\" decoding=\"async\" width=\"1024\" height=\"1024\" src=\"https:\/\/www.artesaniadecoracion.com\/blog\/wp-content\/uploads\/2021\/10\/Alacena-bicolor-clasica-1024x1024.jpeg\" alt=\"Alacena bicolor clasica\" data-id=\"1662\" data-full-url=\"https:\/\/www.artesaniadecoracion.com\/blog\/wp-content\/uploads\/2021\/10\/Alacena-bicolor-clasica.jpeg\" data-link=\"https:\/\/www.artesaniadecoracion.com\/blog\/alacena-bicolor-clasica\/\" class=\"wp-image-1662\" srcset=\"https:\/\/www.artesaniadecoracion.com\/blog\/wp-content\/uploads\/2021\/10\/Alacena-bicolor-clasica-1024x1024.jpeg 1024w, https:\/\/www.artesaniadecoracion.com\/blog\/wp-content\/uploads\/2021\/10\/Alacena-bicolor-clasica-300x300.jpeg 300w, https:\/\/www.artesaniadecoracion.com\/blog\/wp-content\/uploads\/2021\/10\/Alacena-bicolor-clasica-150x150.jpeg 150w, https:\/\/www.artesaniadecoracion.com\/blog\/wp-content\/uploads\/2021\/10\/Alacena-bicolor-clasica-768x768.jpeg 768w, https:\/\/www.artesaniadecoracion.com\/blog\/wp-content\/uploads\/2021\/10\/Alacena-bicolor-clasica-624x624.jpeg 624w, https:\/\/www.artesaniadecoracion.com\/blog\/wp-content\/uploads\/2021\/10\/Alacena-bicolor-clasica-72x72.jpeg 72w, https:\/\/www.artesaniadecoracion.com\/blog\/wp-content\/uploads\/2021\/10\/Alacena-bicolor-clasica-350x350.jpeg 350w, https:\/\/www.artesaniadecoracion.com\/blog\/wp-content\/uploads\/2021\/10\/Alacena-bicolor-clasica.jpeg 1080w\" sizes=\"auto, (max-width: 1024px) 100vw, 1024px\" \/><figcaption class=\"blocks-gallery-item__caption\"><b><a target=\"_blank\" href=\"https:\/\/www.artesaniadecoracion.com\/salon-vitrinas-alacenas-contemporaneo-c-802_809_895.html\" rel=\"noopener\">Alacena bicolor clasica<\/a><\/b><\/figcaption><\/figure><\/li><\/ul><\/figure>\n","protected":false},"excerpt":{"rendered":"<p>Para el post de esta semana, os presentamos el sal\u00f3n comedor bicolor de la serie Amburz, este comedor dispone de 1 aparador 4 puertas acristalado, una vitrina con 2 puertas tambi\u00e9n acristalada, mesa comedor redonda de 120 y sillas cl\u00e1sica con asiento en fibras naturales, se fabrica en madera de mindi menos las sillas que [&hellip;]<\/p>\n","protected":false},"author":2,"featured_media":0,"comment_status":"closed","ping_status":"closed","sticky":false,"template":"","format":"standard","meta":{"om_disable_all_campaigns":false,"footnotes":""},"categories":[1],"tags":[867,868,866,869,870],"class_list":["post-1667","post","type-post","status-publish","format-standard","hentry","category-sin-categoria","tag-aparador-negro-miel-salon","tag-mesa-redonda-clasica-provenzal","tag-muebles-salon-contemporaneo","tag-sillas-clasicas-asiento-mimbre","tag-vitrina-2-puertas-acristaladas"],"aioseo_notices":[],"_links":{"self":[{"href":"https:\/\/www.artesaniadecoracion.com\/blog\/wp-json\/wp\/v2\/posts\/1667","targetHints":{"allow":["GET"]}}],"collection":[{"href":"https:\/\/www.artesaniadecoracion.com\/blog\/wp-json\/wp\/v2\/posts"}],"about":[{"href":"https:\/\/www.artesaniadecoracion.com\/blog\/wp-json\/wp\/v2\/types\/post"}],"author":[{"embeddable":true,"href":"https:\/\/www.artesaniadecoracion.com\/blog\/wp-json\/wp\/v2\/users\/2"}],"replies":[{"embeddable":true,"href":"https:\/\/www.artesaniadecoracion.com\/blog\/wp-json\/wp\/v2\/comments?post=1667"}],"version-history":[{"count":1,"href":"https:\/\/www.artesaniadecoracion.com\/blog\/wp-json\/wp\/v2\/posts\/1667\/revisions"}],"predecessor-version":[{"id":1668,"href":"https:\/\/www.artesaniadecoracion.com\/blog\/wp-json\/wp\/v2\/posts\/1667\/revisions\/1668"}],"wp:attachment":[{"href":"https:\/\/www.artesaniadecoracion.com\/blog\/wp-json\/wp\/v2\/media?parent=1667"}],"wp:term":[{"taxonomy":"category","embeddable":true,"href":"https:\/\/www.artesaniadecoracion.com\/blog\/wp-json\/wp\/v2\/categories?post=1667"},{"taxonomy":"post_tag","embeddable":true,"href":"https:\/\/www.artesaniadecoracion.com\/blog\/wp-json\/wp\/v2\/tags?post=1667"}],"curies":[{"name":"wp","href":"https:\/\/api.w.org\/{rel}","templated":true}]}}