{"id":1681,"date":"2021-11-26T10:00:00","date_gmt":"2021-11-26T09:00:00","guid":{"rendered":"https:\/\/www.artesaniadecoracion.com\/blog\/?p=1681"},"modified":"2021-11-09T18:55:03","modified_gmt":"2021-11-09T17:55:03","slug":"cuarto-de-estar-colonial-flamingo","status":"publish","type":"post","link":"https:\/\/www.artesaniadecoracion.com\/blog\/cuarto-de-estar-colonial-flamingo\/","title":{"rendered":"CUARTO DE ESTAR COLONIAL FLAMINGO"},"content":{"rendered":"\n<figure class=\"wp-block-image size-large\"><img loading=\"lazy\" decoding=\"async\" width=\"800\" height=\"593\" src=\"https:\/\/www.artesaniadecoracion.com\/blog\/wp-content\/uploads\/2021\/11\/Salon-Colonial-Flamingo.jpg\" alt=\"Salon Colonial Flamingo\" class=\"wp-image-1679\" srcset=\"https:\/\/www.artesaniadecoracion.com\/blog\/wp-content\/uploads\/2021\/11\/Salon-Colonial-Flamingo.jpg 800w, https:\/\/www.artesaniadecoracion.com\/blog\/wp-content\/uploads\/2021\/11\/Salon-Colonial-Flamingo-300x222.jpg 300w, https:\/\/www.artesaniadecoracion.com\/blog\/wp-content\/uploads\/2021\/11\/Salon-Colonial-Flamingo-768x569.jpg 768w, https:\/\/www.artesaniadecoracion.com\/blog\/wp-content\/uploads\/2021\/11\/Salon-Colonial-Flamingo-624x463.jpg 624w\" sizes=\"auto, (max-width: 800px) 100vw, 800px\" \/><figcaption>Salon Colonial Flamingo<\/figcaption><\/figure>\n\n\n\n<p>Esta semana os presentamos el cuarto de esta estilo colonial de la colecci\u00f3n Flamingo de Moycor, esta serie se fabrica con madera maciza de mindi combinada con fdm en traseras y cajones, el acabado es en color nogal avellana y los tiradores son met\u00e1licos color oro viejo, disponemos en la imagen superior de un mueble TV, dos vitrinas acristaladas, 2 mesas bajas cuadradas y 2 sillones en madera y anea bajos, al final de este post os adjuntamos las im\u00e1genes de las diferentes piezas y los enlaces para que pod\u00e1is ampliar informaci\u00f3n.<\/p>\n\n\n\n<figure class=\"wp-block-gallery columns-2 is-cropped wp-block-gallery-1 is-layout-flex wp-block-gallery-is-layout-flex\"><ul class=\"blocks-gallery-grid\"><li class=\"blocks-gallery-item\"><figure><img loading=\"lazy\" decoding=\"async\" width=\"938\" height=\"1024\" src=\"https:\/\/www.artesaniadecoracion.com\/blog\/wp-content\/uploads\/2021\/11\/Sillon-colonial-clasico-anea-938x1024.jpeg\" alt=\"Sillon colonial clasico anea\" data-id=\"1680\" data-full-url=\"https:\/\/www.artesaniadecoracion.com\/blog\/wp-content\/uploads\/2021\/11\/Sillon-colonial-clasico-anea.jpeg\" data-link=\"https:\/\/www.artesaniadecoracion.com\/blog\/sillon-colonial-clasico-anea\/\" class=\"wp-image-1680\" srcset=\"https:\/\/www.artesaniadecoracion.com\/blog\/wp-content\/uploads\/2021\/11\/Sillon-colonial-clasico-anea-938x1024.jpeg 938w, https:\/\/www.artesaniadecoracion.com\/blog\/wp-content\/uploads\/2021\/11\/Sillon-colonial-clasico-anea-275x300.jpeg 275w, https:\/\/www.artesaniadecoracion.com\/blog\/wp-content\/uploads\/2021\/11\/Sillon-colonial-clasico-anea-768x838.jpeg 768w, https:\/\/www.artesaniadecoracion.com\/blog\/wp-content\/uploads\/2021\/11\/Sillon-colonial-clasico-anea-624x681.jpeg 624w, https:\/\/www.artesaniadecoracion.com\/blog\/wp-content\/uploads\/2021\/11\/Sillon-colonial-clasico-anea.jpeg 1150w\" sizes=\"auto, (max-width: 938px) 100vw, 938px\" \/><figcaption class=\"blocks-gallery-item__caption\"><b><a target=\"_blank\" href=\"https:\/\/www.artesaniadecoracion.com\/salon-sofas-sillones-mimbre-c-802_807_881.html\" rel=\"noopener\">Sillon colonial clasico anea<\/a><\/b><\/figcaption><\/figure><\/li><li class=\"blocks-gallery-item\"><figure><img loading=\"lazy\" decoding=\"async\" width=\"1024\" height=\"532\" src=\"https:\/\/www.artesaniadecoracion.com\/blog\/wp-content\/uploads\/2021\/11\/Mueble-bajo-TV-colonial-Flamingo-1024x532.jpeg\" alt=\"Mueble bajo TV colonial Flamingo\" data-id=\"1678\" data-full-url=\"https:\/\/www.artesaniadecoracion.com\/blog\/wp-content\/uploads\/2021\/11\/Mueble-bajo-TV-colonial-Flamingo.jpeg\" data-link=\"https:\/\/www.artesaniadecoracion.com\/blog\/mueble-bajo-tv-colonial-flamingo\/\" class=\"wp-image-1678\" srcset=\"https:\/\/www.artesaniadecoracion.com\/blog\/wp-content\/uploads\/2021\/11\/Mueble-bajo-TV-colonial-Flamingo-1024x532.jpeg 1024w, https:\/\/www.artesaniadecoracion.com\/blog\/wp-content\/uploads\/2021\/11\/Mueble-bajo-TV-colonial-Flamingo-300x156.jpeg 300w, https:\/\/www.artesaniadecoracion.com\/blog\/wp-content\/uploads\/2021\/11\/Mueble-bajo-TV-colonial-Flamingo-768x399.jpeg 768w, https:\/\/www.artesaniadecoracion.com\/blog\/wp-content\/uploads\/2021\/11\/Mueble-bajo-TV-colonial-Flamingo-624x324.jpeg 624w, https:\/\/www.artesaniadecoracion.com\/blog\/wp-content\/uploads\/2021\/11\/Mueble-bajo-TV-colonial-Flamingo.jpeg 1065w\" sizes=\"auto, (max-width: 1024px) 100vw, 1024px\" \/><figcaption class=\"blocks-gallery-item__caption\"><b><a target=\"_blank\" href=\"https:\/\/www.artesaniadecoracion.com\/salon-mueble-television-colonial-c-802_806_846.html\" rel=\"noopener\">Mueble bajo TV colonial Flamingo<\/a><\/b><\/figcaption><\/figure><\/li><li class=\"blocks-gallery-item\"><figure><img loading=\"lazy\" decoding=\"async\" width=\"938\" height=\"1024\" src=\"https:\/\/www.artesaniadecoracion.com\/blog\/wp-content\/uploads\/2021\/11\/Alacena-acristalada-colonial-Flamingo-938x1024.jpeg\" alt=\"Alacena acristalada colonial Flamingo\" data-id=\"1676\" data-full-url=\"https:\/\/www.artesaniadecoracion.com\/blog\/wp-content\/uploads\/2021\/11\/Alacena-acristalada-colonial-Flamingo.jpeg\" data-link=\"https:\/\/www.artesaniadecoracion.com\/blog\/alacena-acristalada-colonial-flamingo\/\" class=\"wp-image-1676\" srcset=\"https:\/\/www.artesaniadecoracion.com\/blog\/wp-content\/uploads\/2021\/11\/Alacena-acristalada-colonial-Flamingo-938x1024.jpeg 938w, https:\/\/www.artesaniadecoracion.com\/blog\/wp-content\/uploads\/2021\/11\/Alacena-acristalada-colonial-Flamingo-275x300.jpeg 275w, https:\/\/www.artesaniadecoracion.com\/blog\/wp-content\/uploads\/2021\/11\/Alacena-acristalada-colonial-Flamingo-768x838.jpeg 768w, https:\/\/www.artesaniadecoracion.com\/blog\/wp-content\/uploads\/2021\/11\/Alacena-acristalada-colonial-Flamingo-624x681.jpeg 624w, https:\/\/www.artesaniadecoracion.com\/blog\/wp-content\/uploads\/2021\/11\/Alacena-acristalada-colonial-Flamingo.jpeg 1150w\" sizes=\"auto, (max-width: 938px) 100vw, 938px\" \/><figcaption class=\"blocks-gallery-item__caption\"><b><a target=\"_blank\" href=\"https:\/\/www.artesaniadecoracion.com\/salon-vitrinas-alacenas-colonial-c-802_809_893.html?page=2\" rel=\"noopener\">Alacena acristalada colonial Flamingo<\/a><\/b><\/figcaption><\/figure><\/li><li class=\"blocks-gallery-item\"><figure><img loading=\"lazy\" decoding=\"async\" width=\"1024\" height=\"777\" src=\"https:\/\/www.artesaniadecoracion.com\/blog\/wp-content\/uploads\/2021\/11\/Mesa-cuadrada-colonial-baja-1024x777.jpeg\" alt=\"Mesa cuadrada colonial baja\" data-id=\"1677\" data-full-url=\"https:\/\/www.artesaniadecoracion.com\/blog\/wp-content\/uploads\/2021\/11\/Mesa-cuadrada-colonial-baja.jpeg\" data-link=\"https:\/\/www.artesaniadecoracion.com\/blog\/mesa-cuadrada-colonial-baja\/\" class=\"wp-image-1677\" srcset=\"https:\/\/www.artesaniadecoracion.com\/blog\/wp-content\/uploads\/2021\/11\/Mesa-cuadrada-colonial-baja-1024x777.jpeg 1024w, https:\/\/www.artesaniadecoracion.com\/blog\/wp-content\/uploads\/2021\/11\/Mesa-cuadrada-colonial-baja-300x228.jpeg 300w, https:\/\/www.artesaniadecoracion.com\/blog\/wp-content\/uploads\/2021\/11\/Mesa-cuadrada-colonial-baja-768x583.jpeg 768w, https:\/\/www.artesaniadecoracion.com\/blog\/wp-content\/uploads\/2021\/11\/Mesa-cuadrada-colonial-baja-624x473.jpeg 624w, https:\/\/www.artesaniadecoracion.com\/blog\/wp-content\/uploads\/2021\/11\/Mesa-cuadrada-colonial-baja.jpeg 1044w\" sizes=\"auto, (max-width: 1024px) 100vw, 1024px\" \/><figcaption class=\"blocks-gallery-item__caption\"><b><a target=\"_blank\" href=\"https:\/\/www.artesaniadecoracion.com\/salon-mesas-de-centro-colonial-c-802_805_862.html?page=3\" rel=\"noopener\">Mesa cuadrada colonial baja<\/a><\/b><\/figcaption><\/figure><\/li><\/ul><\/figure>\n","protected":false},"excerpt":{"rendered":"<p>Esta semana os presentamos el cuarto de esta estilo colonial de la colecci\u00f3n Flamingo de Moycor, esta serie se fabrica con madera maciza de mindi combinada con fdm en traseras y cajones, el acabado es en color nogal avellana y los tiradores son met\u00e1licos color oro viejo, disponemos en la imagen superior de un mueble [&hellip;]<\/p>\n","protected":false},"author":2,"featured_media":0,"comment_status":"closed","ping_status":"closed","sticky":false,"template":"","format":"standard","meta":{"om_disable_all_campaigns":false,"footnotes":""},"categories":[1],"tags":[877,876,879,878],"class_list":["post-1681","post","type-post","status-publish","format-standard","hentry","category-sin-categoria","tag-mesas-bajas-coloniales","tag-salon-colonial-flamingo-de-moycor","tag-sillon-madera-anea-clasico","tag-vitrina-alacena-colonial-acristalada"],"aioseo_notices":[],"_links":{"self":[{"href":"https:\/\/www.artesaniadecoracion.com\/blog\/wp-json\/wp\/v2\/posts\/1681","targetHints":{"allow":["GET"]}}],"collection":[{"href":"https:\/\/www.artesaniadecoracion.com\/blog\/wp-json\/wp\/v2\/posts"}],"about":[{"href":"https:\/\/www.artesaniadecoracion.com\/blog\/wp-json\/wp\/v2\/types\/post"}],"author":[{"embeddable":true,"href":"https:\/\/www.artesaniadecoracion.com\/blog\/wp-json\/wp\/v2\/users\/2"}],"replies":[{"embeddable":true,"href":"https:\/\/www.artesaniadecoracion.com\/blog\/wp-json\/wp\/v2\/comments?post=1681"}],"version-history":[{"count":1,"href":"https:\/\/www.artesaniadecoracion.com\/blog\/wp-json\/wp\/v2\/posts\/1681\/revisions"}],"predecessor-version":[{"id":1682,"href":"https:\/\/www.artesaniadecoracion.com\/blog\/wp-json\/wp\/v2\/posts\/1681\/revisions\/1682"}],"wp:attachment":[{"href":"https:\/\/www.artesaniadecoracion.com\/blog\/wp-json\/wp\/v2\/media?parent=1681"}],"wp:term":[{"taxonomy":"category","embeddable":true,"href":"https:\/\/www.artesaniadecoracion.com\/blog\/wp-json\/wp\/v2\/categories?post=1681"},{"taxonomy":"post_tag","embeddable":true,"href":"https:\/\/www.artesaniadecoracion.com\/blog\/wp-json\/wp\/v2\/tags?post=1681"}],"curies":[{"name":"wp","href":"https:\/\/api.w.org\/{rel}","templated":true}]}}