{"id":181,"date":"2018-05-18T10:47:58","date_gmt":"2018-05-18T10:47:58","guid":{"rendered":"http:\/\/www.artesaniadecoracion.com\/blog\/?p=181"},"modified":"2018-05-18T10:47:58","modified_gmt":"2018-05-18T10:47:58","slug":"muebles-industriales-en-colores-decape","status":"publish","type":"post","link":"https:\/\/www.artesaniadecoracion.com\/blog\/muebles-industriales-en-colores-decape\/","title":{"rendered":"MUEBLES INDUSTRIALES EN COLORES DECAPE"},"content":{"rendered":"<div id=\"attachment_182\" style=\"width: 810px\" class=\"wp-caption aligncenter\"><a href=\"https:\/\/www.artesaniadecoracion.com\/all_manufacturers.php?smat=decape-colores\"><img loading=\"lazy\" decoding=\"async\" aria-describedby=\"caption-attachment-182\" class=\"size-full wp-image-182\" src=\"https:\/\/www.artesaniadecoracion.com\/blog\/wp-content\/uploads\/2018\/05\/Mubles-para-el-comedor-rustico-decape-colores.jpg\" alt=\"\" width=\"800\" height=\"454\" srcset=\"https:\/\/www.artesaniadecoracion.com\/blog\/wp-content\/uploads\/2018\/05\/Mubles-para-el-comedor-rustico-decape-colores.jpg 800w, https:\/\/www.artesaniadecoracion.com\/blog\/wp-content\/uploads\/2018\/05\/Mubles-para-el-comedor-rustico-decape-colores-300x170.jpg 300w, https:\/\/www.artesaniadecoracion.com\/blog\/wp-content\/uploads\/2018\/05\/Mubles-para-el-comedor-rustico-decape-colores-768x436.jpg 768w, https:\/\/www.artesaniadecoracion.com\/blog\/wp-content\/uploads\/2018\/05\/Mubles-para-el-comedor-rustico-decape-colores-624x354.jpg 624w\" sizes=\"auto, (max-width: 800px) 100vw, 800px\" \/><\/a><p id=\"caption-attachment-182\" class=\"wp-caption-text\"><a href=\"https:\/\/www.artesaniadecoracion.com\/all_manufacturers.php?smat=decape-colores\" target=\"_blank\" rel=\"noopener\"><strong>Mueble de comedor en decape colores<\/strong><\/a><\/p><\/div>\n<p>Hoy os presentamos la nueva serie de muebles estilo industrial con acabados en colores decape, esta colecci\u00f3n se fabrica en madera maciza reciclada de mango y se termina con un decapado manual sobre colores envejecidos, esta l\u00ednea est\u00e1 indicada en decoraciones actuales de tipo rustico industrial.<\/p>\n<div id=\"attachment_185\" style=\"width: 160px\" class=\"wp-caption alignleft\"><a href=\"https:\/\/www.artesaniadecoracion.com\/comedor-sillas-taburetes-piel-c-907_910_971.html\"><img loading=\"lazy\" decoding=\"async\" aria-describedby=\"caption-attachment-185\" class=\"size-thumbnail wp-image-185\" src=\"https:\/\/www.artesaniadecoracion.com\/blog\/wp-content\/uploads\/2018\/05\/silla-de-acero-y-piel-natural-serie-ambrus-1-18672-150x150.jpeg\" alt=\"\" width=\"150\" height=\"150\" srcset=\"https:\/\/www.artesaniadecoracion.com\/blog\/wp-content\/uploads\/2018\/05\/silla-de-acero-y-piel-natural-serie-ambrus-1-18672-150x150.jpeg 150w, https:\/\/www.artesaniadecoracion.com\/blog\/wp-content\/uploads\/2018\/05\/silla-de-acero-y-piel-natural-serie-ambrus-1-18672-72x72.jpeg 72w, https:\/\/www.artesaniadecoracion.com\/blog\/wp-content\/uploads\/2018\/05\/silla-de-acero-y-piel-natural-serie-ambrus-1-18672-350x350.jpeg 350w\" sizes=\"auto, (max-width: 150px) 100vw, 150px\" \/><\/a><p id=\"caption-attachment-185\" class=\"wp-caption-text\"><a href=\"https:\/\/www.artesaniadecoracion.com\/comedor-sillas-taburetes-piel-c-907_910_971.html\" target=\"_blank\" rel=\"noopener\">Silla de Acero y Piel Natural Serie Ambrus<\/a><\/p><\/div>\n<div id=\"attachment_184\" style=\"width: 160px\" class=\"wp-caption alignleft\"><a href=\"https:\/\/www.artesaniadecoracion.com\/comedor-mesas-de-comedor-industrial-c-907_908_951.html\"><img loading=\"lazy\" decoding=\"async\" aria-describedby=\"caption-attachment-184\" class=\"size-thumbnail wp-image-184\" src=\"https:\/\/www.artesaniadecoracion.com\/blog\/wp-content\/uploads\/2018\/05\/mesa-grande-forja-madera-elevable-albany-1-16009-150x150.jpg\" alt=\"\" width=\"150\" height=\"150\" srcset=\"https:\/\/www.artesaniadecoracion.com\/blog\/wp-content\/uploads\/2018\/05\/mesa-grande-forja-madera-elevable-albany-1-16009-150x150.jpg 150w, https:\/\/www.artesaniadecoracion.com\/blog\/wp-content\/uploads\/2018\/05\/mesa-grande-forja-madera-elevable-albany-1-16009-72x72.jpg 72w, https:\/\/www.artesaniadecoracion.com\/blog\/wp-content\/uploads\/2018\/05\/mesa-grande-forja-madera-elevable-albany-1-16009-350x350.jpg 350w\" sizes=\"auto, (max-width: 150px) 100vw, 150px\" \/><\/a><p id=\"caption-attachment-184\" class=\"wp-caption-text\"><a href=\"https:\/\/www.artesaniadecoracion.com\/comedor-mesas-de-comedor-industrial-c-907_908_951.html\" target=\"_blank\" rel=\"noopener\">Mesa Grande Forja Madera Elevable Albany<\/a><\/p><\/div>\n<div id=\"attachment_186\" style=\"width: 160px\" class=\"wp-caption alignleft\"><a href=\"https:\/\/www.artesaniadecoracion.com\/salon-vitrinas-alacenas-decape-colores-c-802_809_897.html\"><img loading=\"lazy\" decoding=\"async\" aria-describedby=\"caption-attachment-186\" class=\"size-thumbnail wp-image-186\" src=\"https:\/\/www.artesaniadecoracion.com\/blog\/wp-content\/uploads\/2018\/05\/vitrina-3-puertas-1-cajon-abarna-1-17303-150x150.jpg\" alt=\"\" width=\"150\" height=\"150\" srcset=\"https:\/\/www.artesaniadecoracion.com\/blog\/wp-content\/uploads\/2018\/05\/vitrina-3-puertas-1-cajon-abarna-1-17303-150x150.jpg 150w, https:\/\/www.artesaniadecoracion.com\/blog\/wp-content\/uploads\/2018\/05\/vitrina-3-puertas-1-cajon-abarna-1-17303-72x72.jpg 72w, https:\/\/www.artesaniadecoracion.com\/blog\/wp-content\/uploads\/2018\/05\/vitrina-3-puertas-1-cajon-abarna-1-17303-350x350.jpg 350w\" sizes=\"auto, (max-width: 150px) 100vw, 150px\" \/><\/a><p id=\"caption-attachment-186\" class=\"wp-caption-text\"><a href=\"https:\/\/www.artesaniadecoracion.com\/salon-vitrinas-alacenas-decape-colores-c-802_809_897.html\" target=\"_blank\" rel=\"noopener\">Vitrina 3 Puertas 1 Cajon Abarna<\/a><\/p><\/div>\n<div id=\"attachment_183\" style=\"width: 160px\" class=\"wp-caption alignleft\"><a href=\"https:\/\/www.artesaniadecoracion.com\/comedor-aparadores-buffet-decape-colores-c-907_909_918.html\"><img loading=\"lazy\" decoding=\"async\" aria-describedby=\"caption-attachment-183\" class=\"size-thumbnail wp-image-183\" src=\"https:\/\/www.artesaniadecoracion.com\/blog\/wp-content\/uploads\/2018\/05\/aparador-grande-2-puertas-3-cajones-abarna-1-17299-150x150.jpg\" alt=\"\" width=\"150\" height=\"150\" srcset=\"https:\/\/www.artesaniadecoracion.com\/blog\/wp-content\/uploads\/2018\/05\/aparador-grande-2-puertas-3-cajones-abarna-1-17299-150x150.jpg 150w, https:\/\/www.artesaniadecoracion.com\/blog\/wp-content\/uploads\/2018\/05\/aparador-grande-2-puertas-3-cajones-abarna-1-17299-72x72.jpg 72w, https:\/\/www.artesaniadecoracion.com\/blog\/wp-content\/uploads\/2018\/05\/aparador-grande-2-puertas-3-cajones-abarna-1-17299-350x350.jpg 350w\" sizes=\"auto, (max-width: 150px) 100vw, 150px\" \/><\/a><p id=\"caption-attachment-183\" class=\"wp-caption-text\"><a href=\"https:\/\/www.artesaniadecoracion.com\/comedor-aparadores-buffet-decape-colores-c-907_909_918.html\" target=\"_blank\" rel=\"noopener\">Aparador Grande 2 Puertas 3 Cajones Abarna<\/a><\/p><\/div>\n","protected":false},"excerpt":{"rendered":"<p>Hoy os presentamos la nueva serie de muebles estilo industrial con acabados en colores decape, esta colecci\u00f3n se fabrica en madera maciza reciclada de mango y se termina con un decapado manual sobre colores envejecidos, esta l\u00ednea est\u00e1 indicada en decoraciones actuales de tipo rustico industrial.<\/p>\n","protected":false},"author":2,"featured_media":0,"comment_status":"open","ping_status":"open","sticky":false,"template":"","format":"standard","meta":{"om_disable_all_campaigns":false,"footnotes":""},"categories":[5],"tags":[53,56,54,55],"class_list":["post-181","post","type-post","status-publish","format-standard","hentry","category-salones","tag-comedor-salon-industrial","tag-muebles-comedor-industrial","tag-muebles-comedor-rusticos-decolorados","tag-muebles-salon-comedor-decape-colores"],"aioseo_notices":[],"_links":{"self":[{"href":"https:\/\/www.artesaniadecoracion.com\/blog\/wp-json\/wp\/v2\/posts\/181","targetHints":{"allow":["GET"]}}],"collection":[{"href":"https:\/\/www.artesaniadecoracion.com\/blog\/wp-json\/wp\/v2\/posts"}],"about":[{"href":"https:\/\/www.artesaniadecoracion.com\/blog\/wp-json\/wp\/v2\/types\/post"}],"author":[{"embeddable":true,"href":"https:\/\/www.artesaniadecoracion.com\/blog\/wp-json\/wp\/v2\/users\/2"}],"replies":[{"embeddable":true,"href":"https:\/\/www.artesaniadecoracion.com\/blog\/wp-json\/wp\/v2\/comments?post=181"}],"version-history":[{"count":1,"href":"https:\/\/www.artesaniadecoracion.com\/blog\/wp-json\/wp\/v2\/posts\/181\/revisions"}],"predecessor-version":[{"id":187,"href":"https:\/\/www.artesaniadecoracion.com\/blog\/wp-json\/wp\/v2\/posts\/181\/revisions\/187"}],"wp:attachment":[{"href":"https:\/\/www.artesaniadecoracion.com\/blog\/wp-json\/wp\/v2\/media?parent=181"}],"wp:term":[{"taxonomy":"category","embeddable":true,"href":"https:\/\/www.artesaniadecoracion.com\/blog\/wp-json\/wp\/v2\/categories?post=181"},{"taxonomy":"post_tag","embeddable":true,"href":"https:\/\/www.artesaniadecoracion.com\/blog\/wp-json\/wp\/v2\/tags?post=181"}],"curies":[{"name":"wp","href":"https:\/\/api.w.org\/{rel}","templated":true}]}}