{"id":1812,"date":"2022-04-01T10:00:00","date_gmt":"2022-04-01T08:00:00","guid":{"rendered":"https:\/\/www.artesaniadecoracion.com\/blog\/?p=1812"},"modified":"2022-03-07T20:04:53","modified_gmt":"2022-03-07T19:04:53","slug":"dormitorio-actual-en-madera-y-tejido-rattan-serie-bracke","status":"publish","type":"post","link":"https:\/\/www.artesaniadecoracion.com\/blog\/dormitorio-actual-en-madera-y-tejido-rattan-serie-bracke\/","title":{"rendered":"DORMITORIO ACTUAL EN MADERA Y TEJIDO RATTAN SERIE BRACKE"},"content":{"rendered":"\n<figure class=\"wp-block-image size-large is-resized\"><img loading=\"lazy\" decoding=\"async\" src=\"https:\/\/www.artesaniadecoracion.com\/blog\/wp-content\/uploads\/2022\/03\/dormitorio-madera-rattan.jpg\" alt=\"Dormitorio madera rattan actual\" class=\"wp-image-1810\" width=\"580\" height=\"325\" srcset=\"https:\/\/www.artesaniadecoracion.com\/blog\/wp-content\/uploads\/2022\/03\/dormitorio-madera-rattan.jpg 900w, https:\/\/www.artesaniadecoracion.com\/blog\/wp-content\/uploads\/2022\/03\/dormitorio-madera-rattan-300x168.jpg 300w, https:\/\/www.artesaniadecoracion.com\/blog\/wp-content\/uploads\/2022\/03\/dormitorio-madera-rattan-768x431.jpg 768w, https:\/\/www.artesaniadecoracion.com\/blog\/wp-content\/uploads\/2022\/03\/dormitorio-madera-rattan-624x350.jpg 624w\" sizes=\"auto, (max-width: 580px) 100vw, 580px\" \/><figcaption>Dormitorio madera rattan actual<\/figcaption><\/figure>\n\n\n\n<p>De nuestra secci\u00f3n en dormitorios de rattan, esta semana os presentamos la nueva colecci\u00f3n Bracke, esta serie consta de diferentes piezas para sal\u00f3n o dormitorio, se fabrican con madera de abeto y fdm acabado natural, las puertas y cajones esta decorados con tejido de rattan natural, en la imagen superior tenemos un cabecero para cama de 150 cm, mesita de noche y c\u00f3moda, os adjuntamos las im\u00e1genes y los enlaces de las diferentes piezas por separado.<\/p>\n\n\n\n<figure class=\"wp-block-gallery columns-3 is-cropped wp-block-gallery-1 is-layout-flex wp-block-gallery-is-layout-flex\"><ul class=\"blocks-gallery-grid\"><li class=\"blocks-gallery-item\"><figure><img loading=\"lazy\" decoding=\"async\" width=\"1000\" height=\"1000\" src=\"https:\/\/www.artesaniadecoracion.com\/blog\/wp-content\/uploads\/2022\/03\/mesita-de-noche-3-cajones-madera-rattan.jpeg\" alt=\"Mesita de noche 3 cajones madera rattan\" data-id=\"1811\" data-full-url=\"https:\/\/www.artesaniadecoracion.com\/blog\/wp-content\/uploads\/2022\/03\/mesita-de-noche-3-cajones-madera-rattan.jpeg\" data-link=\"https:\/\/www.artesaniadecoracion.com\/blog\/mesita-de-noche-3-cajones-madera-rattan\/\" class=\"wp-image-1811\" srcset=\"https:\/\/www.artesaniadecoracion.com\/blog\/wp-content\/uploads\/2022\/03\/mesita-de-noche-3-cajones-madera-rattan.jpeg 1000w, https:\/\/www.artesaniadecoracion.com\/blog\/wp-content\/uploads\/2022\/03\/mesita-de-noche-3-cajones-madera-rattan-300x300.jpeg 300w, https:\/\/www.artesaniadecoracion.com\/blog\/wp-content\/uploads\/2022\/03\/mesita-de-noche-3-cajones-madera-rattan-150x150.jpeg 150w, https:\/\/www.artesaniadecoracion.com\/blog\/wp-content\/uploads\/2022\/03\/mesita-de-noche-3-cajones-madera-rattan-768x768.jpeg 768w, https:\/\/www.artesaniadecoracion.com\/blog\/wp-content\/uploads\/2022\/03\/mesita-de-noche-3-cajones-madera-rattan-624x624.jpeg 624w, https:\/\/www.artesaniadecoracion.com\/blog\/wp-content\/uploads\/2022\/03\/mesita-de-noche-3-cajones-madera-rattan-72x72.jpeg 72w, https:\/\/www.artesaniadecoracion.com\/blog\/wp-content\/uploads\/2022\/03\/mesita-de-noche-3-cajones-madera-rattan-350x350.jpeg 350w\" sizes=\"auto, (max-width: 1000px) 100vw, 1000px\" \/><figcaption class=\"blocks-gallery-item__caption\"><b><a target=\"_blank\" href=\"https:\/\/www.artesaniadecoracion.com\/dormitorio-mesillas-de-noche-actual-c-1002_1008_1073.html\" rel=\"noopener\">Mesita de noche 3 cajones madera rattan<\/a><\/b><\/figcaption><\/figure><\/li><li class=\"blocks-gallery-item\"><figure><img loading=\"lazy\" decoding=\"async\" width=\"1000\" height=\"1000\" src=\"https:\/\/www.artesaniadecoracion.com\/blog\/wp-content\/uploads\/2022\/03\/Comoda-3-cajones-puerta-en-madera-y-rattan-natural.jpeg\" alt=\"Comoda 3 cajones puerta en madera y rattan natural\" data-id=\"1809\" data-full-url=\"https:\/\/www.artesaniadecoracion.com\/blog\/wp-content\/uploads\/2022\/03\/Comoda-3-cajones-puerta-en-madera-y-rattan-natural.jpeg\" data-link=\"https:\/\/www.artesaniadecoracion.com\/blog\/comoda-3-cajones-puerta-en-madera-y-rattan-natural\/\" class=\"wp-image-1809\" srcset=\"https:\/\/www.artesaniadecoracion.com\/blog\/wp-content\/uploads\/2022\/03\/Comoda-3-cajones-puerta-en-madera-y-rattan-natural.jpeg 1000w, https:\/\/www.artesaniadecoracion.com\/blog\/wp-content\/uploads\/2022\/03\/Comoda-3-cajones-puerta-en-madera-y-rattan-natural-300x300.jpeg 300w, https:\/\/www.artesaniadecoracion.com\/blog\/wp-content\/uploads\/2022\/03\/Comoda-3-cajones-puerta-en-madera-y-rattan-natural-150x150.jpeg 150w, https:\/\/www.artesaniadecoracion.com\/blog\/wp-content\/uploads\/2022\/03\/Comoda-3-cajones-puerta-en-madera-y-rattan-natural-768x768.jpeg 768w, https:\/\/www.artesaniadecoracion.com\/blog\/wp-content\/uploads\/2022\/03\/Comoda-3-cajones-puerta-en-madera-y-rattan-natural-624x624.jpeg 624w, https:\/\/www.artesaniadecoracion.com\/blog\/wp-content\/uploads\/2022\/03\/Comoda-3-cajones-puerta-en-madera-y-rattan-natural-72x72.jpeg 72w, https:\/\/www.artesaniadecoracion.com\/blog\/wp-content\/uploads\/2022\/03\/Comoda-3-cajones-puerta-en-madera-y-rattan-natural-350x350.jpeg 350w\" sizes=\"auto, (max-width: 1000px) 100vw, 1000px\" \/><figcaption class=\"blocks-gallery-item__caption\"><b><a target=\"_blank\" href=\"https:\/\/www.artesaniadecoracion.com\/dormitorio-mesillas-de-noche-actual-c-1002_1008_1073.html\" rel=\"noopener\">Comoda 3 cajones puerta en madera y rattan natural<\/a><\/b><\/figcaption><\/figure><\/li><li class=\"blocks-gallery-item\"><figure><img loading=\"lazy\" decoding=\"async\" width=\"1000\" height=\"1000\" src=\"https:\/\/www.artesaniadecoracion.com\/blog\/wp-content\/uploads\/2022\/03\/Cabecero-madera-tejido-rattan-actual.jpeg\" alt=\"Cabecero madera tejido rattan actual\" data-id=\"1808\" data-full-url=\"https:\/\/www.artesaniadecoracion.com\/blog\/wp-content\/uploads\/2022\/03\/Cabecero-madera-tejido-rattan-actual.jpeg\" data-link=\"https:\/\/www.artesaniadecoracion.com\/blog\/cabecero-madera-tejido-rattan-actual\/\" class=\"wp-image-1808\" srcset=\"https:\/\/www.artesaniadecoracion.com\/blog\/wp-content\/uploads\/2022\/03\/Cabecero-madera-tejido-rattan-actual.jpeg 1000w, https:\/\/www.artesaniadecoracion.com\/blog\/wp-content\/uploads\/2022\/03\/Cabecero-madera-tejido-rattan-actual-300x300.jpeg 300w, https:\/\/www.artesaniadecoracion.com\/blog\/wp-content\/uploads\/2022\/03\/Cabecero-madera-tejido-rattan-actual-150x150.jpeg 150w, https:\/\/www.artesaniadecoracion.com\/blog\/wp-content\/uploads\/2022\/03\/Cabecero-madera-tejido-rattan-actual-768x768.jpeg 768w, https:\/\/www.artesaniadecoracion.com\/blog\/wp-content\/uploads\/2022\/03\/Cabecero-madera-tejido-rattan-actual-624x624.jpeg 624w, https:\/\/www.artesaniadecoracion.com\/blog\/wp-content\/uploads\/2022\/03\/Cabecero-madera-tejido-rattan-actual-72x72.jpeg 72w, https:\/\/www.artesaniadecoracion.com\/blog\/wp-content\/uploads\/2022\/03\/Cabecero-madera-tejido-rattan-actual-350x350.jpeg 350w\" sizes=\"auto, (max-width: 1000px) 100vw, 1000px\" \/><figcaption class=\"blocks-gallery-item__caption\"><b><a target=\"_blank\" href=\"https:\/\/www.artesaniadecoracion.com\/dormitorio-cabeceros-de-cama-mimbre-c-1002_1005_1037.html\" rel=\"noopener\">Cabecero madera tejido rattan actual<\/a><\/b><\/figcaption><\/figure><\/li><\/ul><\/figure>\n","protected":false},"excerpt":{"rendered":"<p>De nuestra secci\u00f3n en dormitorios de rattan, esta semana os presentamos la nueva colecci\u00f3n Bracke, esta serie consta de diferentes piezas para sal\u00f3n o dormitorio, se fabrican con madera de abeto y fdm acabado natural, las puertas y cajones esta decorados con tejido de rattan natural, en la imagen superior tenemos un cabecero para cama [&hellip;]<\/p>\n","protected":false},"author":2,"featured_media":0,"comment_status":"closed","ping_status":"closed","sticky":false,"template":"","format":"standard","meta":{"om_disable_all_campaigns":false,"footnotes":""},"categories":[1],"tags":[955,957,956,954,953],"class_list":["post-1812","post","type-post","status-publish","format-standard","hentry","category-sin-categoria","tag-cabecero-mimbre-matrimonio","tag-comoda-dormitorio-rattan","tag-mesitas-noche-rattan","tag-muebles-diseno-actual-madera-rattan","tag-muebles-dormitorio-rattan-madera"],"aioseo_notices":[],"_links":{"self":[{"href":"https:\/\/www.artesaniadecoracion.com\/blog\/wp-json\/wp\/v2\/posts\/1812","targetHints":{"allow":["GET"]}}],"collection":[{"href":"https:\/\/www.artesaniadecoracion.com\/blog\/wp-json\/wp\/v2\/posts"}],"about":[{"href":"https:\/\/www.artesaniadecoracion.com\/blog\/wp-json\/wp\/v2\/types\/post"}],"author":[{"embeddable":true,"href":"https:\/\/www.artesaniadecoracion.com\/blog\/wp-json\/wp\/v2\/users\/2"}],"replies":[{"embeddable":true,"href":"https:\/\/www.artesaniadecoracion.com\/blog\/wp-json\/wp\/v2\/comments?post=1812"}],"version-history":[{"count":1,"href":"https:\/\/www.artesaniadecoracion.com\/blog\/wp-json\/wp\/v2\/posts\/1812\/revisions"}],"predecessor-version":[{"id":1813,"href":"https:\/\/www.artesaniadecoracion.com\/blog\/wp-json\/wp\/v2\/posts\/1812\/revisions\/1813"}],"wp:attachment":[{"href":"https:\/\/www.artesaniadecoracion.com\/blog\/wp-json\/wp\/v2\/media?parent=1812"}],"wp:term":[{"taxonomy":"category","embeddable":true,"href":"https:\/\/www.artesaniadecoracion.com\/blog\/wp-json\/wp\/v2\/categories?post=1812"},{"taxonomy":"post_tag","embeddable":true,"href":"https:\/\/www.artesaniadecoracion.com\/blog\/wp-json\/wp\/v2\/tags?post=1812"}],"curies":[{"name":"wp","href":"https:\/\/api.w.org\/{rel}","templated":true}]}}