{"id":1839,"date":"2022-05-06T10:00:00","date_gmt":"2022-05-06T08:00:00","guid":{"rendered":"https:\/\/www.artesaniadecoracion.com\/blog\/?p=1839"},"modified":"2022-04-04T20:08:45","modified_gmt":"2022-04-04T18:08:45","slug":"dormitorio-friso-estilo-provenzal-bicolor","status":"publish","type":"post","link":"https:\/\/www.artesaniadecoracion.com\/blog\/dormitorio-friso-estilo-provenzal-bicolor\/","title":{"rendered":"DORMITORIO FRISO ESTILO PROVENZAL BICOLOR"},"content":{"rendered":"\n<figure class=\"wp-block-image size-large\"><img loading=\"lazy\" decoding=\"async\" width=\"1024\" height=\"658\" src=\"https:\/\/www.artesaniadecoracion.com\/blog\/wp-content\/uploads\/2022\/04\/Dormitorio-blanco-bicolor-Praga-1024x658.jpeg\" alt=\"Dormitorio blanco bicolor Praga\" class=\"wp-image-1837\" srcset=\"https:\/\/www.artesaniadecoracion.com\/blog\/wp-content\/uploads\/2022\/04\/Dormitorio-blanco-bicolor-Praga-1024x658.jpeg 1024w, https:\/\/www.artesaniadecoracion.com\/blog\/wp-content\/uploads\/2022\/04\/Dormitorio-blanco-bicolor-Praga-300x193.jpeg 300w, https:\/\/www.artesaniadecoracion.com\/blog\/wp-content\/uploads\/2022\/04\/Dormitorio-blanco-bicolor-Praga-768x494.jpeg 768w, https:\/\/www.artesaniadecoracion.com\/blog\/wp-content\/uploads\/2022\/04\/Dormitorio-blanco-bicolor-Praga-1536x987.jpeg 1536w, https:\/\/www.artesaniadecoracion.com\/blog\/wp-content\/uploads\/2022\/04\/Dormitorio-blanco-bicolor-Praga-2048x1316.jpeg 2048w, https:\/\/www.artesaniadecoracion.com\/blog\/wp-content\/uploads\/2022\/04\/Dormitorio-blanco-bicolor-Praga-624x401.jpeg 624w\" sizes=\"auto, (max-width: 1024px) 100vw, 1024px\" \/><figcaption>Dormitorio blanco bicolor Praga<\/figcaption><\/figure>\n\n\n\n<p>De nuestra secci\u00f3n en dormitorios estilo provenzal, esta semana os presentamos el dormitorio friso de la serie Praga, este dormitorio consta de cabecero para camas con colch\u00f3n desde 90 cm hasta 180 cm, y mesitas de noche con 1 caj\u00f3n y puertas con abertura derecha izquierda, se fabrican con madera maciza de pino atl\u00e1ntico combinado con madera de fdm, para su acabado disponemos de 5 colores de base y 3 tintes para las tapas y traseras, al final de este post os adjuntamos las im\u00e1genes de las piezas por separado y los enlaces para que pod\u00e1is ampliar informaci\u00f3n.<\/p>\n\n\n\n<figure class=\"wp-block-gallery columns-2 is-cropped wp-block-gallery-1 is-layout-flex wp-block-gallery-is-layout-flex\"><ul class=\"blocks-gallery-grid\"><li class=\"blocks-gallery-item\"><figure><img loading=\"lazy\" decoding=\"async\" width=\"538\" height=\"600\" src=\"https:\/\/www.artesaniadecoracion.com\/blog\/wp-content\/uploads\/2022\/04\/mesita-noche-bicolor-provenzal-Praga.jpeg\" alt=\"Mesita noche bicolor provenzal Praga\" data-id=\"1838\" data-full-url=\"https:\/\/www.artesaniadecoracion.com\/blog\/wp-content\/uploads\/2022\/04\/mesita-noche-bicolor-provenzal-Praga.jpeg\" data-link=\"https:\/\/www.artesaniadecoracion.com\/blog\/mesita-noche-bicolor-provenzal-praga\/\" class=\"wp-image-1838\" srcset=\"https:\/\/www.artesaniadecoracion.com\/blog\/wp-content\/uploads\/2022\/04\/mesita-noche-bicolor-provenzal-Praga.jpeg 538w, https:\/\/www.artesaniadecoracion.com\/blog\/wp-content\/uploads\/2022\/04\/mesita-noche-bicolor-provenzal-Praga-269x300.jpeg 269w\" sizes=\"auto, (max-width: 538px) 100vw, 538px\" \/><figcaption class=\"blocks-gallery-item__caption\"><b><a target=\"_blank\" href=\"https:\/\/www.artesaniadecoracion.com\/dormitorio-mesillas-de-noche-blanco-c-1002_1008_1074.html?page=3\" rel=\"noopener\">Mesita noche bicolor provenzal Praga<\/a><\/b><\/figcaption><\/figure><\/li><li class=\"blocks-gallery-item\"><figure><img loading=\"lazy\" decoding=\"async\" width=\"800\" height=\"482\" src=\"https:\/\/www.artesaniadecoracion.com\/blog\/wp-content\/uploads\/2022\/04\/Cabecero-dormitorio-Praga.jpeg\" alt=\"Cabecero dormitorio Praga\" data-id=\"1836\" data-full-url=\"https:\/\/www.artesaniadecoracion.com\/blog\/wp-content\/uploads\/2022\/04\/Cabecero-dormitorio-Praga.jpeg\" data-link=\"https:\/\/www.artesaniadecoracion.com\/blog\/cabecero-dormitorio-praga\/\" class=\"wp-image-1836\" srcset=\"https:\/\/www.artesaniadecoracion.com\/blog\/wp-content\/uploads\/2022\/04\/Cabecero-dormitorio-Praga.jpeg 800w, https:\/\/www.artesaniadecoracion.com\/blog\/wp-content\/uploads\/2022\/04\/Cabecero-dormitorio-Praga-300x181.jpeg 300w, https:\/\/www.artesaniadecoracion.com\/blog\/wp-content\/uploads\/2022\/04\/Cabecero-dormitorio-Praga-768x463.jpeg 768w, https:\/\/www.artesaniadecoracion.com\/blog\/wp-content\/uploads\/2022\/04\/Cabecero-dormitorio-Praga-624x376.jpeg 624w\" sizes=\"auto, (max-width: 800px) 100vw, 800px\" \/><figcaption class=\"blocks-gallery-item__caption\"><b><a target=\"_blank\" href=\"https:\/\/www.artesaniadecoracion.com\/dormitorio-cabeceros-de-cama-blanco-c-1002_1005_1029.html\" rel=\"noopener\">Cabecero dormitorio Praga<\/a><\/b><\/figcaption><\/figure><\/li><\/ul><\/figure>\n","protected":false},"excerpt":{"rendered":"<p>De nuestra secci\u00f3n en dormitorios estilo provenzal, esta semana os presentamos el dormitorio friso de la serie Praga, este dormitorio consta de cabecero para camas con colch\u00f3n desde 90 cm hasta 180 cm, y mesitas de noche con 1 caj\u00f3n y puertas con abertura derecha izquierda, se fabrican con madera maciza de pino atl\u00e1ntico combinado [&hellip;]<\/p>\n","protected":false},"author":2,"featured_media":0,"comment_status":"closed","ping_status":"closed","sticky":false,"template":"","format":"standard","meta":{"om_disable_all_campaigns":false,"footnotes":""},"categories":[1],"tags":[972,970,971,973],"class_list":["post-1839","post","type-post","status-publish","format-standard","hentry","category-sin-categoria","tag-cabecero-cama-de-90-a-180-cm","tag-dormitorio-blanco-actual-madera","tag-dormitorio-provenzal-blanco","tag-mesitas-de-noche-blancas-actuales"],"aioseo_notices":[],"_links":{"self":[{"href":"https:\/\/www.artesaniadecoracion.com\/blog\/wp-json\/wp\/v2\/posts\/1839","targetHints":{"allow":["GET"]}}],"collection":[{"href":"https:\/\/www.artesaniadecoracion.com\/blog\/wp-json\/wp\/v2\/posts"}],"about":[{"href":"https:\/\/www.artesaniadecoracion.com\/blog\/wp-json\/wp\/v2\/types\/post"}],"author":[{"embeddable":true,"href":"https:\/\/www.artesaniadecoracion.com\/blog\/wp-json\/wp\/v2\/users\/2"}],"replies":[{"embeddable":true,"href":"https:\/\/www.artesaniadecoracion.com\/blog\/wp-json\/wp\/v2\/comments?post=1839"}],"version-history":[{"count":1,"href":"https:\/\/www.artesaniadecoracion.com\/blog\/wp-json\/wp\/v2\/posts\/1839\/revisions"}],"predecessor-version":[{"id":1840,"href":"https:\/\/www.artesaniadecoracion.com\/blog\/wp-json\/wp\/v2\/posts\/1839\/revisions\/1840"}],"wp:attachment":[{"href":"https:\/\/www.artesaniadecoracion.com\/blog\/wp-json\/wp\/v2\/media?parent=1839"}],"wp:term":[{"taxonomy":"category","embeddable":true,"href":"https:\/\/www.artesaniadecoracion.com\/blog\/wp-json\/wp\/v2\/categories?post=1839"},{"taxonomy":"post_tag","embeddable":true,"href":"https:\/\/www.artesaniadecoracion.com\/blog\/wp-json\/wp\/v2\/tags?post=1839"}],"curies":[{"name":"wp","href":"https:\/\/api.w.org\/{rel}","templated":true}]}}