{"id":2078,"date":"2022-12-09T10:00:00","date_gmt":"2022-12-09T09:00:00","guid":{"rendered":"https:\/\/www.artesaniadecoracion.com\/blog\/?p=2078"},"modified":"2022-11-21T18:24:04","modified_gmt":"2022-11-21T17:24:04","slug":"dormitorio-madera-natural-nordico-blanco-cera","status":"publish","type":"post","link":"https:\/\/www.artesaniadecoracion.com\/blog\/dormitorio-madera-natural-nordico-blanco-cera\/","title":{"rendered":"DORMITORIO MADERA NATURAL NORDICO BLANCO CERA"},"content":{"rendered":"\n<figure class=\"wp-block-image size-full\"><img loading=\"lazy\" decoding=\"async\" width=\"750\" height=\"750\" src=\"https:\/\/www.artesaniadecoracion.com\/blog\/wp-content\/uploads\/2022\/11\/35151-mesita-noche-thun-ambiente.jpg\" alt=\"Dormitorio N\u00f3rdico Blanco Cera\" class=\"wp-image-2073\" srcset=\"https:\/\/www.artesaniadecoracion.com\/blog\/wp-content\/uploads\/2022\/11\/35151-mesita-noche-thun-ambiente.jpg 750w, https:\/\/www.artesaniadecoracion.com\/blog\/wp-content\/uploads\/2022\/11\/35151-mesita-noche-thun-ambiente-300x300.jpg 300w, https:\/\/www.artesaniadecoracion.com\/blog\/wp-content\/uploads\/2022\/11\/35151-mesita-noche-thun-ambiente-150x150.jpg 150w, https:\/\/www.artesaniadecoracion.com\/blog\/wp-content\/uploads\/2022\/11\/35151-mesita-noche-thun-ambiente-624x624.jpg 624w, https:\/\/www.artesaniadecoracion.com\/blog\/wp-content\/uploads\/2022\/11\/35151-mesita-noche-thun-ambiente-72x72.jpg 72w, https:\/\/www.artesaniadecoracion.com\/blog\/wp-content\/uploads\/2022\/11\/35151-mesita-noche-thun-ambiente-350x350.jpg 350w\" sizes=\"auto, (max-width: 750px) 100vw, 750px\" \/><figcaption class=\"wp-element-caption\">Dormitorio N\u00f3rdico Blanco Cera<\/figcaption><\/figure>\n\n\n\n<p>Hoy os presentamos la nueva colecci\u00f3n de dormitorios estilo n\u00f3rdico de la serie Suisse, esta l\u00ednea se termina con un ba\u00f1o de cera natural a la tiza blanca, su fabricaci\u00f3n es en madera maciza de pino natural atl\u00e1ntico, disponemos en esta serie de cabecero en 4 ta\u00f1amos para diferentes colchones, c\u00f3moda, mesita de noche y banco descalzadora, al final del post os adjuntamos las im\u00e1genes y enlaces de las diferentes piezas que componen esta colecci\u00f3n.<\/p>\n\n\n\n<figure class=\"wp-block-gallery has-nested-images columns-2 is-cropped wp-block-gallery-1 is-layout-flex wp-block-gallery-is-layout-flex\">\n<figure class=\"wp-block-image size-large\"><img loading=\"lazy\" decoding=\"async\" width=\"750\" height=\"750\" data-id=\"2077\" src=\"https:\/\/www.artesaniadecoracion.com\/blog\/wp-content\/uploads\/2022\/11\/Mesita-noche-1-cajon-actual-nogal-cera.jpeg\" alt=\"Mesita noche 1 cajon actual nogal cera\" class=\"wp-image-2077\" srcset=\"https:\/\/www.artesaniadecoracion.com\/blog\/wp-content\/uploads\/2022\/11\/Mesita-noche-1-cajon-actual-nogal-cera.jpeg 750w, https:\/\/www.artesaniadecoracion.com\/blog\/wp-content\/uploads\/2022\/11\/Mesita-noche-1-cajon-actual-nogal-cera-300x300.jpeg 300w, https:\/\/www.artesaniadecoracion.com\/blog\/wp-content\/uploads\/2022\/11\/Mesita-noche-1-cajon-actual-nogal-cera-150x150.jpeg 150w, https:\/\/www.artesaniadecoracion.com\/blog\/wp-content\/uploads\/2022\/11\/Mesita-noche-1-cajon-actual-nogal-cera-624x624.jpeg 624w, https:\/\/www.artesaniadecoracion.com\/blog\/wp-content\/uploads\/2022\/11\/Mesita-noche-1-cajon-actual-nogal-cera-72x72.jpeg 72w, https:\/\/www.artesaniadecoracion.com\/blog\/wp-content\/uploads\/2022\/11\/Mesita-noche-1-cajon-actual-nogal-cera-350x350.jpeg 350w\" sizes=\"auto, (max-width: 750px) 100vw, 750px\" \/><figcaption class=\"wp-element-caption\"><b><a target=\"_blank\" href=\"https:\/\/www.artesaniadecoracion.com\/dormitorio-mesillas-de-noche-colores-c-1002_1008_1076.html?page=2\" rel=\"noopener\">Mesita noche 1 cajon actual nogal cera<\/a><\/b><\/figcaption><\/figure>\n\n\n\n<figure class=\"wp-block-image size-large\"><img loading=\"lazy\" decoding=\"async\" width=\"750\" height=\"750\" data-id=\"2076\" src=\"https:\/\/www.artesaniadecoracion.com\/blog\/wp-content\/uploads\/2022\/11\/Comoda-Madera-Natural-Acabado-Cera-blanca.jpeg\" alt=\"Comoda Madera Natural Acabado Cera blanca\" class=\"wp-image-2076\" srcset=\"https:\/\/www.artesaniadecoracion.com\/blog\/wp-content\/uploads\/2022\/11\/Comoda-Madera-Natural-Acabado-Cera-blanca.jpeg 750w, https:\/\/www.artesaniadecoracion.com\/blog\/wp-content\/uploads\/2022\/11\/Comoda-Madera-Natural-Acabado-Cera-blanca-300x300.jpeg 300w, https:\/\/www.artesaniadecoracion.com\/blog\/wp-content\/uploads\/2022\/11\/Comoda-Madera-Natural-Acabado-Cera-blanca-150x150.jpeg 150w, https:\/\/www.artesaniadecoracion.com\/blog\/wp-content\/uploads\/2022\/11\/Comoda-Madera-Natural-Acabado-Cera-blanca-624x624.jpeg 624w, https:\/\/www.artesaniadecoracion.com\/blog\/wp-content\/uploads\/2022\/11\/Comoda-Madera-Natural-Acabado-Cera-blanca-72x72.jpeg 72w, https:\/\/www.artesaniadecoracion.com\/blog\/wp-content\/uploads\/2022\/11\/Comoda-Madera-Natural-Acabado-Cera-blanca-350x350.jpeg 350w\" sizes=\"auto, (max-width: 750px) 100vw, 750px\" \/><figcaption class=\"wp-element-caption\"><b><a target=\"_blank\" href=\"https:\/\/www.artesaniadecoracion.com\/dormitorio-comodas-y-espejos-decape-blanco-c-1002_1003_1055.html\" rel=\"noopener\">Comoda Madera Natural Acabado Cera blanca<\/a><\/b><\/figcaption><\/figure>\n\n\n\n<figure class=\"wp-block-image size-large\"><img loading=\"lazy\" decoding=\"async\" width=\"750\" height=\"750\" data-id=\"2074\" src=\"https:\/\/www.artesaniadecoracion.com\/blog\/wp-content\/uploads\/2022\/11\/Banco-recibidor-o-pie-de-cama-rustico-actual.jpeg\" alt=\"Banco recibidor o pie de cama rustico actual\" class=\"wp-image-2074\" srcset=\"https:\/\/www.artesaniadecoracion.com\/blog\/wp-content\/uploads\/2022\/11\/Banco-recibidor-o-pie-de-cama-rustico-actual.jpeg 750w, https:\/\/www.artesaniadecoracion.com\/blog\/wp-content\/uploads\/2022\/11\/Banco-recibidor-o-pie-de-cama-rustico-actual-300x300.jpeg 300w, https:\/\/www.artesaniadecoracion.com\/blog\/wp-content\/uploads\/2022\/11\/Banco-recibidor-o-pie-de-cama-rustico-actual-150x150.jpeg 150w, https:\/\/www.artesaniadecoracion.com\/blog\/wp-content\/uploads\/2022\/11\/Banco-recibidor-o-pie-de-cama-rustico-actual-624x624.jpeg 624w, https:\/\/www.artesaniadecoracion.com\/blog\/wp-content\/uploads\/2022\/11\/Banco-recibidor-o-pie-de-cama-rustico-actual-72x72.jpeg 72w, https:\/\/www.artesaniadecoracion.com\/blog\/wp-content\/uploads\/2022\/11\/Banco-recibidor-o-pie-de-cama-rustico-actual-350x350.jpeg 350w\" sizes=\"auto, (max-width: 750px) 100vw, 750px\" \/><figcaption class=\"wp-element-caption\"><b><a target=\"_blank\" href=\"https:\/\/www.artesaniadecoracion.com\/comedor-sillas-taburetes-decape-blanco-c-907_910_965.html\" rel=\"noopener\">Banco recibidor o pie de cama rustico actual<\/a><\/b><\/figcaption><\/figure>\n\n\n\n<figure class=\"wp-block-image size-large\"><img loading=\"lazy\" decoding=\"async\" width=\"750\" height=\"750\" data-id=\"2075\" src=\"https:\/\/www.artesaniadecoracion.com\/blog\/wp-content\/uploads\/2022\/11\/Cabecero-4-tamanos-madera-natural-nordico.jpeg\" alt=\"Cabecero 4 tama\u00f1os madera natural nordico\" class=\"wp-image-2075\" srcset=\"https:\/\/www.artesaniadecoracion.com\/blog\/wp-content\/uploads\/2022\/11\/Cabecero-4-tamanos-madera-natural-nordico.jpeg 750w, https:\/\/www.artesaniadecoracion.com\/blog\/wp-content\/uploads\/2022\/11\/Cabecero-4-tamanos-madera-natural-nordico-300x300.jpeg 300w, https:\/\/www.artesaniadecoracion.com\/blog\/wp-content\/uploads\/2022\/11\/Cabecero-4-tamanos-madera-natural-nordico-150x150.jpeg 150w, https:\/\/www.artesaniadecoracion.com\/blog\/wp-content\/uploads\/2022\/11\/Cabecero-4-tamanos-madera-natural-nordico-624x624.jpeg 624w, https:\/\/www.artesaniadecoracion.com\/blog\/wp-content\/uploads\/2022\/11\/Cabecero-4-tamanos-madera-natural-nordico-72x72.jpeg 72w, https:\/\/www.artesaniadecoracion.com\/blog\/wp-content\/uploads\/2022\/11\/Cabecero-4-tamanos-madera-natural-nordico-350x350.jpeg 350w\" sizes=\"auto, (max-width: 750px) 100vw, 750px\" \/><figcaption class=\"wp-element-caption\"><b><a target=\"_blank\" href=\"https:\/\/www.artesaniadecoracion.com\/dormitorio-cabeceros-de-cama-decape-blanco-c-1002_1005_1033.html\" rel=\"noopener\">Cabecero 4 tama\u00f1os madera natural nordico<\/a><\/b><\/figcaption><\/figure>\n<\/figure>\n","protected":false},"excerpt":{"rendered":"<p>Hoy os presentamos la nueva colecci\u00f3n de dormitorios estilo n\u00f3rdico de la serie Suisse, esta l\u00ednea se termina con un ba\u00f1o de cera natural a la tiza blanca, su fabricaci\u00f3n es en madera maciza de pino natural atl\u00e1ntico, disponemos en esta serie de cabecero en 4 ta\u00f1amos para diferentes colchones, c\u00f3moda, mesita de noche y [&hellip;]<\/p>\n","protected":false},"author":2,"featured_media":0,"comment_status":"closed","ping_status":"closed","sticky":false,"template":"","format":"standard","meta":{"om_disable_all_campaigns":false,"footnotes":""},"categories":[1],"tags":[1106,1104,1105,1103,1102],"class_list":["post-2078","post","type-post","status-publish","format-standard","hentry","category-sin-categoria","tag-banco-descalzadora-blanco-tiza","tag-cabecero-matrimonio-madera-natural","tag-comoda-dormitorio-blanco-cera","tag-dormitorio-madera-pino-natural","tag-dormitorio-mordico-blanco-cera"],"aioseo_notices":[],"_links":{"self":[{"href":"https:\/\/www.artesaniadecoracion.com\/blog\/wp-json\/wp\/v2\/posts\/2078","targetHints":{"allow":["GET"]}}],"collection":[{"href":"https:\/\/www.artesaniadecoracion.com\/blog\/wp-json\/wp\/v2\/posts"}],"about":[{"href":"https:\/\/www.artesaniadecoracion.com\/blog\/wp-json\/wp\/v2\/types\/post"}],"author":[{"embeddable":true,"href":"https:\/\/www.artesaniadecoracion.com\/blog\/wp-json\/wp\/v2\/users\/2"}],"replies":[{"embeddable":true,"href":"https:\/\/www.artesaniadecoracion.com\/blog\/wp-json\/wp\/v2\/comments?post=2078"}],"version-history":[{"count":1,"href":"https:\/\/www.artesaniadecoracion.com\/blog\/wp-json\/wp\/v2\/posts\/2078\/revisions"}],"predecessor-version":[{"id":2079,"href":"https:\/\/www.artesaniadecoracion.com\/blog\/wp-json\/wp\/v2\/posts\/2078\/revisions\/2079"}],"wp:attachment":[{"href":"https:\/\/www.artesaniadecoracion.com\/blog\/wp-json\/wp\/v2\/media?parent=2078"}],"wp:term":[{"taxonomy":"category","embeddable":true,"href":"https:\/\/www.artesaniadecoracion.com\/blog\/wp-json\/wp\/v2\/categories?post=2078"},{"taxonomy":"post_tag","embeddable":true,"href":"https:\/\/www.artesaniadecoracion.com\/blog\/wp-json\/wp\/v2\/tags?post=2078"}],"curies":[{"name":"wp","href":"https:\/\/api.w.org\/{rel}","templated":true}]}}