{"id":2700,"date":"2024-04-26T10:00:00","date_gmt":"2024-04-26T08:00:00","guid":{"rendered":"https:\/\/www.artesaniadecoracion.com\/blog\/?p=2700"},"modified":"2024-04-15T19:29:26","modified_gmt":"2024-04-15T17:29:26","slug":"dormitorio-de-acero-y-madera-serie-grace","status":"publish","type":"post","link":"https:\/\/www.artesaniadecoracion.com\/blog\/dormitorio-de-acero-y-madera-serie-grace\/","title":{"rendered":"DORMITORIO DE ACERO Y MADERA SERIE GRACE"},"content":{"rendered":"\n<figure class=\"wp-block-image size-full\"><img loading=\"lazy\" decoding=\"async\" width=\"800\" height=\"800\" src=\"https:\/\/www.artesaniadecoracion.com\/blog\/wp-content\/uploads\/2024\/04\/dormitorio-Forja-Moderno.jpg\" alt=\"Dormitorio Forja Moderno Grace\" class=\"wp-image-2697\" srcset=\"https:\/\/www.artesaniadecoracion.com\/blog\/wp-content\/uploads\/2024\/04\/dormitorio-Forja-Moderno.jpg 800w, https:\/\/www.artesaniadecoracion.com\/blog\/wp-content\/uploads\/2024\/04\/dormitorio-Forja-Moderno-300x300.jpg 300w, https:\/\/www.artesaniadecoracion.com\/blog\/wp-content\/uploads\/2024\/04\/dormitorio-Forja-Moderno-150x150.jpg 150w, https:\/\/www.artesaniadecoracion.com\/blog\/wp-content\/uploads\/2024\/04\/dormitorio-Forja-Moderno-768x768.jpg 768w, https:\/\/www.artesaniadecoracion.com\/blog\/wp-content\/uploads\/2024\/04\/dormitorio-Forja-Moderno-624x624.jpg 624w, https:\/\/www.artesaniadecoracion.com\/blog\/wp-content\/uploads\/2024\/04\/dormitorio-Forja-Moderno-72x72.jpg 72w, https:\/\/www.artesaniadecoracion.com\/blog\/wp-content\/uploads\/2024\/04\/dormitorio-Forja-Moderno-350x350.jpg 350w\" sizes=\"auto, (max-width: 800px) 100vw, 800px\" \/><figcaption class=\"wp-element-caption\">Dormitorio Forja Moderno Grace<\/figcaption><\/figure>\n\n\n\n<p>Para esta semana os presentamos la imagen del dormitorio moderno colecci\u00f3n Grace, este dormitorio consta de cabecero para colchones desde 90 a 160 cm, mesita de noche con 1 caj\u00f3n y cubre radiador de acero, se fabrica en Espa\u00f1a combinando madera y metal cortado a laser con dise\u00f1os ornamentales de \u00e1rbol, para su acabado disponemos de 10 colores para el metal y 9 para la elecci\u00f3n de la madera, el cubre radiador se fabrica \u00edntegramente en acero a medida del cliente en 10 colores diferentes, al final de este post os adjuntamos las im\u00e1genes y los enlaces para que os lleven a nuestra Web y ampliar informaci\u00f3n, recordar en nuestros precios est\u00e1 incluido el IVA y los gastos de envi\u00f3 para las pen\u00ednsula, Baleares consultar precio por E-mail.<\/p>\n\n\n\n<figure class=\"wp-block-gallery has-nested-images columns-2 is-cropped wp-block-gallery-1 is-layout-flex wp-block-gallery-is-layout-flex\">\n<figure class=\"wp-block-image size-large\"><img loading=\"lazy\" decoding=\"async\" width=\"800\" height=\"850\" data-id=\"2698\" src=\"https:\/\/www.artesaniadecoracion.com\/blog\/wp-content\/uploads\/2024\/04\/Mesita-de-noche-moderna-forja-madera.jpeg\" alt=\"Mesita de noche moderna forja madera\" class=\"wp-image-2698\" srcset=\"https:\/\/www.artesaniadecoracion.com\/blog\/wp-content\/uploads\/2024\/04\/Mesita-de-noche-moderna-forja-madera.jpeg 800w, https:\/\/www.artesaniadecoracion.com\/blog\/wp-content\/uploads\/2024\/04\/Mesita-de-noche-moderna-forja-madera-282x300.jpeg 282w, https:\/\/www.artesaniadecoracion.com\/blog\/wp-content\/uploads\/2024\/04\/Mesita-de-noche-moderna-forja-madera-768x816.jpeg 768w, https:\/\/www.artesaniadecoracion.com\/blog\/wp-content\/uploads\/2024\/04\/Mesita-de-noche-moderna-forja-madera-624x663.jpeg 624w\" sizes=\"auto, (max-width: 800px) 100vw, 800px\" \/><figcaption class=\"wp-element-caption\"><b><a href=\"https:\/\/www.artesaniadecoracion.com\/dormitorio-mesillas-de-noche-forja-c-1002_1008_1080.html?page=3\" target=\"_blank\" rel=\"noopener\">Mesita de noche moderna forja madera<\/a><\/b><\/figcaption><\/figure>\n\n\n\n<figure class=\"wp-block-image size-large\"><img loading=\"lazy\" decoding=\"async\" width=\"800\" height=\"800\" data-id=\"2695\" src=\"https:\/\/www.artesaniadecoracion.com\/blog\/wp-content\/uploads\/2024\/04\/Cabecero-forja-madera-moderno.jpg\" alt=\"Cabecero forja madera moderno\" class=\"wp-image-2695\" srcset=\"https:\/\/www.artesaniadecoracion.com\/blog\/wp-content\/uploads\/2024\/04\/Cabecero-forja-madera-moderno.jpg 800w, https:\/\/www.artesaniadecoracion.com\/blog\/wp-content\/uploads\/2024\/04\/Cabecero-forja-madera-moderno-300x300.jpg 300w, https:\/\/www.artesaniadecoracion.com\/blog\/wp-content\/uploads\/2024\/04\/Cabecero-forja-madera-moderno-150x150.jpg 150w, https:\/\/www.artesaniadecoracion.com\/blog\/wp-content\/uploads\/2024\/04\/Cabecero-forja-madera-moderno-768x768.jpg 768w, https:\/\/www.artesaniadecoracion.com\/blog\/wp-content\/uploads\/2024\/04\/Cabecero-forja-madera-moderno-624x624.jpg 624w, https:\/\/www.artesaniadecoracion.com\/blog\/wp-content\/uploads\/2024\/04\/Cabecero-forja-madera-moderno-72x72.jpg 72w, https:\/\/www.artesaniadecoracion.com\/blog\/wp-content\/uploads\/2024\/04\/Cabecero-forja-madera-moderno-350x350.jpg 350w\" sizes=\"auto, (max-width: 800px) 100vw, 800px\" \/><figcaption class=\"wp-element-caption\"><b><a href=\"https:\/\/www.artesaniadecoracion.com\/dormitorio-cabeceros-de-cama-forja-actuales-c-1002_1005_1035_1125.html?page=2\" target=\"_blank\" rel=\"noopener\">Cabecero forja madera moderno<\/a><\/b><\/figcaption><\/figure>\n\n\n\n<figure class=\"wp-block-image size-large\"><img loading=\"lazy\" decoding=\"async\" width=\"800\" height=\"800\" data-id=\"2699\" src=\"https:\/\/www.artesaniadecoracion.com\/blog\/wp-content\/uploads\/2024\/04\/cubre-radiador-forja-actual.jpg\" alt=\"Cubre radiador forja actual Grace\" class=\"wp-image-2699\" srcset=\"https:\/\/www.artesaniadecoracion.com\/blog\/wp-content\/uploads\/2024\/04\/cubre-radiador-forja-actual.jpg 800w, https:\/\/www.artesaniadecoracion.com\/blog\/wp-content\/uploads\/2024\/04\/cubre-radiador-forja-actual-300x300.jpg 300w, https:\/\/www.artesaniadecoracion.com\/blog\/wp-content\/uploads\/2024\/04\/cubre-radiador-forja-actual-150x150.jpg 150w, https:\/\/www.artesaniadecoracion.com\/blog\/wp-content\/uploads\/2024\/04\/cubre-radiador-forja-actual-768x768.jpg 768w, https:\/\/www.artesaniadecoracion.com\/blog\/wp-content\/uploads\/2024\/04\/cubre-radiador-forja-actual-624x624.jpg 624w, https:\/\/www.artesaniadecoracion.com\/blog\/wp-content\/uploads\/2024\/04\/cubre-radiador-forja-actual-72x72.jpg 72w, https:\/\/www.artesaniadecoracion.com\/blog\/wp-content\/uploads\/2024\/04\/cubre-radiador-forja-actual-350x350.jpg 350w\" sizes=\"auto, (max-width: 800px) 100vw, 800px\" \/><figcaption class=\"wp-element-caption\"><b><a href=\"https:\/\/www.artesaniadecoracion.com\/recibidor-cubre-radiadores-c-1186_1189.html\" target=\"_blank\" rel=\"noopener\">Cubre radiador forja actual Grace<\/a><\/b><\/figcaption><\/figure>\n<\/figure>\n","protected":false},"excerpt":{"rendered":"<p>Para esta semana os presentamos la imagen del dormitorio moderno colecci\u00f3n Grace, este dormitorio consta de cabecero para colchones desde 90 a 160 cm, mesita de noche con 1 caj\u00f3n y cubre radiador de acero, se fabrica en Espa\u00f1a combinando madera y metal cortado a laser con dise\u00f1os ornamentales de \u00e1rbol, para su acabado disponemos [&hellip;]<\/p>\n","protected":false},"author":2,"featured_media":0,"comment_status":"closed","ping_status":"closed","sticky":false,"template":"","format":"standard","meta":{"om_disable_all_campaigns":false,"footnotes":""},"categories":[6],"tags":[1557,1559,1556,1558],"class_list":["post-2700","post","type-post","status-publish","format-standard","hentry","category-dormitorios","tag-cabecero-actual-de-acero-madera","tag-cubre-radiador-de-forja-diseno-original","tag-dormitorio-moderno-forja-madera","tag-mesita-noche-forja-diseno-actual"],"aioseo_notices":[],"_links":{"self":[{"href":"https:\/\/www.artesaniadecoracion.com\/blog\/wp-json\/wp\/v2\/posts\/2700","targetHints":{"allow":["GET"]}}],"collection":[{"href":"https:\/\/www.artesaniadecoracion.com\/blog\/wp-json\/wp\/v2\/posts"}],"about":[{"href":"https:\/\/www.artesaniadecoracion.com\/blog\/wp-json\/wp\/v2\/types\/post"}],"author":[{"embeddable":true,"href":"https:\/\/www.artesaniadecoracion.com\/blog\/wp-json\/wp\/v2\/users\/2"}],"replies":[{"embeddable":true,"href":"https:\/\/www.artesaniadecoracion.com\/blog\/wp-json\/wp\/v2\/comments?post=2700"}],"version-history":[{"count":1,"href":"https:\/\/www.artesaniadecoracion.com\/blog\/wp-json\/wp\/v2\/posts\/2700\/revisions"}],"predecessor-version":[{"id":2701,"href":"https:\/\/www.artesaniadecoracion.com\/blog\/wp-json\/wp\/v2\/posts\/2700\/revisions\/2701"}],"wp:attachment":[{"href":"https:\/\/www.artesaniadecoracion.com\/blog\/wp-json\/wp\/v2\/media?parent=2700"}],"wp:term":[{"taxonomy":"category","embeddable":true,"href":"https:\/\/www.artesaniadecoracion.com\/blog\/wp-json\/wp\/v2\/categories?post=2700"},{"taxonomy":"post_tag","embeddable":true,"href":"https:\/\/www.artesaniadecoracion.com\/blog\/wp-json\/wp\/v2\/tags?post=2700"}],"curies":[{"name":"wp","href":"https:\/\/api.w.org\/{rel}","templated":true}]}}