{"id":2796,"date":"2024-07-04T10:00:00","date_gmt":"2024-07-04T08:00:00","guid":{"rendered":"https:\/\/www.artesaniadecoracion.com\/blog\/?p=2796"},"modified":"2024-06-24T19:38:02","modified_gmt":"2024-06-24T17:38:02","slug":"dormitorio-de-estilo-clasico-en-forja-serie-lucia","status":"publish","type":"post","link":"https:\/\/www.artesaniadecoracion.com\/blog\/dormitorio-de-estilo-clasico-en-forja-serie-lucia\/","title":{"rendered":"DORMITORIO DE ESTILO CL\u00c1SICO EN FORJA: SERIE LUC\u00cdA"},"content":{"rendered":"\n<figure class=\"wp-block-image size-full\"><img loading=\"lazy\" decoding=\"async\" width=\"1000\" height=\"629\" src=\"https:\/\/www.artesaniadecoracion.com\/blog\/wp-content\/uploads\/2024\/06\/Dormitorio-Forja-Madera-Lucia.jpeg\" alt=\"Dormitorio Forja Madera Lucia\" class=\"wp-image-2794\" srcset=\"https:\/\/www.artesaniadecoracion.com\/blog\/wp-content\/uploads\/2024\/06\/Dormitorio-Forja-Madera-Lucia.jpeg 1000w, https:\/\/www.artesaniadecoracion.com\/blog\/wp-content\/uploads\/2024\/06\/Dormitorio-Forja-Madera-Lucia-300x189.jpeg 300w, https:\/\/www.artesaniadecoracion.com\/blog\/wp-content\/uploads\/2024\/06\/Dormitorio-Forja-Madera-Lucia-768x483.jpeg 768w, https:\/\/www.artesaniadecoracion.com\/blog\/wp-content\/uploads\/2024\/06\/Dormitorio-Forja-Madera-Lucia-624x392.jpeg 624w\" sizes=\"auto, (max-width: 1000px) 100vw, 1000px\" \/><figcaption class=\"wp-element-caption\">Dormitorio Forja Madera Lucia<\/figcaption><\/figure>\n\n\n\n<p>Para nuestro art\u00edculo de esta semana, presentamos el elegante dormitorio cl\u00e1sico de la <strong>serie Luc\u00eda<\/strong>. Este conjunto incluye un cabecero, una cama con dosel, un div\u00e1n y una mesita de noche. A continuaci\u00f3n, te detallo las caracter\u00edsticas clave:<\/p>\n\n\n\n<ol class=\"wp-block-list\">\n<li><strong>Cabecero y Cama Dosel:<\/strong><br>Adecuados para colchones de 90 a 180 y 200 cm.<br>Fabricados con tubo de acero combinados con forja.<br>Decoraciones de metal con guirnaldas doradas cl\u00e1sicas vintage.<\/li>\n\n\n\n<li><strong>Div\u00e1n Sof\u00e1:<\/strong><br>Dise\u00f1ado para colchones de 90 y 105 cm. Estructura en tubo met\u00e1lico decoraci\u00f3n chapa de acero.<\/li>\n\n\n\n<li><strong>Mesita de Noche:<\/strong><br>Estructura en tubo y chapa de acero.<br>Caj\u00f3n en madera laminada de pino natural.<br>Tirador met\u00e1lico personalizable en el color que prefieras.<\/li>\n\n\n\n<li><strong>Opciones de Acabado:<\/strong><br>Disponemos de 10 colores para las partes de metal y 9 colores para las de madera.<br>Para m\u00e1s detalles e im\u00e1genes, puedes seguir los enlaces al pie de cada imagen al final de este art\u00edculo. Si necesitas informaci\u00f3n adicional o deseas personalizar tu dormitorio, estamos a tu disposici\u00f3n. Recuerda en nuestros precios est\u00e1 incluido el IVA y los gastos de envi\u00f3 para la Pen\u00ednsula, en Baleares consultar presupuesto de envi\u00f3.<\/li>\n<\/ol>\n\n\n\n<figure class=\"wp-block-gallery has-nested-images columns-2 is-cropped wp-block-gallery-1 is-layout-flex wp-block-gallery-is-layout-flex\">\n<figure class=\"wp-block-image size-large\"><img loading=\"lazy\" decoding=\"async\" width=\"800\" height=\"800\" data-id=\"2795\" src=\"https:\/\/www.artesaniadecoracion.com\/blog\/wp-content\/uploads\/2024\/06\/Mesita-noche-forja-madera-clasica-serie-Lucia.jpeg\" alt=\"Mesita noche forja madera clasica serie Lucia\" class=\"wp-image-2795\" srcset=\"https:\/\/www.artesaniadecoracion.com\/blog\/wp-content\/uploads\/2024\/06\/Mesita-noche-forja-madera-clasica-serie-Lucia.jpeg 800w, https:\/\/www.artesaniadecoracion.com\/blog\/wp-content\/uploads\/2024\/06\/Mesita-noche-forja-madera-clasica-serie-Lucia-300x300.jpeg 300w, https:\/\/www.artesaniadecoracion.com\/blog\/wp-content\/uploads\/2024\/06\/Mesita-noche-forja-madera-clasica-serie-Lucia-150x150.jpeg 150w, https:\/\/www.artesaniadecoracion.com\/blog\/wp-content\/uploads\/2024\/06\/Mesita-noche-forja-madera-clasica-serie-Lucia-768x768.jpeg 768w, https:\/\/www.artesaniadecoracion.com\/blog\/wp-content\/uploads\/2024\/06\/Mesita-noche-forja-madera-clasica-serie-Lucia-624x624.jpeg 624w, https:\/\/www.artesaniadecoracion.com\/blog\/wp-content\/uploads\/2024\/06\/Mesita-noche-forja-madera-clasica-serie-Lucia-72x72.jpeg 72w, https:\/\/www.artesaniadecoracion.com\/blog\/wp-content\/uploads\/2024\/06\/Mesita-noche-forja-madera-clasica-serie-Lucia-350x350.jpeg 350w\" sizes=\"auto, (max-width: 800px) 100vw, 800px\" \/><figcaption class=\"wp-element-caption\"><b><a href=\"https:\/\/www.artesaniadecoracion.com\/dormitorio-mesillas-de-noche-forja-c-1002_1008_1080.html?page=3\" target=\"_blank\" rel=\"noopener\">Mesita noche forja madera clasica serie Lucia<\/a><\/b><\/figcaption><\/figure>\n\n\n\n<figure class=\"wp-block-image size-large\"><img loading=\"lazy\" decoding=\"async\" width=\"800\" height=\"568\" data-id=\"2793\" src=\"https:\/\/www.artesaniadecoracion.com\/blog\/wp-content\/uploads\/2024\/06\/Divan-de-forja-clasica-serie-Lucia.jpg\" alt=\"Divan de forja clasica serie Lucia\" class=\"wp-image-2793\" srcset=\"https:\/\/www.artesaniadecoracion.com\/blog\/wp-content\/uploads\/2024\/06\/Divan-de-forja-clasica-serie-Lucia.jpg 800w, https:\/\/www.artesaniadecoracion.com\/blog\/wp-content\/uploads\/2024\/06\/Divan-de-forja-clasica-serie-Lucia-300x213.jpg 300w, https:\/\/www.artesaniadecoracion.com\/blog\/wp-content\/uploads\/2024\/06\/Divan-de-forja-clasica-serie-Lucia-768x545.jpg 768w, https:\/\/www.artesaniadecoracion.com\/blog\/wp-content\/uploads\/2024\/06\/Divan-de-forja-clasica-serie-Lucia-624x443.jpg 624w\" sizes=\"auto, (max-width: 800px) 100vw, 800px\" \/><figcaption class=\"wp-element-caption\"><b><a href=\"https:\/\/www.artesaniadecoracion.com\/dormitorio-camas-dosel-y-divanes-forja-c-1002_1128_1130.html?page=4\" target=\"_blank\" rel=\"noopener\">Divan de forja clasica serie Lucia<\/a><\/b><\/figcaption><\/figure>\n\n\n\n<figure class=\"wp-block-image size-large\"><img loading=\"lazy\" decoding=\"async\" width=\"800\" height=\"800\" data-id=\"2791\" src=\"https:\/\/www.artesaniadecoracion.com\/blog\/wp-content\/uploads\/2024\/06\/Cabecero-clasico-de-forja-Lucia.jpeg\" alt=\"Cabecero clasico de forja Lucia\" class=\"wp-image-2791\" srcset=\"https:\/\/www.artesaniadecoracion.com\/blog\/wp-content\/uploads\/2024\/06\/Cabecero-clasico-de-forja-Lucia.jpeg 800w, https:\/\/www.artesaniadecoracion.com\/blog\/wp-content\/uploads\/2024\/06\/Cabecero-clasico-de-forja-Lucia-300x300.jpeg 300w, https:\/\/www.artesaniadecoracion.com\/blog\/wp-content\/uploads\/2024\/06\/Cabecero-clasico-de-forja-Lucia-150x150.jpeg 150w, https:\/\/www.artesaniadecoracion.com\/blog\/wp-content\/uploads\/2024\/06\/Cabecero-clasico-de-forja-Lucia-768x768.jpeg 768w, https:\/\/www.artesaniadecoracion.com\/blog\/wp-content\/uploads\/2024\/06\/Cabecero-clasico-de-forja-Lucia-624x624.jpeg 624w, https:\/\/www.artesaniadecoracion.com\/blog\/wp-content\/uploads\/2024\/06\/Cabecero-clasico-de-forja-Lucia-72x72.jpeg 72w, https:\/\/www.artesaniadecoracion.com\/blog\/wp-content\/uploads\/2024\/06\/Cabecero-clasico-de-forja-Lucia-350x350.jpeg 350w\" sizes=\"auto, (max-width: 800px) 100vw, 800px\" \/><figcaption class=\"wp-element-caption\"><b><a href=\"https:\/\/www.artesaniadecoracion.com\/dormitorio-cabeceros-de-cama-forja-clasicos-c-1002_1005_1035_1123.html?page=2\" target=\"_blank\" rel=\"noopener\">Cabecero clasico de forja Lucia<\/a><\/b><\/figcaption><\/figure>\n\n\n\n<figure class=\"wp-block-image size-large\"><img loading=\"lazy\" decoding=\"async\" width=\"620\" height=\"600\" data-id=\"2792\" src=\"https:\/\/www.artesaniadecoracion.com\/blog\/wp-content\/uploads\/2024\/06\/Cama-con-dosel-de-princesa-en-forja-serie-Lucia.jpg\" alt=\"Cama con dosel de princesa en forja serie Lucia\" class=\"wp-image-2792\" srcset=\"https:\/\/www.artesaniadecoracion.com\/blog\/wp-content\/uploads\/2024\/06\/Cama-con-dosel-de-princesa-en-forja-serie-Lucia.jpg 620w, https:\/\/www.artesaniadecoracion.com\/blog\/wp-content\/uploads\/2024\/06\/Cama-con-dosel-de-princesa-en-forja-serie-Lucia-300x290.jpg 300w\" sizes=\"auto, (max-width: 620px) 100vw, 620px\" \/><figcaption class=\"wp-element-caption\"><b><a href=\"https:\/\/www.artesaniadecoracion.com\/dormitorio-camas-dosel-y-divanes-forja-c-1002_1128_1130.html?page=2\" target=\"_blank\" rel=\"noopener\">Cama con dosel de princesa en forja serie Lucia<\/a><\/b><\/figcaption><\/figure>\n<\/figure>\n","protected":false},"excerpt":{"rendered":"<p>Para nuestro art\u00edculo de esta semana, presentamos el elegante dormitorio cl\u00e1sico de la serie Luc\u00eda. Este conjunto incluye un cabecero, una cama con dosel, un div\u00e1n y una mesita de noche. A continuaci\u00f3n, te detallo las caracter\u00edsticas clave:<\/p>\n","protected":false},"author":2,"featured_media":0,"comment_status":"closed","ping_status":"closed","sticky":false,"template":"","format":"standard","meta":{"om_disable_all_campaigns":false,"footnotes":""},"categories":[6],"tags":[1610,1611,1614,1613,1612,1454],"class_list":["post-2796","post","type-post","status-publish","format-standard","hentry","category-dormitorios","tag-cabecero-metalico-clasico","tag-cama-princesa-con-dosel-forja","tag-camas-divan-forja-actuales","tag-dormitorios-clasicos-de-forja-colores","tag-mesitas-noche-clasicas-madera-metal","tag-muebles-de-forja-dormitorios"],"aioseo_notices":[],"_links":{"self":[{"href":"https:\/\/www.artesaniadecoracion.com\/blog\/wp-json\/wp\/v2\/posts\/2796","targetHints":{"allow":["GET"]}}],"collection":[{"href":"https:\/\/www.artesaniadecoracion.com\/blog\/wp-json\/wp\/v2\/posts"}],"about":[{"href":"https:\/\/www.artesaniadecoracion.com\/blog\/wp-json\/wp\/v2\/types\/post"}],"author":[{"embeddable":true,"href":"https:\/\/www.artesaniadecoracion.com\/blog\/wp-json\/wp\/v2\/users\/2"}],"replies":[{"embeddable":true,"href":"https:\/\/www.artesaniadecoracion.com\/blog\/wp-json\/wp\/v2\/comments?post=2796"}],"version-history":[{"count":2,"href":"https:\/\/www.artesaniadecoracion.com\/blog\/wp-json\/wp\/v2\/posts\/2796\/revisions"}],"predecessor-version":[{"id":2798,"href":"https:\/\/www.artesaniadecoracion.com\/blog\/wp-json\/wp\/v2\/posts\/2796\/revisions\/2798"}],"wp:attachment":[{"href":"https:\/\/www.artesaniadecoracion.com\/blog\/wp-json\/wp\/v2\/media?parent=2796"}],"wp:term":[{"taxonomy":"category","embeddable":true,"href":"https:\/\/www.artesaniadecoracion.com\/blog\/wp-json\/wp\/v2\/categories?post=2796"},{"taxonomy":"post_tag","embeddable":true,"href":"https:\/\/www.artesaniadecoracion.com\/blog\/wp-json\/wp\/v2\/tags?post=2796"}],"curies":[{"name":"wp","href":"https:\/\/api.w.org\/{rel}","templated":true}]}}