{"id":2862,"date":"2024-07-17T10:00:00","date_gmt":"2024-07-17T08:00:00","guid":{"rendered":"https:\/\/www.artesaniadecoracion.com\/blog\/?p=2862"},"modified":"2024-07-08T18:44:00","modified_gmt":"2024-07-08T16:44:00","slug":"descubre-la-elegante-coleccion-marta-de-muebles-de-forja-y-madera-para-el-dormitorio","status":"publish","type":"post","link":"https:\/\/www.artesaniadecoracion.com\/blog\/descubre-la-elegante-coleccion-marta-de-muebles-de-forja-y-madera-para-el-dormitorio\/","title":{"rendered":"Descubre la Elegante Colecci\u00f3n Marta de Muebles de Forja y Madera para el Dormitorio"},"content":{"rendered":"\n<figure class=\"wp-block-image size-full\"><img loading=\"lazy\" decoding=\"async\" width=\"1000\" height=\"629\" src=\"https:\/\/www.artesaniadecoracion.com\/blog\/wp-content\/uploads\/2024\/07\/dormitorio-marta.jpeg\" alt=\"Dormitorio clasico de acero y forja Marta\" class=\"wp-image-2857\" srcset=\"https:\/\/www.artesaniadecoracion.com\/blog\/wp-content\/uploads\/2024\/07\/dormitorio-marta.jpeg 1000w, https:\/\/www.artesaniadecoracion.com\/blog\/wp-content\/uploads\/2024\/07\/dormitorio-marta-300x189.jpeg 300w, https:\/\/www.artesaniadecoracion.com\/blog\/wp-content\/uploads\/2024\/07\/dormitorio-marta-768x483.jpeg 768w, https:\/\/www.artesaniadecoracion.com\/blog\/wp-content\/uploads\/2024\/07\/dormitorio-marta-624x392.jpeg 624w\" sizes=\"auto, (max-width: 1000px) 100vw, 1000px\" \/><figcaption class=\"wp-element-caption\">Dormitorio clasico de acero y forja Marta<\/figcaption><\/figure>\n\n\n\n<p>En nuestra secci\u00f3n de mobiliario de forja para el dormitorio, queremos presentarte la colecci\u00f3n Marta, una opci\u00f3n cl\u00e1sica y sofisticada que transformar\u00e1 tu espacio en un refugio acogedor. Esta serie incluye una variedad de piezas que se adaptan a tus necesidades y gustos personales:<\/p>\n\n\n\n<p><strong><em>Cabecero y Cama Dosel:<\/em><\/strong> Dise\u00f1ados para colchones de 90 a 180 y 200 cm, estos elementos combinan tubo de acero y forja. Los detalles de metal, como las guirnaldas doradas, a\u00f1aden un toque vintage y elegante.<br><strong><em>Div\u00e1n Sof\u00e1:<\/em><\/strong> Ideal para colchones de 90 y 105 cm, este div\u00e1n presenta una estructura de tubo met\u00e1lico y una decoraci\u00f3n de chapa de acero.<br><strong><em>Mesita de Noche:<\/em><\/strong> La mesita combina tubo y chapa de acero, con un caj\u00f3n en madera laminada de pino natural. Adem\u00e1s, puedes personalizar el tirador met\u00e1lico en el color que prefieras.<br>Adem\u00e1s de estas piezas principales, la <strong><em>colecci\u00f3n Marta <\/em><\/strong>tambi\u00e9n incluye <em>una c\u00f3moda y un sinfonier<\/em>. Como elementos auxiliares, ofrecemos un <em>espejo para la c\u00f3moda y una lamparita para la mesita de noche<\/em>. Estas piezas auxiliares est\u00e1n fabricadas en madera y acero, a\u00f1adiendo un toque de calidez y funcionalidad.<\/p>\n\n\n\n<p><strong><em>Personalizaci\u00f3n y Variedad de Colores:<\/em><\/strong><\/p>\n\n\n\n<p>Elige entre 10 colores para las partes de metal y 9 colores para las de madera.<br>Todas las camas se adaptan a diferentes tama\u00f1os de colchones, desde 90 hasta 180 cm.<br>Recuerda que nuestros precios incluyen el IVA y los gastos de env\u00edo dentro de la pen\u00ednsula. Si deseas m\u00e1s informaci\u00f3n os adjuntamos las imagenes y enlaces al final de post. <\/p>\n\n\n\n<p>Si tienes alguna pregunta, no dudes en consultarnos por E-mail o tel\u00e9fono. <\/p>\n\n\n\n<p>\u00a1Estamos aqu\u00ed para ayudarte a crear el dormitorio perfecto!<\/p>\n\n\n\n<figure class=\"wp-block-gallery has-nested-images columns-default is-cropped wp-block-gallery-1 is-layout-flex wp-block-gallery-is-layout-flex\">\n<figure class=\"wp-block-image size-large\"><img loading=\"lazy\" decoding=\"async\" width=\"800\" height=\"800\" data-id=\"2861\" src=\"https:\/\/www.artesaniadecoracion.com\/blog\/wp-content\/uploads\/2024\/07\/Sinfonier-madera-6-cajones-actual-dormitorio-marta.jpeg\" alt=\"Sinfonier madera 6 cajones actual dormitorio marta\" class=\"wp-image-2861\" srcset=\"https:\/\/www.artesaniadecoracion.com\/blog\/wp-content\/uploads\/2024\/07\/Sinfonier-madera-6-cajones-actual-dormitorio-marta.jpeg 800w, https:\/\/www.artesaniadecoracion.com\/blog\/wp-content\/uploads\/2024\/07\/Sinfonier-madera-6-cajones-actual-dormitorio-marta-300x300.jpeg 300w, https:\/\/www.artesaniadecoracion.com\/blog\/wp-content\/uploads\/2024\/07\/Sinfonier-madera-6-cajones-actual-dormitorio-marta-150x150.jpeg 150w, https:\/\/www.artesaniadecoracion.com\/blog\/wp-content\/uploads\/2024\/07\/Sinfonier-madera-6-cajones-actual-dormitorio-marta-768x768.jpeg 768w, https:\/\/www.artesaniadecoracion.com\/blog\/wp-content\/uploads\/2024\/07\/Sinfonier-madera-6-cajones-actual-dormitorio-marta-624x624.jpeg 624w, https:\/\/www.artesaniadecoracion.com\/blog\/wp-content\/uploads\/2024\/07\/Sinfonier-madera-6-cajones-actual-dormitorio-marta-72x72.jpeg 72w, https:\/\/www.artesaniadecoracion.com\/blog\/wp-content\/uploads\/2024\/07\/Sinfonier-madera-6-cajones-actual-dormitorio-marta-350x350.jpeg 350w\" sizes=\"auto, (max-width: 800px) 100vw, 800px\" \/><figcaption class=\"wp-element-caption\"><b><a href=\"https:\/\/www.artesaniadecoracion.com\/dormitorio-sinfonieres-y-armarios-actual-c-1002_1007_1105.html\" target=\"_blank\" rel=\"noopener\">Sinfonier madera 6 cajones actual dormitorio marta<\/a><\/b><\/figcaption><\/figure>\n\n\n\n<figure class=\"wp-block-image size-large\"><img loading=\"lazy\" decoding=\"async\" width=\"800\" height=\"800\" data-id=\"2860\" src=\"https:\/\/www.artesaniadecoracion.com\/blog\/wp-content\/uploads\/2024\/07\/Mesita-noche-de-forja-y-madera-diseno-clasico-1-cajon.jpeg\" alt=\"Mesita noche de forja y madera dise\u00f1o clasico 1 cajon\" class=\"wp-image-2860\" srcset=\"https:\/\/www.artesaniadecoracion.com\/blog\/wp-content\/uploads\/2024\/07\/Mesita-noche-de-forja-y-madera-diseno-clasico-1-cajon.jpeg 800w, https:\/\/www.artesaniadecoracion.com\/blog\/wp-content\/uploads\/2024\/07\/Mesita-noche-de-forja-y-madera-diseno-clasico-1-cajon-300x300.jpeg 300w, https:\/\/www.artesaniadecoracion.com\/blog\/wp-content\/uploads\/2024\/07\/Mesita-noche-de-forja-y-madera-diseno-clasico-1-cajon-150x150.jpeg 150w, https:\/\/www.artesaniadecoracion.com\/blog\/wp-content\/uploads\/2024\/07\/Mesita-noche-de-forja-y-madera-diseno-clasico-1-cajon-768x768.jpeg 768w, https:\/\/www.artesaniadecoracion.com\/blog\/wp-content\/uploads\/2024\/07\/Mesita-noche-de-forja-y-madera-diseno-clasico-1-cajon-624x624.jpeg 624w, https:\/\/www.artesaniadecoracion.com\/blog\/wp-content\/uploads\/2024\/07\/Mesita-noche-de-forja-y-madera-diseno-clasico-1-cajon-72x72.jpeg 72w, https:\/\/www.artesaniadecoracion.com\/blog\/wp-content\/uploads\/2024\/07\/Mesita-noche-de-forja-y-madera-diseno-clasico-1-cajon-350x350.jpeg 350w\" sizes=\"auto, (max-width: 800px) 100vw, 800px\" \/><figcaption class=\"wp-element-caption\"><b><a href=\"https:\/\/www.artesaniadecoracion.com\/dormitorio-mesillas-de-noche-forja-c-1002_1008_1080.html?page=2\" target=\"_blank\" rel=\"noopener\">Mesita noche de forja y madera dise\u00f1o clasico 1 cajon<\/a><\/b><\/figcaption><\/figure>\n\n\n\n<figure class=\"wp-block-image size-large\"><img loading=\"lazy\" decoding=\"async\" width=\"800\" height=\"800\" data-id=\"2859\" src=\"https:\/\/www.artesaniadecoracion.com\/blog\/wp-content\/uploads\/2024\/07\/Lampara-de-mesita-en-forja-serie-Marta.jpeg\" alt=\"Lampara de mesita en forja serie Marta\" class=\"wp-image-2859\" srcset=\"https:\/\/www.artesaniadecoracion.com\/blog\/wp-content\/uploads\/2024\/07\/Lampara-de-mesita-en-forja-serie-Marta.jpeg 800w, https:\/\/www.artesaniadecoracion.com\/blog\/wp-content\/uploads\/2024\/07\/Lampara-de-mesita-en-forja-serie-Marta-300x300.jpeg 300w, https:\/\/www.artesaniadecoracion.com\/blog\/wp-content\/uploads\/2024\/07\/Lampara-de-mesita-en-forja-serie-Marta-150x150.jpeg 150w, https:\/\/www.artesaniadecoracion.com\/blog\/wp-content\/uploads\/2024\/07\/Lampara-de-mesita-en-forja-serie-Marta-768x768.jpeg 768w, https:\/\/www.artesaniadecoracion.com\/blog\/wp-content\/uploads\/2024\/07\/Lampara-de-mesita-en-forja-serie-Marta-624x624.jpeg 624w, https:\/\/www.artesaniadecoracion.com\/blog\/wp-content\/uploads\/2024\/07\/Lampara-de-mesita-en-forja-serie-Marta-72x72.jpeg 72w, https:\/\/www.artesaniadecoracion.com\/blog\/wp-content\/uploads\/2024\/07\/Lampara-de-mesita-en-forja-serie-Marta-350x350.jpeg 350w\" sizes=\"auto, (max-width: 800px) 100vw, 800px\" \/><figcaption class=\"wp-element-caption\"><b><a href=\"https:\/\/www.artesaniadecoracion.com\/lamparas-lamparas-con-tulipas-actuales-lampara-pie-c-8_273_275.html\" target=\"_blank\" rel=\"noopener\">Lampara de mesita en forja serie Marta<\/a><\/b><\/figcaption><\/figure>\n\n\n\n<figure class=\"wp-block-image size-large\"><img loading=\"lazy\" decoding=\"async\" width=\"800\" height=\"800\" data-id=\"2858\" src=\"https:\/\/www.artesaniadecoracion.com\/blog\/wp-content\/uploads\/2024\/07\/Espejo-para-comoda-marta-diseno-actual.jpeg\" alt=\"Espejo para comoda marta dise\u00f1o actual\" class=\"wp-image-2858\" srcset=\"https:\/\/www.artesaniadecoracion.com\/blog\/wp-content\/uploads\/2024\/07\/Espejo-para-comoda-marta-diseno-actual.jpeg 800w, https:\/\/www.artesaniadecoracion.com\/blog\/wp-content\/uploads\/2024\/07\/Espejo-para-comoda-marta-diseno-actual-300x300.jpeg 300w, https:\/\/www.artesaniadecoracion.com\/blog\/wp-content\/uploads\/2024\/07\/Espejo-para-comoda-marta-diseno-actual-150x150.jpeg 150w, https:\/\/www.artesaniadecoracion.com\/blog\/wp-content\/uploads\/2024\/07\/Espejo-para-comoda-marta-diseno-actual-768x768.jpeg 768w, https:\/\/www.artesaniadecoracion.com\/blog\/wp-content\/uploads\/2024\/07\/Espejo-para-comoda-marta-diseno-actual-624x624.jpeg 624w, https:\/\/www.artesaniadecoracion.com\/blog\/wp-content\/uploads\/2024\/07\/Espejo-para-comoda-marta-diseno-actual-72x72.jpeg 72w, https:\/\/www.artesaniadecoracion.com\/blog\/wp-content\/uploads\/2024\/07\/Espejo-para-comoda-marta-diseno-actual-350x350.jpeg 350w\" sizes=\"auto, (max-width: 800px) 100vw, 800px\" \/><figcaption class=\"wp-element-caption\"><b><a href=\"https:\/\/www.artesaniadecoracion.com\/decoracion-espejos-decoracion-hogar-c-9_555.html?page=2\" target=\"_blank\" rel=\"noopener\">Espejo para comoda marta dise\u00f1o actual<\/a><\/b><\/figcaption><\/figure>\n\n\n\n<figure class=\"wp-block-image size-large\"><img loading=\"lazy\" decoding=\"async\" width=\"800\" height=\"800\" data-id=\"2856\" src=\"https:\/\/www.artesaniadecoracion.com\/blog\/wp-content\/uploads\/2024\/07\/Comoda-cajones-estilo-moderno-coleccion-marta.jpeg\" alt=\"Comoda cajones estilo moderno coleccion marta\" class=\"wp-image-2856\" srcset=\"https:\/\/www.artesaniadecoracion.com\/blog\/wp-content\/uploads\/2024\/07\/Comoda-cajones-estilo-moderno-coleccion-marta.jpeg 800w, https:\/\/www.artesaniadecoracion.com\/blog\/wp-content\/uploads\/2024\/07\/Comoda-cajones-estilo-moderno-coleccion-marta-300x300.jpeg 300w, https:\/\/www.artesaniadecoracion.com\/blog\/wp-content\/uploads\/2024\/07\/Comoda-cajones-estilo-moderno-coleccion-marta-150x150.jpeg 150w, https:\/\/www.artesaniadecoracion.com\/blog\/wp-content\/uploads\/2024\/07\/Comoda-cajones-estilo-moderno-coleccion-marta-768x768.jpeg 768w, https:\/\/www.artesaniadecoracion.com\/blog\/wp-content\/uploads\/2024\/07\/Comoda-cajones-estilo-moderno-coleccion-marta-624x624.jpeg 624w, https:\/\/www.artesaniadecoracion.com\/blog\/wp-content\/uploads\/2024\/07\/Comoda-cajones-estilo-moderno-coleccion-marta-72x72.jpeg 72w, https:\/\/www.artesaniadecoracion.com\/blog\/wp-content\/uploads\/2024\/07\/Comoda-cajones-estilo-moderno-coleccion-marta-350x350.jpeg 350w\" sizes=\"auto, (max-width: 800px) 100vw, 800px\" \/><figcaption class=\"wp-element-caption\"><b><a href=\"https:\/\/www.artesaniadecoracion.com\/dormitorio-comodas-y-espejos-actual-c-1002_1003_1050.html\" target=\"_blank\" rel=\"noopener\">Comoda cajones estilo moderno coleccion marta<\/a><\/b><\/figcaption><\/figure>\n\n\n\n<figure class=\"wp-block-image size-large\"><img loading=\"lazy\" decoding=\"async\" width=\"800\" height=\"800\" data-id=\"2855\" src=\"https:\/\/www.artesaniadecoracion.com\/blog\/wp-content\/uploads\/2024\/07\/Cama-diseno-clasico-en-forja-y-acero-Marta.jpeg\" alt=\"Cama dise\u00f1o clasico en forja y acero Marta\" class=\"wp-image-2855\" srcset=\"https:\/\/www.artesaniadecoracion.com\/blog\/wp-content\/uploads\/2024\/07\/Cama-diseno-clasico-en-forja-y-acero-Marta.jpeg 800w, https:\/\/www.artesaniadecoracion.com\/blog\/wp-content\/uploads\/2024\/07\/Cama-diseno-clasico-en-forja-y-acero-Marta-300x300.jpeg 300w, https:\/\/www.artesaniadecoracion.com\/blog\/wp-content\/uploads\/2024\/07\/Cama-diseno-clasico-en-forja-y-acero-Marta-150x150.jpeg 150w, https:\/\/www.artesaniadecoracion.com\/blog\/wp-content\/uploads\/2024\/07\/Cama-diseno-clasico-en-forja-y-acero-Marta-768x768.jpeg 768w, https:\/\/www.artesaniadecoracion.com\/blog\/wp-content\/uploads\/2024\/07\/Cama-diseno-clasico-en-forja-y-acero-Marta-624x624.jpeg 624w, https:\/\/www.artesaniadecoracion.com\/blog\/wp-content\/uploads\/2024\/07\/Cama-diseno-clasico-en-forja-y-acero-Marta-72x72.jpeg 72w, https:\/\/www.artesaniadecoracion.com\/blog\/wp-content\/uploads\/2024\/07\/Cama-diseno-clasico-en-forja-y-acero-Marta-350x350.jpeg 350w\" sizes=\"auto, (max-width: 800px) 100vw, 800px\" \/><figcaption class=\"wp-element-caption\"><b><a href=\"https:\/\/www.artesaniadecoracion.com\/dormitorio-camas-forja-c-1002_1006_1044.html?page=2\" target=\"_blank\" rel=\"noopener\">Cama dise\u00f1o clasico en forja y acero Marta<\/a><\/b><\/figcaption><\/figure>\n<\/figure>\n","protected":false},"excerpt":{"rendered":"<p>En nuestra secci\u00f3n de mobiliario de forja para el dormitorio, queremos presentarte la colecci\u00f3n Marta, una opci\u00f3n cl\u00e1sica y sofisticada que transformar\u00e1 tu espacio en un refugio acogedor. Esta serie incluye una variedad de piezas que se adaptan a tus necesidades y gustos personales: Cabecero y Cama Dosel: Dise\u00f1ados para colchones de 90 a 180 [&hellip;]<\/p>\n","protected":false},"author":2,"featured_media":0,"comment_status":"closed","ping_status":"closed","sticky":false,"template":"","format":"standard","meta":{"om_disable_all_campaigns":false,"footnotes":""},"categories":[6],"tags":[1644,1645,1646,1643,1647],"class_list":["post-2862","post","type-post","status-publish","format-standard","hentry","category-dormitorios","tag-cabecero-de-forja-clasico","tag-camas-dosel-de-forja-actuales","tag-comodas-dormitorio-madera-metal","tag-dormitorio-forja-madera-clasico","tag-mesitas-noche-y-lamparas"],"aioseo_notices":[],"_links":{"self":[{"href":"https:\/\/www.artesaniadecoracion.com\/blog\/wp-json\/wp\/v2\/posts\/2862","targetHints":{"allow":["GET"]}}],"collection":[{"href":"https:\/\/www.artesaniadecoracion.com\/blog\/wp-json\/wp\/v2\/posts"}],"about":[{"href":"https:\/\/www.artesaniadecoracion.com\/blog\/wp-json\/wp\/v2\/types\/post"}],"author":[{"embeddable":true,"href":"https:\/\/www.artesaniadecoracion.com\/blog\/wp-json\/wp\/v2\/users\/2"}],"replies":[{"embeddable":true,"href":"https:\/\/www.artesaniadecoracion.com\/blog\/wp-json\/wp\/v2\/comments?post=2862"}],"version-history":[{"count":1,"href":"https:\/\/www.artesaniadecoracion.com\/blog\/wp-json\/wp\/v2\/posts\/2862\/revisions"}],"predecessor-version":[{"id":2863,"href":"https:\/\/www.artesaniadecoracion.com\/blog\/wp-json\/wp\/v2\/posts\/2862\/revisions\/2863"}],"wp:attachment":[{"href":"https:\/\/www.artesaniadecoracion.com\/blog\/wp-json\/wp\/v2\/media?parent=2862"}],"wp:term":[{"taxonomy":"category","embeddable":true,"href":"https:\/\/www.artesaniadecoracion.com\/blog\/wp-json\/wp\/v2\/categories?post=2862"},{"taxonomy":"post_tag","embeddable":true,"href":"https:\/\/www.artesaniadecoracion.com\/blog\/wp-json\/wp\/v2\/tags?post=2862"}],"curies":[{"name":"wp","href":"https:\/\/api.w.org\/{rel}","templated":true}]}}