{"id":3088,"date":"2024-09-19T10:00:00","date_gmt":"2024-09-19T08:00:00","guid":{"rendered":"https:\/\/www.artesaniadecoracion.com\/blog\/?p=3088"},"modified":"2024-09-09T19:08:06","modified_gmt":"2024-09-09T17:08:06","slug":"fusion-de-estilos-en-el-salon-combinando-modernidad-y-tradicion","status":"publish","type":"post","link":"https:\/\/www.artesaniadecoracion.com\/blog\/fusion-de-estilos-en-el-salon-combinando-modernidad-y-tradicion\/","title":{"rendered":"Fusi\u00f3n de Estilos en el Sal\u00f3n: Combinando Modernidad y Tradici\u00f3n"},"content":{"rendered":"\n<figure class=\"wp-block-image size-full\"><img loading=\"lazy\" decoding=\"async\" width=\"800\" height=\"600\" src=\"https:\/\/www.artesaniadecoracion.com\/blog\/wp-content\/uploads\/2024\/09\/salon-fusion.jpg\" alt=\"Elegancia y Confort: La Fusi\u00f3n Perfecta de Muebles en tu Sal\u00f3n\" class=\"wp-image-3085\" srcset=\"https:\/\/www.artesaniadecoracion.com\/blog\/wp-content\/uploads\/2024\/09\/salon-fusion.jpg 800w, https:\/\/www.artesaniadecoracion.com\/blog\/wp-content\/uploads\/2024\/09\/salon-fusion-300x225.jpg 300w, https:\/\/www.artesaniadecoracion.com\/blog\/wp-content\/uploads\/2024\/09\/salon-fusion-768x576.jpg 768w, https:\/\/www.artesaniadecoracion.com\/blog\/wp-content\/uploads\/2024\/09\/salon-fusion-624x468.jpg 624w, https:\/\/www.artesaniadecoracion.com\/blog\/wp-content\/uploads\/2024\/09\/salon-fusion-200x150.jpg 200w\" sizes=\"auto, (max-width: 800px) 100vw, 800px\" \/><figcaption class=\"wp-element-caption\">Elegancia y Confort: La Fusi\u00f3n Perfecta de Muebles en tu Sal\u00f3n<\/figcaption><\/figure>\n\n\n\n<p>La decoraci\u00f3n de interiores es un arte que permite expresar nuestra personalidad y estilo a trav\u00e9s de los espacios que habitamos. En la b\u00fasqueda de un sal\u00f3n que combine confort y est\u00e9tica, la fusi\u00f3n de estilos se presenta como una opci\u00f3n innovadora y atractiva. En este art\u00edculo, te mostramos c\u00f3mo integrar muebles de diferentes colecciones para crear un sal\u00f3n que sea tanto moderno como acogedor.<\/p>\n\n\n\n<ol class=\"wp-block-list\">\n<li><strong><em>Sof\u00e1s y Sillones en Lana Natural de la Serie Adist<\/em><\/strong><\/li>\n<\/ol>\n\n\n\n<p>La serie Adist se caracteriza por sus muebles tapizados en lana natural, que aportan una sensaci\u00f3n de calidez y confort al sal\u00f3n. Los sof\u00e1s y sillones de esta colecci\u00f3n no solo son c\u00f3modos, sino que tambi\u00e9n presentan un dise\u00f1o contempor\u00e1neo que se adapta a diversos estilos decorativos. La lana natural es un material duradero y sostenible, ideal para quienes buscan una opci\u00f3n ecol\u00f3gica sin sacrificar el estilo.<\/p>\n\n\n\n<ol start=\"2\" class=\"wp-block-list\">\n<li><strong><em>Aparador en Madera Maciza Oriental de la Serie Ukir<\/em><\/strong><\/li>\n<\/ol>\n\n\n\n<p>El aparador de la serie Ukir a\u00f1ade un toque de exotismo y elegancia al sal\u00f3n. Fabricado en madera maciza, este mueble destaca por sus intrincados detalles tallados a mano, que reflejan la rica tradici\u00f3n artesanal oriental. La combinaci\u00f3n de este aparador con los sof\u00e1s de lana natural crea un contraste interesante entre lo moderno y lo tradicional, aportando profundidad y car\u00e1cter al espacio.<\/p>\n\n\n\n<ol start=\"3\" class=\"wp-block-list\">\n<li><strong><em>Mesas Bajas Redondas de la Colecci\u00f3n Malmo<\/em><\/strong><\/li>\n<\/ol>\n\n\n\n<p>Para completar la fusi\u00f3n de estilos, las mesas bajas redondas de la colecci\u00f3n Malmo son la elecci\u00f3n perfecta. Estas mesas, con su dise\u00f1o minimalista y l\u00edneas limpias, aportan un toque de modernidad y funcionalidad al sal\u00f3n. Su forma redonda facilita la circulaci\u00f3n y crea un ambiente m\u00e1s fluido y acogedor. Adem\u00e1s, su versatilidad permite combinarlas con diferentes tipos de muebles y decoraciones.<\/p>\n\n\n\n<ol start=\"4\" class=\"wp-block-list\">\n<li><strong><em>Creando un Ambiente Armonioso<\/em><\/strong><\/li>\n<\/ol>\n\n\n\n<p>La clave para lograr una fusi\u00f3n de estilos exitosa es encontrar un equilibrio entre los diferentes elementos. En este caso, los sof\u00e1s y sillones de lana natural aportan calidez y confort, el aparador oriental a\u00f1ade un toque de elegancia y exotismo, y las mesas bajas redondas completan el conjunto con su dise\u00f1o moderno y funcional. Al combinar estos muebles, se crea un sal\u00f3n que es a la vez acogedor y estilizado, reflejando una personalidad \u00fanica y sofisticada.<\/p>\n\n\n\n<ol start=\"5\" class=\"wp-block-list\">\n<li><strong><em>Consejos para la Decoraci\u00f3n<\/em><\/strong><\/li>\n<\/ol>\n\n\n\n<p><em>Paleta de Colores:<\/em> Opta por una paleta de colores neutros y naturales que complementen los materiales de los muebles. Los tonos tierra, grises y blancos son ideales para crear un ambiente armonioso.<br><em>Accesorios:<\/em> A\u00f1ade cojines, alfombras y cortinas que complementen los muebles y aporten textura y color al sal\u00f3n.<br><em>Iluminaci\u00f3n:<\/em> Utiliza una combinaci\u00f3n de luces directas e indirectas para crear un ambiente acogedor y resaltar los detalles de los muebles.<br>En conclusi\u00f3n, la fusi\u00f3n de estilos en la decoraci\u00f3n del sal\u00f3n permite crear espacios \u00fanicos y personalizados. Al combinar muebles de diferentes colecciones, como los sof\u00e1s y sillones de lana natural de la serie Adist, el aparador oriental de la serie Ukir y las mesas bajas redondas de la colecci\u00f3n Malmo, se puede lograr un sal\u00f3n que sea tanto moderno como acogedor. Atr\u00e9vete a experimentar y descubre c\u00f3mo la fusi\u00f3n de estilos puede transformar tu hogar.<\/p>\n\n\n\n<p>Os adjuntamos las im\u00e1genes y los enlaces de esta colecci\u00f3n, para ampliar informaci\u00f3n visitar nuestra tienda de mueble online.<\/p>\n\n\n\n<figure class=\"wp-block-gallery has-nested-images columns-default is-cropped wp-block-gallery-1 is-layout-flex wp-block-gallery-is-layout-flex\">\n<figure class=\"wp-block-image size-large\"><img loading=\"lazy\" decoding=\"async\" width=\"938\" height=\"1024\" data-id=\"3087\" src=\"https:\/\/www.artesaniadecoracion.com\/blog\/wp-content\/uploads\/2024\/09\/Sillon-relax-blanco-tapizado-lana-938x1024.jpeg\" alt=\"Sillon relax blanco tapizado lana\" class=\"wp-image-3087\" srcset=\"https:\/\/www.artesaniadecoracion.com\/blog\/wp-content\/uploads\/2024\/09\/Sillon-relax-blanco-tapizado-lana-938x1024.jpeg 938w, https:\/\/www.artesaniadecoracion.com\/blog\/wp-content\/uploads\/2024\/09\/Sillon-relax-blanco-tapizado-lana-275x300.jpeg 275w, https:\/\/www.artesaniadecoracion.com\/blog\/wp-content\/uploads\/2024\/09\/Sillon-relax-blanco-tapizado-lana-768x838.jpeg 768w, https:\/\/www.artesaniadecoracion.com\/blog\/wp-content\/uploads\/2024\/09\/Sillon-relax-blanco-tapizado-lana-624x681.jpeg 624w, https:\/\/www.artesaniadecoracion.com\/blog\/wp-content\/uploads\/2024\/09\/Sillon-relax-blanco-tapizado-lana.jpeg 1150w\" sizes=\"auto, (max-width: 938px) 100vw, 938px\" \/><figcaption class=\"wp-element-caption\"><b><a href=\"https:\/\/www.artesaniadecoracion.com\/salon-sofas-sillones-blanco-c-802_807_889.html\" target=\"_blank\" rel=\"noopener\">Sillon relax blanco tapizado lana<\/a><\/b><\/figcaption><\/figure>\n\n\n\n<figure class=\"wp-block-image size-large\"><img loading=\"lazy\" decoding=\"async\" width=\"938\" height=\"1024\" data-id=\"3086\" src=\"https:\/\/www.artesaniadecoracion.com\/blog\/wp-content\/uploads\/2024\/09\/Silla-taburete-tapizado-lana-diseno-moderno-938x1024.jpeg\" alt=\"Silla taburete tapizado lana dise\u00f1o moderno\" class=\"wp-image-3086\" srcset=\"https:\/\/www.artesaniadecoracion.com\/blog\/wp-content\/uploads\/2024\/09\/Silla-taburete-tapizado-lana-diseno-moderno-938x1024.jpeg 938w, https:\/\/www.artesaniadecoracion.com\/blog\/wp-content\/uploads\/2024\/09\/Silla-taburete-tapizado-lana-diseno-moderno-275x300.jpeg 275w, https:\/\/www.artesaniadecoracion.com\/blog\/wp-content\/uploads\/2024\/09\/Silla-taburete-tapizado-lana-diseno-moderno-768x838.jpeg 768w, https:\/\/www.artesaniadecoracion.com\/blog\/wp-content\/uploads\/2024\/09\/Silla-taburete-tapizado-lana-diseno-moderno-624x681.jpeg 624w, https:\/\/www.artesaniadecoracion.com\/blog\/wp-content\/uploads\/2024\/09\/Silla-taburete-tapizado-lana-diseno-moderno.jpeg 1150w\" sizes=\"auto, (max-width: 938px) 100vw, 938px\" \/><figcaption class=\"wp-element-caption\"><b><a href=\"https:\/\/www.artesaniadecoracion.com\/comedor-sillas-taburetes-blanco-c-907_910_961.html?page=2\" target=\"_blank\" rel=\"noopener\">Silla taburete tapizado lana dise\u00f1o moderno<\/a><\/b><\/figcaption><\/figure>\n\n\n\n<figure class=\"wp-block-image size-large\"><img loading=\"lazy\" decoding=\"async\" width=\"938\" height=\"1024\" data-id=\"3084\" src=\"https:\/\/www.artesaniadecoracion.com\/blog\/wp-content\/uploads\/2024\/09\/Mesa-auxiliar-madera-de-teca-natural-938x1024.jpeg\" alt=\"Mesa auxiliar madera de teca natural\" class=\"wp-image-3084\" srcset=\"https:\/\/www.artesaniadecoracion.com\/blog\/wp-content\/uploads\/2024\/09\/Mesa-auxiliar-madera-de-teca-natural-938x1024.jpeg 938w, https:\/\/www.artesaniadecoracion.com\/blog\/wp-content\/uploads\/2024\/09\/Mesa-auxiliar-madera-de-teca-natural-275x300.jpeg 275w, https:\/\/www.artesaniadecoracion.com\/blog\/wp-content\/uploads\/2024\/09\/Mesa-auxiliar-madera-de-teca-natural-768x838.jpeg 768w, https:\/\/www.artesaniadecoracion.com\/blog\/wp-content\/uploads\/2024\/09\/Mesa-auxiliar-madera-de-teca-natural-624x681.jpeg 624w, https:\/\/www.artesaniadecoracion.com\/blog\/wp-content\/uploads\/2024\/09\/Mesa-auxiliar-madera-de-teca-natural.jpeg 1150w\" sizes=\"auto, (max-width: 938px) 100vw, 938px\" \/><figcaption class=\"wp-element-caption\"><b><a href=\"https:\/\/www.artesaniadecoracion.com\/salon-auxiliares-rustico-c-802_808_821.html\" target=\"_blank\" rel=\"noopener\">Mesa auxiliar madera de teca natural<\/a><\/b><\/figcaption><\/figure>\n\n\n\n<figure class=\"wp-block-image size-large\"><img loading=\"lazy\" decoding=\"async\" width=\"938\" height=\"1024\" data-id=\"3083\" src=\"https:\/\/www.artesaniadecoracion.com\/blog\/wp-content\/uploads\/2024\/09\/Butaca-salon-madera-y-tapiceria-de-lana-natural-938x1024.jpeg\" alt=\"Butaca salon madera y tapiceria de lana natural\" class=\"wp-image-3083\" srcset=\"https:\/\/www.artesaniadecoracion.com\/blog\/wp-content\/uploads\/2024\/09\/Butaca-salon-madera-y-tapiceria-de-lana-natural-938x1024.jpeg 938w, https:\/\/www.artesaniadecoracion.com\/blog\/wp-content\/uploads\/2024\/09\/Butaca-salon-madera-y-tapiceria-de-lana-natural-275x300.jpeg 275w, https:\/\/www.artesaniadecoracion.com\/blog\/wp-content\/uploads\/2024\/09\/Butaca-salon-madera-y-tapiceria-de-lana-natural-768x838.jpeg 768w, https:\/\/www.artesaniadecoracion.com\/blog\/wp-content\/uploads\/2024\/09\/Butaca-salon-madera-y-tapiceria-de-lana-natural-624x681.jpeg 624w, https:\/\/www.artesaniadecoracion.com\/blog\/wp-content\/uploads\/2024\/09\/Butaca-salon-madera-y-tapiceria-de-lana-natural.jpeg 1150w\" sizes=\"auto, (max-width: 938px) 100vw, 938px\" \/><figcaption class=\"wp-element-caption\"><b><a href=\"https:\/\/www.artesaniadecoracion.com\/salon-sofas-sillones-blanco-c-802_807_889.html\" target=\"_blank\" rel=\"noopener\">Butaca salon madera y tapiceria de lana natural<\/a><\/b><\/figcaption><\/figure>\n\n\n\n<figure class=\"wp-block-image size-large\"><img loading=\"lazy\" decoding=\"async\" width=\"938\" height=\"1024\" data-id=\"3082\" src=\"https:\/\/www.artesaniadecoracion.com\/blog\/wp-content\/uploads\/2024\/09\/Aparador-diseno-oriental-5-cajones-tallados-938x1024.jpeg\" alt=\"Aparador dise\u00f1o oriental 5 cajones tallados\" class=\"wp-image-3082\" srcset=\"https:\/\/www.artesaniadecoracion.com\/blog\/wp-content\/uploads\/2024\/09\/Aparador-diseno-oriental-5-cajones-tallados-938x1024.jpeg 938w, https:\/\/www.artesaniadecoracion.com\/blog\/wp-content\/uploads\/2024\/09\/Aparador-diseno-oriental-5-cajones-tallados-275x300.jpeg 275w, https:\/\/www.artesaniadecoracion.com\/blog\/wp-content\/uploads\/2024\/09\/Aparador-diseno-oriental-5-cajones-tallados-768x838.jpeg 768w, https:\/\/www.artesaniadecoracion.com\/blog\/wp-content\/uploads\/2024\/09\/Aparador-diseno-oriental-5-cajones-tallados-624x681.jpeg 624w, https:\/\/www.artesaniadecoracion.com\/blog\/wp-content\/uploads\/2024\/09\/Aparador-diseno-oriental-5-cajones-tallados.jpeg 1150w\" sizes=\"auto, (max-width: 938px) 100vw, 938px\" \/><figcaption class=\"wp-element-caption\"><b><a href=\"https:\/\/www.artesaniadecoracion.com\/comedor-aparadores-buffet-rustico-c-907_909_926.html\" target=\"_blank\" rel=\"noopener\">Aparador dise\u00f1o oriental 5 cajones tallados<\/a><\/b><\/figcaption><\/figure>\n<\/figure>\n","protected":false},"excerpt":{"rendered":"<p>La decoraci\u00f3n de interiores es un arte que permite expresar nuestra personalidad y estilo a trav\u00e9s de los espacios que habitamos. En la b\u00fasqueda de un sal\u00f3n que combine confort y est\u00e9tica, la fusi\u00f3n de estilos se presenta como una opci\u00f3n innovadora y atractiva. En este art\u00edculo, te mostramos c\u00f3mo integrar muebles de diferentes colecciones [&hellip;]<\/p>\n","protected":false},"author":2,"featured_media":0,"comment_status":"closed","ping_status":"closed","sticky":false,"template":"","format":"standard","meta":{"om_disable_all_campaigns":false,"footnotes":""},"categories":[5],"tags":[1883,1722,1879,1885,1880,1881,1884],"class_list":["post-3088","post","type-post","status-publish","format-standard","hentry","category-salones","tag-aparador-oriental","tag-decoracion-de-interiores","tag-diseno-de-salon","tag-diseno-de-salones","tag-fusion-de-estilos","tag-mesas-bajas-redondas","tag-muebles-de-lana-natural"],"aioseo_notices":[],"_links":{"self":[{"href":"https:\/\/www.artesaniadecoracion.com\/blog\/wp-json\/wp\/v2\/posts\/3088","targetHints":{"allow":["GET"]}}],"collection":[{"href":"https:\/\/www.artesaniadecoracion.com\/blog\/wp-json\/wp\/v2\/posts"}],"about":[{"href":"https:\/\/www.artesaniadecoracion.com\/blog\/wp-json\/wp\/v2\/types\/post"}],"author":[{"embeddable":true,"href":"https:\/\/www.artesaniadecoracion.com\/blog\/wp-json\/wp\/v2\/users\/2"}],"replies":[{"embeddable":true,"href":"https:\/\/www.artesaniadecoracion.com\/blog\/wp-json\/wp\/v2\/comments?post=3088"}],"version-history":[{"count":1,"href":"https:\/\/www.artesaniadecoracion.com\/blog\/wp-json\/wp\/v2\/posts\/3088\/revisions"}],"predecessor-version":[{"id":3089,"href":"https:\/\/www.artesaniadecoracion.com\/blog\/wp-json\/wp\/v2\/posts\/3088\/revisions\/3089"}],"wp:attachment":[{"href":"https:\/\/www.artesaniadecoracion.com\/blog\/wp-json\/wp\/v2\/media?parent=3088"}],"wp:term":[{"taxonomy":"category","embeddable":true,"href":"https:\/\/www.artesaniadecoracion.com\/blog\/wp-json\/wp\/v2\/categories?post=3088"},{"taxonomy":"post_tag","embeddable":true,"href":"https:\/\/www.artesaniadecoracion.com\/blog\/wp-json\/wp\/v2\/tags?post=3088"}],"curies":[{"name":"wp","href":"https:\/\/api.w.org\/{rel}","templated":true}]}}