{"id":3195,"date":"2024-10-18T10:00:00","date_gmt":"2024-10-18T08:00:00","guid":{"rendered":"https:\/\/www.artesaniadecoracion.com\/blog\/?p=3195"},"modified":"2024-10-07T18:45:31","modified_gmt":"2024-10-07T16:45:31","slug":"dormitorio-de-forja-y-madera-serie-selene-elegancia-y-artesania","status":"publish","type":"post","link":"https:\/\/www.artesaniadecoracion.com\/blog\/dormitorio-de-forja-y-madera-serie-selene-elegancia-y-artesania\/","title":{"rendered":"Dormitorio de Forja y Madera Serie Selene: Elegancia y Artesan\u00eda"},"content":{"rendered":"\n<figure class=\"wp-block-image size-full\"><img loading=\"lazy\" decoding=\"async\" width=\"800\" height=\"600\" src=\"https:\/\/www.artesaniadecoracion.com\/blog\/wp-content\/uploads\/2024\/10\/Dormitorio-diseno-juvenil-serie-Selene.jpeg\" alt=\"Dormitorio dise\u00f1o juvenil serie Selene\" class=\"wp-image-3193\" srcset=\"https:\/\/www.artesaniadecoracion.com\/blog\/wp-content\/uploads\/2024\/10\/Dormitorio-diseno-juvenil-serie-Selene.jpeg 800w, https:\/\/www.artesaniadecoracion.com\/blog\/wp-content\/uploads\/2024\/10\/Dormitorio-diseno-juvenil-serie-Selene-300x225.jpeg 300w, https:\/\/www.artesaniadecoracion.com\/blog\/wp-content\/uploads\/2024\/10\/Dormitorio-diseno-juvenil-serie-Selene-768x576.jpeg 768w, https:\/\/www.artesaniadecoracion.com\/blog\/wp-content\/uploads\/2024\/10\/Dormitorio-diseno-juvenil-serie-Selene-624x468.jpeg 624w, https:\/\/www.artesaniadecoracion.com\/blog\/wp-content\/uploads\/2024\/10\/Dormitorio-diseno-juvenil-serie-Selene-200x150.jpeg 200w\" sizes=\"auto, (max-width: 800px) 100vw, 800px\" \/><figcaption class=\"wp-element-caption\"><strong><em>Dormitorio dise\u00f1o juvenil serie Selene<\/em><\/strong><\/figcaption><\/figure>\n\n\n\n<p><strong><em>El dormitorio de forja y madera de la serie Selene<\/em><\/strong> de Artesan\u00eda Decoraci\u00f3n es una obra maestra de dise\u00f1o y funcionalidad. Este conjunto destaca por su cabecero de dise\u00f1o floral, cortado a l\u00e1ser, que simula margaritas y p\u00e9talos, aportando un toque de naturaleza y delicadeza a cualquier habitaci\u00f3n. Fabricado en Espa\u00f1a, este dormitorio combina la robustez del acero con la calidez de la madera, ofreciendo una est\u00e9tica \u00fanica y duradera.<\/p>\n\n\n\n<p><strong><em>Caracter\u00edsticas del Dormitorio Serie Selene<\/em><\/strong><br><em>Cabecero Floral:<\/em> El cabecero de la serie Selene es una pieza central impresionante, con un dise\u00f1o floral cortado a l\u00e1ser que simula margaritas y p\u00e9talos. Este cabecero est\u00e1 disponible para colchones de diferentes tama\u00f1os, desde 90 cm hasta 200 cm de anchura, adapt\u00e1ndose a diversas necesidades y preferencias.<br><em>Mesita de Noche:<\/em> La mesita de noche de la serie Selene complementa perfectamente el cabecero. Cuenta con una estructura de acero y un caj\u00f3n de madera, con un tirador met\u00e1lico en forma de margarita que a\u00f1ade un toque de elegancia y coherencia al conjunto.<br><em>C\u00f3moda:<\/em> La c\u00f3moda de la serie Selene es tanto funcional como est\u00e9tica. Con una estructura de acero y dos cajones de madera, esta c\u00f3moda ofrece un amplio espacio de almacenamiento. Los tiradores met\u00e1licos en forma de margarita no solo son pr\u00e1cticos, sino que tambi\u00e9n refuerzan el dise\u00f1o floral del cabecero y la mesita de noche.<br><em>Variedad de Acabados:<\/em> Todos los elementos de la serie Selene est\u00e1n disponibles en una amplia gama de colores. Para las partes met\u00e1licas, se ofrecen 10 colores de acabado, mientras que las partes de madera est\u00e1n disponibles en 9 colores diferentes. Esta variedad permite personalizar el dormitorio seg\u00fan el gusto y la decoraci\u00f3n del usuario.<br><strong><em>Fabricaci\u00f3n y Calidad<\/em><\/strong><br>La serie Selene se fabrica \u00edntegramente en Espa\u00f1a, garantizando altos est\u00e1ndares de calidad y durabilidad. La combinaci\u00f3n de t\u00e9cnicas artesanales y tecnolog\u00eda moderna, como el corte a l\u00e1ser, asegura que cada pieza sea \u00fanica y de la m\u00e1s alta calidad.<\/p>\n\n\n\n<p>Para m\u00e1s informaci\u00f3n seguir los enlaces de texto al pie de cada imagen.<\/p>\n\n\n\n<figure class=\"wp-block-gallery has-nested-images columns-default is-cropped wp-block-gallery-1 is-layout-flex wp-block-gallery-is-layout-flex\">\n<figure class=\"wp-block-image size-large\"><img loading=\"lazy\" decoding=\"async\" width=\"800\" height=\"800\" data-id=\"3194\" src=\"https:\/\/www.artesaniadecoracion.com\/blog\/wp-content\/uploads\/2024\/10\/Mesita-de-noche-1-cajon-forja-y-madera-colores-Selene.jpeg\" alt=\"Mesita de noche 1 caj\u00f3n forja y madera colores Selene\" class=\"wp-image-3194\" srcset=\"https:\/\/www.artesaniadecoracion.com\/blog\/wp-content\/uploads\/2024\/10\/Mesita-de-noche-1-cajon-forja-y-madera-colores-Selene.jpeg 800w, https:\/\/www.artesaniadecoracion.com\/blog\/wp-content\/uploads\/2024\/10\/Mesita-de-noche-1-cajon-forja-y-madera-colores-Selene-300x300.jpeg 300w, https:\/\/www.artesaniadecoracion.com\/blog\/wp-content\/uploads\/2024\/10\/Mesita-de-noche-1-cajon-forja-y-madera-colores-Selene-150x150.jpeg 150w, https:\/\/www.artesaniadecoracion.com\/blog\/wp-content\/uploads\/2024\/10\/Mesita-de-noche-1-cajon-forja-y-madera-colores-Selene-768x768.jpeg 768w, https:\/\/www.artesaniadecoracion.com\/blog\/wp-content\/uploads\/2024\/10\/Mesita-de-noche-1-cajon-forja-y-madera-colores-Selene-624x624.jpeg 624w, https:\/\/www.artesaniadecoracion.com\/blog\/wp-content\/uploads\/2024\/10\/Mesita-de-noche-1-cajon-forja-y-madera-colores-Selene-72x72.jpeg 72w, https:\/\/www.artesaniadecoracion.com\/blog\/wp-content\/uploads\/2024\/10\/Mesita-de-noche-1-cajon-forja-y-madera-colores-Selene-350x350.jpeg 350w\" sizes=\"auto, (max-width: 800px) 100vw, 800px\" \/><figcaption class=\"wp-element-caption\"><b><a href=\"https:\/\/www.artesaniadecoracion.com\/dormitorio-mesillas-de-noche-forja-c-1002_1008_1080.html?page=4\" target=\"_blank\" rel=\"noopener\">Mesita de noche 1 caj\u00f3n forja y madera colores Selene<\/a><\/b><\/figcaption><\/figure>\n\n\n\n<figure class=\"wp-block-image size-large\"><img loading=\"lazy\" decoding=\"async\" width=\"800\" height=\"800\" data-id=\"3192\" src=\"https:\/\/www.artesaniadecoracion.com\/blog\/wp-content\/uploads\/2024\/10\/Comoda-2-cajones-forja-y-madera-Selene.jpeg\" alt=\"Comoda 2 cajones forja y madera Selene\" class=\"wp-image-3192\" srcset=\"https:\/\/www.artesaniadecoracion.com\/blog\/wp-content\/uploads\/2024\/10\/Comoda-2-cajones-forja-y-madera-Selene.jpeg 800w, https:\/\/www.artesaniadecoracion.com\/blog\/wp-content\/uploads\/2024\/10\/Comoda-2-cajones-forja-y-madera-Selene-300x300.jpeg 300w, https:\/\/www.artesaniadecoracion.com\/blog\/wp-content\/uploads\/2024\/10\/Comoda-2-cajones-forja-y-madera-Selene-150x150.jpeg 150w, https:\/\/www.artesaniadecoracion.com\/blog\/wp-content\/uploads\/2024\/10\/Comoda-2-cajones-forja-y-madera-Selene-768x768.jpeg 768w, https:\/\/www.artesaniadecoracion.com\/blog\/wp-content\/uploads\/2024\/10\/Comoda-2-cajones-forja-y-madera-Selene-624x624.jpeg 624w, https:\/\/www.artesaniadecoracion.com\/blog\/wp-content\/uploads\/2024\/10\/Comoda-2-cajones-forja-y-madera-Selene-72x72.jpeg 72w, https:\/\/www.artesaniadecoracion.com\/blog\/wp-content\/uploads\/2024\/10\/Comoda-2-cajones-forja-y-madera-Selene-350x350.jpeg 350w\" sizes=\"auto, (max-width: 800px) 100vw, 800px\" \/><figcaption class=\"wp-element-caption\"><b><a href=\"https:\/\/www.artesaniadecoracion.com\/dormitorio-comodas-y-espejos-colores-c-1002_1003_1053.html?page=2\" target=\"_blank\" rel=\"noopener\">Comoda 2 cajones forja y madera Selene<\/a><\/b><\/figcaption><\/figure>\n\n\n\n<figure class=\"wp-block-image size-large\"><img loading=\"lazy\" decoding=\"async\" width=\"800\" height=\"600\" data-id=\"3191\" src=\"https:\/\/www.artesaniadecoracion.com\/blog\/wp-content\/uploads\/2024\/10\/Cabecero-forja-Selene.jpeg\" alt=\"Cabecero forja todos los tama\u00f1os Selene\" class=\"wp-image-3191\" srcset=\"https:\/\/www.artesaniadecoracion.com\/blog\/wp-content\/uploads\/2024\/10\/Cabecero-forja-Selene.jpeg 800w, https:\/\/www.artesaniadecoracion.com\/blog\/wp-content\/uploads\/2024\/10\/Cabecero-forja-Selene-300x225.jpeg 300w, https:\/\/www.artesaniadecoracion.com\/blog\/wp-content\/uploads\/2024\/10\/Cabecero-forja-Selene-768x576.jpeg 768w, https:\/\/www.artesaniadecoracion.com\/blog\/wp-content\/uploads\/2024\/10\/Cabecero-forja-Selene-624x468.jpeg 624w, https:\/\/www.artesaniadecoracion.com\/blog\/wp-content\/uploads\/2024\/10\/Cabecero-forja-Selene-200x150.jpeg 200w\" sizes=\"auto, (max-width: 800px) 100vw, 800px\" \/><figcaption class=\"wp-element-caption\"><b><a href=\"https:\/\/www.artesaniadecoracion.com\/dormitorio-cabeceros-de-cama-forja-actuales-c-1002_1005_1035_1125.html?page=6\" target=\"_blank\" rel=\"noopener\">Cabecero forja  todos los tama\u00f1os Selene<\/a><\/b><\/figcaption><\/figure>\n<\/figure>\n","protected":false},"excerpt":{"rendered":"<p>El dormitorio de forja y madera de la serie Selene de Artesan\u00eda Decoraci\u00f3n es una obra maestra de dise\u00f1o y funcionalidad. Este conjunto destaca por su cabecero de dise\u00f1o floral, cortado a l\u00e1ser, que simula margaritas y p\u00e9talos, aportando un toque de naturaleza y delicadeza a cualquier habitaci\u00f3n. Fabricado en Espa\u00f1a, este dormitorio combina la [&hellip;]<\/p>\n","protected":false},"author":2,"featured_media":0,"comment_status":"closed","ping_status":"closed","sticky":false,"template":"","format":"standard","meta":{"om_disable_all_campaigns":false,"footnotes":""},"categories":[6],"tags":[1984,1982,1981,1978,1979,1980,1780,1703,1983],"class_list":["post-3195","post","type-post","status-publish","format-standard","hentry","category-dormitorios","tag-cabecero-floral","tag-colores-personalizados","tag-comoda-de-acero-y-madera","tag-diseno-floral-cortado-a-laser","tag-dormitorio-de-forja-y-madera","tag-fabricacion-en-espana","tag-mesita-de-noche","tag-muebles-artesanales","tag-serie-selene"],"aioseo_notices":[],"_links":{"self":[{"href":"https:\/\/www.artesaniadecoracion.com\/blog\/wp-json\/wp\/v2\/posts\/3195","targetHints":{"allow":["GET"]}}],"collection":[{"href":"https:\/\/www.artesaniadecoracion.com\/blog\/wp-json\/wp\/v2\/posts"}],"about":[{"href":"https:\/\/www.artesaniadecoracion.com\/blog\/wp-json\/wp\/v2\/types\/post"}],"author":[{"embeddable":true,"href":"https:\/\/www.artesaniadecoracion.com\/blog\/wp-json\/wp\/v2\/users\/2"}],"replies":[{"embeddable":true,"href":"https:\/\/www.artesaniadecoracion.com\/blog\/wp-json\/wp\/v2\/comments?post=3195"}],"version-history":[{"count":1,"href":"https:\/\/www.artesaniadecoracion.com\/blog\/wp-json\/wp\/v2\/posts\/3195\/revisions"}],"predecessor-version":[{"id":3196,"href":"https:\/\/www.artesaniadecoracion.com\/blog\/wp-json\/wp\/v2\/posts\/3195\/revisions\/3196"}],"wp:attachment":[{"href":"https:\/\/www.artesaniadecoracion.com\/blog\/wp-json\/wp\/v2\/media?parent=3195"}],"wp:term":[{"taxonomy":"category","embeddable":true,"href":"https:\/\/www.artesaniadecoracion.com\/blog\/wp-json\/wp\/v2\/categories?post=3195"},{"taxonomy":"post_tag","embeddable":true,"href":"https:\/\/www.artesaniadecoracion.com\/blog\/wp-json\/wp\/v2\/tags?post=3195"}],"curies":[{"name":"wp","href":"https:\/\/api.w.org\/{rel}","templated":true}]}}