{"id":3506,"date":"2025-02-11T10:00:00","date_gmt":"2025-02-11T09:00:00","guid":{"rendered":"https:\/\/www.artesaniadecoracion.com\/blog\/?p=3506"},"modified":"2025-02-06T19:33:34","modified_gmt":"2025-02-06T18:33:34","slug":"coleccion-basica-de-cabeceros-diseno-vanguardista-y-personalizacion-para-tu-descanso","status":"publish","type":"post","link":"https:\/\/www.artesaniadecoracion.com\/blog\/coleccion-basica-de-cabeceros-diseno-vanguardista-y-personalizacion-para-tu-descanso\/","title":{"rendered":"Colecci\u00f3n B\u00e1sica de Cabeceros: Dise\u00f1o Vanguardista y Personalizaci\u00f3n para tu Descanso"},"content":{"rendered":"\n<figure class=\"wp-block-image size-full\"><img loading=\"lazy\" decoding=\"async\" width=\"800\" height=\"800\" src=\"https:\/\/www.artesaniadecoracion.com\/blog\/wp-content\/uploads\/2025\/02\/Cabeceros.jpg\" alt=\"Cabeceros Forja Dise\u00f1os modernos\" class=\"wp-image-3505\" srcset=\"https:\/\/www.artesaniadecoracion.com\/blog\/wp-content\/uploads\/2025\/02\/Cabeceros.jpg 800w, https:\/\/www.artesaniadecoracion.com\/blog\/wp-content\/uploads\/2025\/02\/Cabeceros-300x300.jpg 300w, https:\/\/www.artesaniadecoracion.com\/blog\/wp-content\/uploads\/2025\/02\/Cabeceros-150x150.jpg 150w, https:\/\/www.artesaniadecoracion.com\/blog\/wp-content\/uploads\/2025\/02\/Cabeceros-768x768.jpg 768w, https:\/\/www.artesaniadecoracion.com\/blog\/wp-content\/uploads\/2025\/02\/Cabeceros-624x624.jpg 624w, https:\/\/www.artesaniadecoracion.com\/blog\/wp-content\/uploads\/2025\/02\/Cabeceros-72x72.jpg 72w, https:\/\/www.artesaniadecoracion.com\/blog\/wp-content\/uploads\/2025\/02\/Cabeceros-350x350.jpg 350w\" sizes=\"auto, (max-width: 800px) 100vw, 800px\" \/><figcaption class=\"wp-element-caption\"><strong><em>Cabeceros Forja Dise\u00f1os modernos<\/em><\/strong> <\/figcaption><\/figure>\n\n\n\n<p>Transforma tu dormitorio en un espacio \u00fanico y lleno de estilo con nuestra colecci\u00f3n B\u00e1sica de cabeceros. Fabricados \u00edntegramente en Espa\u00f1a, estos cabeceros combinan la robustez del acero con un dise\u00f1o vanguardista y modernista, creando piezas que se adaptan a cualquier estilo y edad.<br>La colecci\u00f3n B\u00e1sica destaca por su versatilidad y la posibilidad de personalizaci\u00f3n. Los postes laterales, fabricados en tubo de acero, y la parte central, en chapa de acero cortada a l\u00e1ser, ofrecen un soporte s\u00f3lido y duradero. Adem\u00e1s, disponemos de 20 colores diferentes para que elijas el que mejor se adapte a tu gusto y a la decoraci\u00f3n de tu dormitorio. Los modelos en blanco y negro son los m\u00e1s populares, pero te invitamos a explorar todas las opciones y encontrar el cabecero perfecto para ti.<br>Nuestra colecci\u00f3n incluye modelos para todas las edades y tama\u00f1os de colch\u00f3n. Desde cabeceros juveniles e infantiles para colchones de 90 y 105 cm, hasta modelos de matrimonio para colchones de 135 y 150 cm, encontrar\u00e1s la opci\u00f3n ideal para tu dormitorio.<br>La instalaci\u00f3n de los cabeceros B\u00e1sica es muy sencilla. Gracias a su dise\u00f1o con pesta\u00f1as o agujeros en la parte trasera, podr\u00e1s colgarlo en la pared como si fuera un cuadro. Solo necesitar\u00e1s una escarpia y unos minutos para disfrutar de tu nuevo cabecero.<\/p>\n\n\n\n<p><strong><em>Caracter\u00edsticas:<\/em><\/strong><br><em>Fabricaci\u00f3n:<\/em> 100% espa\u00f1ola.<br><em>Materiales: <\/em>Postes laterales en tubo de acero y parte central en chapa de acero cortada a l\u00e1ser.<br><em>Dise\u00f1o:<\/em> Vanguardista y modernista.<br><em>Colores:<\/em> 20 colores a elegir.<br><em>Tama\u00f1os:<\/em> Disponibles para colchones de 90, 105, 135 y 150 cm.<br><em>Instalaci\u00f3n:<\/em> Sencilla, como colgar un cuadro.<br><strong><em>Tama\u00f1os por colch\u00f3n:<\/em><\/strong><br><strong>Colch\u00f3n de 90 cm:<\/strong> 95 cm de ancho, 5 cm de fondo, 116 cm de alto.<br><strong><em>Colch\u00f3n de 105 cm:<\/em><\/strong> 110 cm de ancho, 5 cm de fondo, 116 cm de alto.<br><strong><em>Colch\u00f3n de 135 cm:<\/em><\/strong> 140 cm de ancho, 5 cm de fondo, 116 cm de alto.<br><strong><em>Colch\u00f3n de 150 cm:<\/em><\/strong> 155 cm de ancho, 5 cm de fondo, 116 cm de alto.<br><strong><em>\u00bfD\u00f3nde colocar los cabeceros B\u00e1sica?<\/em><\/strong><br>Los cabeceros l\u00ednea B\u00e1sica son ideales para cualquier dormitorio, ya sea juvenil, infantil o de matrimonio. Su dise\u00f1o vers\u00e1til y la amplia gama de colores disponibles permiten que se adapten a diferentes estilos de decoraci\u00f3n. Puedes combinarlos con muebles modernos, minimalistas o incluso con toques industriales.<\/p>\n\n\n\n<p><strong><em>Cuidados:<\/em><\/strong><br>Para mantener los cabeceros en perfectas condiciones, se recomienda limpiar la estructura de acero con un pa\u00f1o h\u00famedo y evitar el uso de productos qu\u00edmicos abrasivos.<\/p>\n\n\n\n<p>Para mas informaci\u00f3n seguir los enlaces de texto al pie de cada imagen.<\/p>\n\n\n\n<figure class=\"wp-block-gallery has-nested-images columns-2 is-cropped wp-block-gallery-1 is-layout-flex wp-block-gallery-is-layout-flex\">\n<figure class=\"wp-block-image size-large\"><img loading=\"lazy\" decoding=\"async\" width=\"654\" height=\"600\" data-id=\"3504\" src=\"https:\/\/www.artesaniadecoracion.com\/blog\/wp-content\/uploads\/2025\/02\/Cabecero-sencillo-forja-moderno.jpg\" alt=\"Cabecero sencillo forja moderno\" class=\"wp-image-3504\" srcset=\"https:\/\/www.artesaniadecoracion.com\/blog\/wp-content\/uploads\/2025\/02\/Cabecero-sencillo-forja-moderno.jpg 654w, https:\/\/www.artesaniadecoracion.com\/blog\/wp-content\/uploads\/2025\/02\/Cabecero-sencillo-forja-moderno-300x275.jpg 300w, https:\/\/www.artesaniadecoracion.com\/blog\/wp-content\/uploads\/2025\/02\/Cabecero-sencillo-forja-moderno-624x572.jpg 624w\" sizes=\"auto, (max-width: 654px) 100vw, 654px\" \/><figcaption class=\"wp-element-caption\"><b><a href=\"https:\/\/www.artesaniadecoracion.com\/dormitorio-cabeceros-de-cama-forja-basicos-c-1002_1005_1035_1124.html?page=2\" target=\"_blank\">Cabecero sencillo forja moderno<\/a><\/b><\/figcaption><\/figure>\n\n\n\n<figure class=\"wp-block-image size-large\"><img loading=\"lazy\" decoding=\"async\" width=\"800\" height=\"547\" data-id=\"3503\" src=\"https:\/\/www.artesaniadecoracion.com\/blog\/wp-content\/uploads\/2025\/02\/Cabecero-diseno-moderno-acabado-en-10-colores.jpg\" alt=\"Cabecero dise\u00f1o moderno acabado en 10 colores\" class=\"wp-image-3503\" srcset=\"https:\/\/www.artesaniadecoracion.com\/blog\/wp-content\/uploads\/2025\/02\/Cabecero-diseno-moderno-acabado-en-10-colores.jpg 800w, https:\/\/www.artesaniadecoracion.com\/blog\/wp-content\/uploads\/2025\/02\/Cabecero-diseno-moderno-acabado-en-10-colores-300x205.jpg 300w, https:\/\/www.artesaniadecoracion.com\/blog\/wp-content\/uploads\/2025\/02\/Cabecero-diseno-moderno-acabado-en-10-colores-768x525.jpg 768w, https:\/\/www.artesaniadecoracion.com\/blog\/wp-content\/uploads\/2025\/02\/Cabecero-diseno-moderno-acabado-en-10-colores-624x427.jpg 624w\" sizes=\"auto, (max-width: 800px) 100vw, 800px\" \/><figcaption class=\"wp-element-caption\"><b><a href=\"https:\/\/www.artesaniadecoracion.com\/dormitorio-cabeceros-de-cama-forja-basicos-c-1002_1005_1035_1124.html?page=2\" target=\"_blank\">Cabecero dise\u00f1o moderno acabado en 10 colores<\/a><\/b><\/figcaption><\/figure>\n\n\n\n<figure class=\"wp-block-image size-large\"><img loading=\"lazy\" decoding=\"async\" width=\"800\" height=\"529\" data-id=\"3502\" src=\"https:\/\/www.artesaniadecoracion.com\/blog\/wp-content\/uploads\/2025\/02\/Cabecero-de-forja-para-cama-de-150-diseno-actual.jpg\" alt=\"Cabecero de forja para cama de 150 dise\u00f1o actual\" class=\"wp-image-3502\" srcset=\"https:\/\/www.artesaniadecoracion.com\/blog\/wp-content\/uploads\/2025\/02\/Cabecero-de-forja-para-cama-de-150-diseno-actual.jpg 800w, https:\/\/www.artesaniadecoracion.com\/blog\/wp-content\/uploads\/2025\/02\/Cabecero-de-forja-para-cama-de-150-diseno-actual-300x198.jpg 300w, https:\/\/www.artesaniadecoracion.com\/blog\/wp-content\/uploads\/2025\/02\/Cabecero-de-forja-para-cama-de-150-diseno-actual-768x508.jpg 768w, https:\/\/www.artesaniadecoracion.com\/blog\/wp-content\/uploads\/2025\/02\/Cabecero-de-forja-para-cama-de-150-diseno-actual-624x413.jpg 624w\" sizes=\"auto, (max-width: 800px) 100vw, 800px\" \/><figcaption class=\"wp-element-caption\"><b><a href=\"https:\/\/www.artesaniadecoracion.com\/dormitorio-cabeceros-de-cama-forja-basicos-c-1002_1005_1035_1124.html?page=2\" target=\"_blank\">Cabecero de forja para cama de 150 dise\u00f1o actual<\/a><\/b><\/figcaption><\/figure>\n\n\n\n<figure class=\"wp-block-image size-large\"><img loading=\"lazy\" decoding=\"async\" width=\"712\" height=\"600\" data-id=\"3501\" src=\"https:\/\/www.artesaniadecoracion.com\/blog\/wp-content\/uploads\/2025\/02\/Cabecero-de-forja-matrimonio-estilo-actual.jpg\" alt=\"Cabecero de forja matrimonio estilo actual\" class=\"wp-image-3501\" srcset=\"https:\/\/www.artesaniadecoracion.com\/blog\/wp-content\/uploads\/2025\/02\/Cabecero-de-forja-matrimonio-estilo-actual.jpg 712w, https:\/\/www.artesaniadecoracion.com\/blog\/wp-content\/uploads\/2025\/02\/Cabecero-de-forja-matrimonio-estilo-actual-300x253.jpg 300w, https:\/\/www.artesaniadecoracion.com\/blog\/wp-content\/uploads\/2025\/02\/Cabecero-de-forja-matrimonio-estilo-actual-624x526.jpg 624w\" sizes=\"auto, (max-width: 712px) 100vw, 712px\" \/><figcaption class=\"wp-element-caption\"><b><a href=\"https:\/\/www.artesaniadecoracion.com\/dormitorio-cabeceros-de-cama-forja-basicos-c-1002_1005_1035_1124.html?page=2\" target=\"_blank\">Cabecero de forja matrimonio estilo actual<\/a><\/b><\/figcaption><\/figure>\n<\/figure>\n","protected":false},"excerpt":{"rendered":"<p>Transforma tu dormitorio en un espacio \u00fanico y lleno de estilo con nuestra colecci\u00f3n B\u00e1sica de cabeceros. Fabricados \u00edntegramente en Espa\u00f1a, estos cabeceros combinan la robustez del acero con un dise\u00f1o vanguardista y modernista, creando piezas que se adaptan a cualquier estilo y edad.La colecci\u00f3n B\u00e1sica destaca por su versatilidad y la posibilidad de personalizaci\u00f3n. [&hellip;]<\/p>\n","protected":false},"author":2,"featured_media":0,"comment_status":"closed","ping_status":"closed","sticky":false,"template":"","format":"standard","meta":{"om_disable_all_campaigns":false,"footnotes":""},"categories":[6],"tags":[1821,2052,2251,2254,2258,2257,1785,2252,2256,2259,2255,2253,1953],"class_list":["post-3506","post","type-post","status-publish","format-standard","hentry","category-dormitorios","tag-acero","tag-cabeceros","tag-cabeceros-de-cama","tag-chapa-de-acero","tag-colchon","tag-colores","tag-diseno-moderno","tag-diseno-vanguardista","tag-infantil","tag-instalacion-sencilla","tag-juvenil","tag-matrimonio","tag-personalizacion"],"aioseo_notices":[],"_links":{"self":[{"href":"https:\/\/www.artesaniadecoracion.com\/blog\/wp-json\/wp\/v2\/posts\/3506","targetHints":{"allow":["GET"]}}],"collection":[{"href":"https:\/\/www.artesaniadecoracion.com\/blog\/wp-json\/wp\/v2\/posts"}],"about":[{"href":"https:\/\/www.artesaniadecoracion.com\/blog\/wp-json\/wp\/v2\/types\/post"}],"author":[{"embeddable":true,"href":"https:\/\/www.artesaniadecoracion.com\/blog\/wp-json\/wp\/v2\/users\/2"}],"replies":[{"embeddable":true,"href":"https:\/\/www.artesaniadecoracion.com\/blog\/wp-json\/wp\/v2\/comments?post=3506"}],"version-history":[{"count":1,"href":"https:\/\/www.artesaniadecoracion.com\/blog\/wp-json\/wp\/v2\/posts\/3506\/revisions"}],"predecessor-version":[{"id":3507,"href":"https:\/\/www.artesaniadecoracion.com\/blog\/wp-json\/wp\/v2\/posts\/3506\/revisions\/3507"}],"wp:attachment":[{"href":"https:\/\/www.artesaniadecoracion.com\/blog\/wp-json\/wp\/v2\/media?parent=3506"}],"wp:term":[{"taxonomy":"category","embeddable":true,"href":"https:\/\/www.artesaniadecoracion.com\/blog\/wp-json\/wp\/v2\/categories?post=3506"},{"taxonomy":"post_tag","embeddable":true,"href":"https:\/\/www.artesaniadecoracion.com\/blog\/wp-json\/wp\/v2\/tags?post=3506"}],"curies":[{"name":"wp","href":"https:\/\/api.w.org\/{rel}","templated":true}]}}