{"id":3525,"date":"2025-02-17T10:00:00","date_gmt":"2025-02-17T09:00:00","guid":{"rendered":"https:\/\/www.artesaniadecoracion.com\/blog\/?p=3525"},"modified":"2025-02-10T17:53:28","modified_gmt":"2025-02-10T16:53:28","slug":"coleccion-albedin-transforma-tu-salon-con-estilo-y-caracter","status":"publish","type":"post","link":"https:\/\/www.artesaniadecoracion.com\/blog\/coleccion-albedin-transforma-tu-salon-con-estilo-y-caracter\/","title":{"rendered":"Colecci\u00f3n Albedin: Transforma tu Sal\u00f3n con Estilo y Car\u00e1cter"},"content":{"rendered":"\n<p>Si buscas un estilo que hable de autenticidad, calidez y car\u00e1cter, la colecci\u00f3n Albedin es tu respuesta. Inspirada en la robustez del dise\u00f1o industrial y la belleza natural de la madera de mango maciza, esta colecci\u00f3n transformar\u00e1 tu sal\u00f3n en un espacio \u00fanico y lleno de personalidad.<br>Tres Piezas, Infinitas Posibilidades<br>La colecci\u00f3n Albedin se compone de tres muebles excepcionales, dise\u00f1ados para complementarse a la perfecci\u00f3n y ofrecerte funcionalidad y estilo en cada rinc\u00f3n de tu sal\u00f3n:<br><strong><em>Alacena con Puertas de Cristal y Cajones:<\/em><\/strong> Esta alacena es mucho m\u00e1s que un simple mueble de almacenamiento. Con sus puertas de cristal que exhiben tus objetos m\u00e1s preciados y sus cajones espaciosos para guardar lo esencial, se convierte en el punto focal de cualquier habitaci\u00f3n. La combinaci\u00f3n de la madera natural y el hierro negro crea un contraste visualmente impactante, mientras que su dise\u00f1o de dos m\u00f3dulos garantiza una organizaci\u00f3n impecable.<br><em><strong>Ubicaci\u00f3n:<\/strong><\/em> Cocina, comedor, sal\u00f3n.<br><strong><em>Caracter\u00edsticas:<\/em><\/strong> Amplio espacio de almacenamiento, puertas de cristal, cajones, dise\u00f1o industrial.<\/p>\n\n\n\n<p><br><strong><em>Aparador Buffet de Madera de Mango y Hierro Negro:<\/em><\/strong> Este aparador es la pieza clave para un sal\u00f3n con estilo. Su dise\u00f1o robusto y elegante, con madera de mango maciza y detalles de hierro negro, a\u00f1ade un toque de sofisticaci\u00f3n a cualquier espacio. Las puertas correderas y los cajones ofrecen un amplio espacio para guardar tus objetos m\u00e1s valiosos, mientras que su superficie espaciosa es perfecta para exhibir tus elementos decorativos favoritos.<br><strong><em>Ubicaci\u00f3n:<\/em><\/strong> Comedor, sal\u00f3n, entrada.<br><strong><em>Caracter\u00edsticas:<\/em><\/strong> Puertas correderas, cajones, dise\u00f1o elegante, madera de mango maciza.<\/p>\n\n\n\n<p><br><strong><em>Mesa Ba\u00fal con Tapa Elevable:<\/em><\/strong> Esta mesa de centro es la combinaci\u00f3n perfecta de funcionalidad y estilo. Su dise\u00f1o de ba\u00fal, con tapa elevable y amplio espacio de almacenamiento interior, la convierte en un elemento imprescindible para cualquier sal\u00f3n. La madera de mango maciza y las tiras de hierro negro se combinan para crear una pieza \u00fanica que aportar\u00e1 calidez y car\u00e1cter a tu hogar.<br><strong><em>Ubicaci\u00f3n:<\/em><\/strong> Sal\u00f3n, sala de estar.<br><strong><em>Caracter\u00edsticas:<\/em><\/strong> Tapa elevable, espacio de almacenamiento interior, dise\u00f1o r\u00fastico-industrial.<\/p>\n\n\n\n<p><br><strong><em>La Belleza de lo Aut\u00e9ntico<\/em><\/strong><br>Cada pieza de la colecci\u00f3n Albedin est\u00e1 fabricada con madera de mango maciza, conocida por su durabilidad y belleza natural. Las vetas \u00fanicas de la madera y los detalles de forja en negro se combinan para crear un estilo industrial que nunca pasa de moda.<\/p>\n\n\n\n<figure class=\"wp-block-gallery has-nested-images columns-2 is-cropped wp-block-gallery-1 is-layout-flex wp-block-gallery-is-layout-flex\">\n<figure class=\"wp-block-image size-large\"><img loading=\"lazy\" decoding=\"async\" width=\"1024\" height=\"618\" data-id=\"3524\" src=\"https:\/\/www.artesaniadecoracion.com\/blog\/wp-content\/uploads\/2025\/02\/Baul-arcon-mesa-centro-madera-maciza-estilo-industrial.jpeg\" alt=\"Baul arcon mesa centro madera maciza estilo industrial\" class=\"wp-image-3524\" srcset=\"https:\/\/www.artesaniadecoracion.com\/blog\/wp-content\/uploads\/2025\/02\/Baul-arcon-mesa-centro-madera-maciza-estilo-industrial.jpeg 1024w, https:\/\/www.artesaniadecoracion.com\/blog\/wp-content\/uploads\/2025\/02\/Baul-arcon-mesa-centro-madera-maciza-estilo-industrial-300x181.jpeg 300w, https:\/\/www.artesaniadecoracion.com\/blog\/wp-content\/uploads\/2025\/02\/Baul-arcon-mesa-centro-madera-maciza-estilo-industrial-768x464.jpeg 768w, https:\/\/www.artesaniadecoracion.com\/blog\/wp-content\/uploads\/2025\/02\/Baul-arcon-mesa-centro-madera-maciza-estilo-industrial-624x377.jpeg 624w\" sizes=\"auto, (max-width: 1024px) 100vw, 1024px\" \/><figcaption class=\"wp-element-caption\"><b><a href=\"https:\/\/www.artesaniadecoracion.com\/salon-baules-rustico-c-802_977_676.html\" target=\"_blank\">Baul arcon mesa centro madera maciza estilo industrial<\/a><\/b><\/figcaption><\/figure>\n\n\n\n<figure class=\"wp-block-image size-large\"><img loading=\"lazy\" decoding=\"async\" width=\"800\" height=\"499\" data-id=\"3523\" src=\"https:\/\/www.artesaniadecoracion.com\/blog\/wp-content\/uploads\/2025\/02\/Aparador-salon-estilo-industrial-2-puertas-correderas.jpeg\" alt=\"Aparador salon estilo industrial 2 puertas correderas\" class=\"wp-image-3523\" srcset=\"https:\/\/www.artesaniadecoracion.com\/blog\/wp-content\/uploads\/2025\/02\/Aparador-salon-estilo-industrial-2-puertas-correderas.jpeg 800w, https:\/\/www.artesaniadecoracion.com\/blog\/wp-content\/uploads\/2025\/02\/Aparador-salon-estilo-industrial-2-puertas-correderas-300x187.jpeg 300w, https:\/\/www.artesaniadecoracion.com\/blog\/wp-content\/uploads\/2025\/02\/Aparador-salon-estilo-industrial-2-puertas-correderas-768x479.jpeg 768w, https:\/\/www.artesaniadecoracion.com\/blog\/wp-content\/uploads\/2025\/02\/Aparador-salon-estilo-industrial-2-puertas-correderas-624x389.jpeg 624w\" sizes=\"auto, (max-width: 800px) 100vw, 800px\" \/><figcaption class=\"wp-element-caption\"><b><a href=\"https:\/\/www.artesaniadecoracion.com\/comedor-aparadores-buffet-contemporaneo-c-907_909_916.html?page=3\" target=\"_blank\">Aparador salon estilo industrial 2 puertas correderas<\/a><\/b><\/figcaption><\/figure>\n\n\n\n<figure class=\"wp-block-image size-large\"><img loading=\"lazy\" decoding=\"async\" width=\"752\" height=\"768\" data-id=\"3522\" src=\"https:\/\/www.artesaniadecoracion.com\/blog\/wp-content\/uploads\/2025\/02\/Alacena-salon-con-aparador-diseno-rustico-actual.jpeg\" alt=\"Alacena salon con aparador dise\u00f1o rustico actual\" class=\"wp-image-3522\" srcset=\"https:\/\/www.artesaniadecoracion.com\/blog\/wp-content\/uploads\/2025\/02\/Alacena-salon-con-aparador-diseno-rustico-actual.jpeg 752w, https:\/\/www.artesaniadecoracion.com\/blog\/wp-content\/uploads\/2025\/02\/Alacena-salon-con-aparador-diseno-rustico-actual-294x300.jpeg 294w, https:\/\/www.artesaniadecoracion.com\/blog\/wp-content\/uploads\/2025\/02\/Alacena-salon-con-aparador-diseno-rustico-actual-624x637.jpeg 624w\" sizes=\"auto, (max-width: 752px) 100vw, 752px\" \/><figcaption class=\"wp-element-caption\"><b><a href=\"https:\/\/www.artesaniadecoracion.com\/salon-vitrinas-alacenas-contemporaneo-c-802_809_895.html\" target=\"_blank\">Alacena salon con aparador dise\u00f1o rustico actual<\/a><\/b><\/figcaption><\/figure>\n<\/figure>\n","protected":false},"excerpt":{"rendered":"<p>Si buscas un estilo que hable de autenticidad, calidez y car\u00e1cter, la colecci\u00f3n Albedin es tu respuesta. Inspirada en la robustez del dise\u00f1o industrial y la belleza natural de la madera de mango maciza, esta colecci\u00f3n transformar\u00e1 tu sal\u00f3n en un espacio \u00fanico y lleno de personalidad.Tres Piezas, Infinitas PosibilidadesLa colecci\u00f3n Albedin se compone de [&hellip;]<\/p>\n","protected":false},"author":2,"featured_media":0,"comment_status":"closed","ping_status":"closed","sticky":false,"template":"","format":"standard","meta":{"om_disable_all_campaigns":false,"footnotes":""},"categories":[5,1],"tags":[2208,2276,1956,2277,2047,2045,2279,2280,1838,1718,2072,2278,1714,1946],"class_list":["post-3525","post","type-post","status-publish","format-standard","hentry","category-salones","category-sin-categoria","tag-alacena","tag-albedin","tag-aparador","tag-coleccion","tag-comedor","tag-diseno-industrial","tag-elegante","tag-hierro-negro","tag-madera-de-mango","tag-mesa-de-centro","tag-muebles","tag-natural","tag-rustico","tag-salon"],"aioseo_notices":[],"_links":{"self":[{"href":"https:\/\/www.artesaniadecoracion.com\/blog\/wp-json\/wp\/v2\/posts\/3525","targetHints":{"allow":["GET"]}}],"collection":[{"href":"https:\/\/www.artesaniadecoracion.com\/blog\/wp-json\/wp\/v2\/posts"}],"about":[{"href":"https:\/\/www.artesaniadecoracion.com\/blog\/wp-json\/wp\/v2\/types\/post"}],"author":[{"embeddable":true,"href":"https:\/\/www.artesaniadecoracion.com\/blog\/wp-json\/wp\/v2\/users\/2"}],"replies":[{"embeddable":true,"href":"https:\/\/www.artesaniadecoracion.com\/blog\/wp-json\/wp\/v2\/comments?post=3525"}],"version-history":[{"count":1,"href":"https:\/\/www.artesaniadecoracion.com\/blog\/wp-json\/wp\/v2\/posts\/3525\/revisions"}],"predecessor-version":[{"id":3526,"href":"https:\/\/www.artesaniadecoracion.com\/blog\/wp-json\/wp\/v2\/posts\/3525\/revisions\/3526"}],"wp:attachment":[{"href":"https:\/\/www.artesaniadecoracion.com\/blog\/wp-json\/wp\/v2\/media?parent=3525"}],"wp:term":[{"taxonomy":"category","embeddable":true,"href":"https:\/\/www.artesaniadecoracion.com\/blog\/wp-json\/wp\/v2\/categories?post=3525"},{"taxonomy":"post_tag","embeddable":true,"href":"https:\/\/www.artesaniadecoracion.com\/blog\/wp-json\/wp\/v2\/tags?post=3525"}],"curies":[{"name":"wp","href":"https:\/\/api.w.org\/{rel}","templated":true}]}}