{"id":3857,"date":"2025-06-12T10:00:00","date_gmt":"2025-06-12T08:00:00","guid":{"rendered":"https:\/\/www.artesaniadecoracion.com\/blog\/?p=3857"},"modified":"2025-06-02T18:41:07","modified_gmt":"2025-06-02T16:41:07","slug":"descubre-la-coleccion-breive-muebles-rusticos-de-madera-reciclada-con-alma-propia","status":"publish","type":"post","link":"https:\/\/www.artesaniadecoracion.com\/blog\/descubre-la-coleccion-breive-muebles-rusticos-de-madera-reciclada-con-alma-propia\/","title":{"rendered":"Descubre la Colecci\u00f3n Breive, Muebles R\u00fasticos de Madera Reciclada con Alma Propia"},"content":{"rendered":"\n<p>\u00a1En nuestro blog, estamos emocionados de presentarte una colecci\u00f3n que te enamorar\u00e1: la serie Breive de muebles r\u00fasticos! Cada pieza de esta colecci\u00f3n es una declaraci\u00f3n de sostenibilidad, artesan\u00eda y belleza aut\u00e9ntica. Fabricados artesanalmente a mano con madera de pino reciclada, los muebles Breive no son solo objetos decorativos, sino que cuentan una historia, la historia de la madera que les da vida. Su distintivo acabado r\u00fastico envejecido en un c\u00e1lido tono marr\u00f3n realza las imperfecciones naturales de la madera, como grietas, nudos y marcas, convirtiendo cada mueble en una obra de arte \u00fanica e irrepetible.<br>La filosof\u00eda detr\u00e1s de la colecci\u00f3n Breive es simple: darle una segunda vida a la madera, transform\u00e1ndola en mobiliario funcional y est\u00e9tico que aporta calidez y car\u00e1cter a cualquier espacio. Al elegir la madera reciclada, no solo obtienes piezas con una personalidad inigualable, sino que tambi\u00e9n contribuyes a la sostenibilidad y al cuidado del medio ambiente. La robustez y la solidez son sellos de esta serie, garantizando muebles que perdurar\u00e1n en el tiempo, enriqueciendo tu hogar con su encanto natural.<br>Muebles con Car\u00e1cter para Cada Rinc\u00f3n de tu Hogar<br>La versatilidad de la colecci\u00f3n Breive permite que sus piezas se integren a la perfecci\u00f3n en una amplia variedad de estancias y estilos decorativos. Desde salones y comedores hasta dormitorios y recibidores, o incluso espacios comerciales, estos muebles aportar\u00e1n un toque r\u00fastico, vintage o industrial, seg\u00fan el ambiente que desees crear.<br><strong><em>Mesa Auxiliar Breive: Versatilidad y Encanto Compacto<\/em><\/strong><br>La Mesa Auxiliar Breive es una pieza esencial que irradia calidez y personalidad. Con sus dimensiones compactas de 60 x 60 x 60 cm y un robusto tablero de 8 cm de espesor, es ideal para usarla como mesa de centro, mesita de noche o apoyo en recibidores. Su fabricaci\u00f3n artesanal en pino reciclado garantiza que cada mesa sea \u00fanica, con variaciones de tonalidad y las grietas y nudos propios de la madera envejecida. El tablero es desmontable, facilitando su transporte y almacenamiento, y su capacidad para soportar hasta 50 kg la convierte en una pieza tanto decorativa como funcional para salones, dormitorios o incluso negocios.<br><strong><em>Mueble TV Breive: Estilo y Organizaci\u00f3n para tu Sal\u00f3n<\/em><\/strong><br>El Mueble TV Breive es la pieza central perfecta para tu sal\u00f3n, fusionando funcionalidad y el inconfundible encanto r\u00fastico. Con unas generosas dimensiones de 240 x 44 x 65 cm, es ideal para albergar grandes televisores y todos tus dispositivos electr\u00f3nicos. Sus 2 cajones, 4 puertas con amplios huecos interiores y 2 estantes fijos ofrecen una organizaci\u00f3n eficiente para mantener tu espacio ordenado. Fabricado en pino reciclado con su caracter\u00edstico acabado envejecido, cada mueble TV es \u00fanico. Adem\u00e1s, cuenta con un anclaje a la pared para mayor seguridad y una notable estabilidad gracias a su amplia separaci\u00f3n entre patas de 232 cm.<br><strong><em>Taburete Breive: Fusi\u00f3n de Lo R\u00fastico y lo Contempor\u00e1neo<\/em><\/strong><br>El Taburete Breive es una pieza peque\u00f1a pero con gran personalidad, la fusi\u00f3n perfecta entre lo r\u00fastico y lo contempor\u00e1neo. Su dise\u00f1o actual mantiene la esencia de la madera maciza de pino reciclada con su acabado envejecido en tono marr\u00f3n, haciendo que cada taburete sea irrepetible por sus grietas y nudos. Con medidas de 31 x 31 x 42 cm, su estructura robusta y su tablero de 4 cm de espesor lo hacen vers\u00e1til: \u00fasalo como asiento auxiliar, peque\u00f1a mesa de apoyo o simplemente como elemento decorativo. Es ideal para complementar espacios de estilo rural, vintage o industrial.<br><strong><em>Mesa de Comedor Breive: El Coraz\u00f3n de tu Hogar<\/em><\/strong><br>La Mesa de Comedor Breive est\u00e1 destinada a ser el centro de todas las reuniones familiares y de amigos. Con sus medidas de 160 x 85 x 76 cm y un imponente tablero de 10 cm de espesor, esta mesa es un sin\u00f3nimo de solidez y autenticidad, capaz de soportar hasta 120 kg. Fabricada artesanalmente en pino reciclado con su acabado envejecido, cada mesa es \u00fanica gracias a las marcas naturales que la adornan. Las patas desmontables facilitan su transporte y permiten una c\u00f3moda distribuci\u00f3n para acomodar hasta seis comensales. Perfecta para ambientes r\u00fasticos, vintage o industriales, aportar\u00e1 car\u00e1cter y exclusividad a tu comedor.<br><strong><em>Aparador Breive: Almacenamiento con Personalidad y Estilo<\/em><\/strong><br>El Aparador Breive es una pieza excepcional que combina una gran capacidad de almacenamiento con un dise\u00f1o r\u00fastico de alto impacto. Con unas generosas dimensiones de 161 x 48 x 90 cm, este aparador es ideal para salones, comedores, recibidores o incluso como pieza central en negocios. Sus 9 cajones espaciosos (43 x 37 x 12 cm cada uno) ofrecen una excelente soluci\u00f3n para mantener todo organizado. Fabricado artesanalmente en pino reciclado con su acabado envejecido, cada aparador es una pieza exclusiva con sus propias variaciones de tonalidad y marcas naturales. El tablero de 7 cm de espesor soporta hasta 50 kg, y sus patas firmes garantizan estabilidad y una presencia armoniosa.<br><strong><em>Banco Breive: Un Asiento con Historia y Car\u00e1cter<\/em><\/strong><br>El Banco Breive es mucho m\u00e1s que un simple asiento; es una pieza singular que celebra la belleza natural de la madera de pino reciclada. Elaborado artesanalmente, cada banco cuenta con una personalidad propia, marcada por las vetas, nudos y grietas que narran la historia de la madera. Su acabado en un c\u00e1lido tono marr\u00f3n envejecido evoca solidez y tradici\u00f3n, integr\u00e1ndose a la perfecci\u00f3n en ambientes r\u00fasticos, campestres, industriales o aportando un contraste lleno de car\u00e1cter en espacios m\u00e1s contempor\u00e1neos. Con 157 cm de largo, 32 cm de profundidad y 45 cm de altura, ofrece un asiento pr\u00e1ctico y est\u00e9tico para recibidores (donde puedes descalzarte c\u00f3modamente), alrededor de tu mesa de comedor (aportando un toque r\u00fastico y acogedor) o en una terraza\/porche cubierto como rinc\u00f3n de descanso. Su robusta construcci\u00f3n y su asiento de 8 cm de grosor garantizan una capacidad de carga de hasta 120 kg. Las patas son desmontables, facilitando su transporte e instalaci\u00f3n.<br>La colecci\u00f3n Breive es una invitaci\u00f3n a decorar tu hogar con muebles que tienen alma, historia y un compromiso con la sostenibilidad. Cada pieza es una manifestaci\u00f3n de la belleza de lo aut\u00e9ntico y lo hecho a mano. \u00bfEst\u00e1s listo para darle a tu hogar el car\u00e1cter y la calidez que solo la madera reciclada puede ofrecer?<\/p>\n\n\n\n<p>Os adjuntamos las im\u00e1genes de esta colecci\u00f3n, para mas informaci\u00f3n seguir los enlaces de texto al pie de cada imagen.<\/p>\n\n\n\n<figure class=\"wp-block-gallery has-nested-images columns-2 is-cropped wp-block-gallery-1 is-layout-flex wp-block-gallery-is-layout-flex\">\n<figure class=\"wp-block-image size-large\"><img loading=\"lazy\" decoding=\"async\" width=\"800\" height=\"800\" data-id=\"3856\" src=\"https:\/\/www.artesaniadecoracion.com\/blog\/wp-content\/uploads\/2025\/06\/Taburete-rustico-madera-reciclada-diseno-actual.jpeg\" alt=\"Taburete rustico madera reciclada dise\u00f1o actual\" class=\"wp-image-3856\" srcset=\"https:\/\/www.artesaniadecoracion.com\/blog\/wp-content\/uploads\/2025\/06\/Taburete-rustico-madera-reciclada-diseno-actual.jpeg 800w, https:\/\/www.artesaniadecoracion.com\/blog\/wp-content\/uploads\/2025\/06\/Taburete-rustico-madera-reciclada-diseno-actual-300x300.jpeg 300w, https:\/\/www.artesaniadecoracion.com\/blog\/wp-content\/uploads\/2025\/06\/Taburete-rustico-madera-reciclada-diseno-actual-150x150.jpeg 150w, https:\/\/www.artesaniadecoracion.com\/blog\/wp-content\/uploads\/2025\/06\/Taburete-rustico-madera-reciclada-diseno-actual-768x768.jpeg 768w, https:\/\/www.artesaniadecoracion.com\/blog\/wp-content\/uploads\/2025\/06\/Taburete-rustico-madera-reciclada-diseno-actual-624x624.jpeg 624w, https:\/\/www.artesaniadecoracion.com\/blog\/wp-content\/uploads\/2025\/06\/Taburete-rustico-madera-reciclada-diseno-actual-72x72.jpeg 72w, https:\/\/www.artesaniadecoracion.com\/blog\/wp-content\/uploads\/2025\/06\/Taburete-rustico-madera-reciclada-diseno-actual-350x350.jpeg 350w\" sizes=\"auto, (max-width: 800px) 100vw, 800px\" \/><figcaption class=\"wp-element-caption\"><b><a href=\"https:\/\/www.artesaniadecoracion.com\/comedor-sillas-taburetes-rustico-c-907_910_974.html\" target=\"_blank\"><strong><mark style=\"background-color:rgba(0, 0, 0, 0)\" class=\"has-inline-color has-black-color\">Taburete rustico madera reciclada dise\u00f1o actual<\/mark><\/strong><\/a><\/b><\/figcaption><\/figure>\n\n\n\n<figure class=\"wp-block-image size-large\"><img loading=\"lazy\" decoding=\"async\" width=\"800\" height=\"800\" data-id=\"3855\" src=\"https:\/\/www.artesaniadecoracion.com\/blog\/wp-content\/uploads\/2025\/06\/Mueble-TV-rustico-madera-reciclada-4-puertas-2-cajones.jpeg\" alt=\"Mueble TV rustico madera reciclada 4 puertas 2 cajones\" class=\"wp-image-3855\" srcset=\"https:\/\/www.artesaniadecoracion.com\/blog\/wp-content\/uploads\/2025\/06\/Mueble-TV-rustico-madera-reciclada-4-puertas-2-cajones.jpeg 800w, https:\/\/www.artesaniadecoracion.com\/blog\/wp-content\/uploads\/2025\/06\/Mueble-TV-rustico-madera-reciclada-4-puertas-2-cajones-300x300.jpeg 300w, https:\/\/www.artesaniadecoracion.com\/blog\/wp-content\/uploads\/2025\/06\/Mueble-TV-rustico-madera-reciclada-4-puertas-2-cajones-150x150.jpeg 150w, https:\/\/www.artesaniadecoracion.com\/blog\/wp-content\/uploads\/2025\/06\/Mueble-TV-rustico-madera-reciclada-4-puertas-2-cajones-768x768.jpeg 768w, https:\/\/www.artesaniadecoracion.com\/blog\/wp-content\/uploads\/2025\/06\/Mueble-TV-rustico-madera-reciclada-4-puertas-2-cajones-624x624.jpeg 624w, https:\/\/www.artesaniadecoracion.com\/blog\/wp-content\/uploads\/2025\/06\/Mueble-TV-rustico-madera-reciclada-4-puertas-2-cajones-72x72.jpeg 72w, https:\/\/www.artesaniadecoracion.com\/blog\/wp-content\/uploads\/2025\/06\/Mueble-TV-rustico-madera-reciclada-4-puertas-2-cajones-350x350.jpeg 350w\" sizes=\"auto, (max-width: 800px) 100vw, 800px\" \/><figcaption class=\"wp-element-caption\"><b><a href=\"https:\/\/www.artesaniadecoracion.com\/salon-mueble-television-rustico-c-802_806_858.html\" target=\"_blank\"><strong><mark style=\"background-color:rgba(0, 0, 0, 0)\" class=\"has-inline-color has-black-color\">Mueble TV rustico madera reciclada 4 puertas 2 cajones<\/mark><\/strong><\/a><\/b><\/figcaption><\/figure>\n\n\n\n<figure class=\"wp-block-image size-large\"><img loading=\"lazy\" decoding=\"async\" width=\"800\" height=\"800\" data-id=\"3854\" src=\"https:\/\/www.artesaniadecoracion.com\/blog\/wp-content\/uploads\/2025\/06\/Mesa-cuadrada-auxiliar-madera-maciza-rustica-reciclada.jpeg\" alt=\"Mesa cuadrada auxiliar madera maciza rustica reciclada\" class=\"wp-image-3854\" srcset=\"https:\/\/www.artesaniadecoracion.com\/blog\/wp-content\/uploads\/2025\/06\/Mesa-cuadrada-auxiliar-madera-maciza-rustica-reciclada.jpeg 800w, https:\/\/www.artesaniadecoracion.com\/blog\/wp-content\/uploads\/2025\/06\/Mesa-cuadrada-auxiliar-madera-maciza-rustica-reciclada-300x300.jpeg 300w, https:\/\/www.artesaniadecoracion.com\/blog\/wp-content\/uploads\/2025\/06\/Mesa-cuadrada-auxiliar-madera-maciza-rustica-reciclada-150x150.jpeg 150w, https:\/\/www.artesaniadecoracion.com\/blog\/wp-content\/uploads\/2025\/06\/Mesa-cuadrada-auxiliar-madera-maciza-rustica-reciclada-768x768.jpeg 768w, https:\/\/www.artesaniadecoracion.com\/blog\/wp-content\/uploads\/2025\/06\/Mesa-cuadrada-auxiliar-madera-maciza-rustica-reciclada-624x624.jpeg 624w, https:\/\/www.artesaniadecoracion.com\/blog\/wp-content\/uploads\/2025\/06\/Mesa-cuadrada-auxiliar-madera-maciza-rustica-reciclada-72x72.jpeg 72w, https:\/\/www.artesaniadecoracion.com\/blog\/wp-content\/uploads\/2025\/06\/Mesa-cuadrada-auxiliar-madera-maciza-rustica-reciclada-350x350.jpeg 350w\" sizes=\"auto, (max-width: 800px) 100vw, 800px\" \/><figcaption class=\"wp-element-caption\"><b><a href=\"https:\/\/www.artesaniadecoracion.com\/salon-auxiliares-rustico-c-802_808_821.html\" target=\"_blank\"><strong><mark style=\"background-color:rgba(0, 0, 0, 0)\" class=\"has-inline-color has-black-color\">Mesa cuadrada auxiliar madera maciza rustica reciclada<\/mark><\/strong><\/a><\/b><\/figcaption><\/figure>\n\n\n\n<figure class=\"wp-block-image size-large\"><img loading=\"lazy\" decoding=\"async\" width=\"800\" height=\"800\" data-id=\"3853\" src=\"https:\/\/www.artesaniadecoracion.com\/blog\/wp-content\/uploads\/2025\/06\/Mesa-comedor-rectangular-madera-reciclada-maciza.jpeg\" alt=\"Mesa comedor rectangular madera reciclada maciza\" class=\"wp-image-3853\" srcset=\"https:\/\/www.artesaniadecoracion.com\/blog\/wp-content\/uploads\/2025\/06\/Mesa-comedor-rectangular-madera-reciclada-maciza.jpeg 800w, https:\/\/www.artesaniadecoracion.com\/blog\/wp-content\/uploads\/2025\/06\/Mesa-comedor-rectangular-madera-reciclada-maciza-300x300.jpeg 300w, https:\/\/www.artesaniadecoracion.com\/blog\/wp-content\/uploads\/2025\/06\/Mesa-comedor-rectangular-madera-reciclada-maciza-150x150.jpeg 150w, https:\/\/www.artesaniadecoracion.com\/blog\/wp-content\/uploads\/2025\/06\/Mesa-comedor-rectangular-madera-reciclada-maciza-768x768.jpeg 768w, https:\/\/www.artesaniadecoracion.com\/blog\/wp-content\/uploads\/2025\/06\/Mesa-comedor-rectangular-madera-reciclada-maciza-624x624.jpeg 624w, https:\/\/www.artesaniadecoracion.com\/blog\/wp-content\/uploads\/2025\/06\/Mesa-comedor-rectangular-madera-reciclada-maciza-72x72.jpeg 72w, https:\/\/www.artesaniadecoracion.com\/blog\/wp-content\/uploads\/2025\/06\/Mesa-comedor-rectangular-madera-reciclada-maciza-350x350.jpeg 350w\" sizes=\"auto, (max-width: 800px) 100vw, 800px\" \/><figcaption class=\"wp-element-caption\"><b><a href=\"https:\/\/www.artesaniadecoracion.com\/comedor-mesas-de-comedor-rustico-c-907_908_945.html\" target=\"_blank\"><strong><mark style=\"background-color:rgba(0, 0, 0, 0)\" class=\"has-inline-color has-black-color\">Mesa comedor rectangular madera reciclada maciza<\/mark><\/strong><\/a><\/b><\/figcaption><\/figure>\n\n\n\n<figure class=\"wp-block-image size-large\"><img loading=\"lazy\" decoding=\"async\" width=\"800\" height=\"800\" data-id=\"3852\" src=\"https:\/\/www.artesaniadecoracion.com\/blog\/wp-content\/uploads\/2025\/06\/Banco-rustico-madera-reciclada-para-bodega-o-salon.jpeg\" alt=\"Banco rustico madera reciclada para bodega o salon\" class=\"wp-image-3852\" srcset=\"https:\/\/www.artesaniadecoracion.com\/blog\/wp-content\/uploads\/2025\/06\/Banco-rustico-madera-reciclada-para-bodega-o-salon.jpeg 800w, https:\/\/www.artesaniadecoracion.com\/blog\/wp-content\/uploads\/2025\/06\/Banco-rustico-madera-reciclada-para-bodega-o-salon-300x300.jpeg 300w, https:\/\/www.artesaniadecoracion.com\/blog\/wp-content\/uploads\/2025\/06\/Banco-rustico-madera-reciclada-para-bodega-o-salon-150x150.jpeg 150w, https:\/\/www.artesaniadecoracion.com\/blog\/wp-content\/uploads\/2025\/06\/Banco-rustico-madera-reciclada-para-bodega-o-salon-768x768.jpeg 768w, https:\/\/www.artesaniadecoracion.com\/blog\/wp-content\/uploads\/2025\/06\/Banco-rustico-madera-reciclada-para-bodega-o-salon-624x624.jpeg 624w, https:\/\/www.artesaniadecoracion.com\/blog\/wp-content\/uploads\/2025\/06\/Banco-rustico-madera-reciclada-para-bodega-o-salon-72x72.jpeg 72w, https:\/\/www.artesaniadecoracion.com\/blog\/wp-content\/uploads\/2025\/06\/Banco-rustico-madera-reciclada-para-bodega-o-salon-350x350.jpeg 350w\" sizes=\"auto, (max-width: 800px) 100vw, 800px\" \/><figcaption class=\"wp-element-caption\"><b><a href=\"https:\/\/www.artesaniadecoracion.com\/comedor-sillas-taburetes-rustico-c-907_910_974.html\" target=\"_blank\"><strong><mark style=\"background-color:rgba(0, 0, 0, 0)\" class=\"has-inline-color has-black-color\">Banco rustico madera reciclada para bodega o salon<\/mark><\/strong><\/a><\/b><\/figcaption><\/figure>\n\n\n\n<figure class=\"wp-block-image size-large\"><img loading=\"lazy\" decoding=\"async\" width=\"800\" height=\"800\" data-id=\"3851\" src=\"https:\/\/www.artesaniadecoracion.com\/blog\/wp-content\/uploads\/2025\/06\/Aparador-grande-9-cajones-rusticos-madera-reciclada.jpeg\" alt=\"Aparador grande 9 cajones rusticos madera reciclada\" class=\"wp-image-3851\" srcset=\"https:\/\/www.artesaniadecoracion.com\/blog\/wp-content\/uploads\/2025\/06\/Aparador-grande-9-cajones-rusticos-madera-reciclada.jpeg 800w, https:\/\/www.artesaniadecoracion.com\/blog\/wp-content\/uploads\/2025\/06\/Aparador-grande-9-cajones-rusticos-madera-reciclada-300x300.jpeg 300w, https:\/\/www.artesaniadecoracion.com\/blog\/wp-content\/uploads\/2025\/06\/Aparador-grande-9-cajones-rusticos-madera-reciclada-150x150.jpeg 150w, https:\/\/www.artesaniadecoracion.com\/blog\/wp-content\/uploads\/2025\/06\/Aparador-grande-9-cajones-rusticos-madera-reciclada-768x768.jpeg 768w, https:\/\/www.artesaniadecoracion.com\/blog\/wp-content\/uploads\/2025\/06\/Aparador-grande-9-cajones-rusticos-madera-reciclada-624x624.jpeg 624w, https:\/\/www.artesaniadecoracion.com\/blog\/wp-content\/uploads\/2025\/06\/Aparador-grande-9-cajones-rusticos-madera-reciclada-72x72.jpeg 72w, https:\/\/www.artesaniadecoracion.com\/blog\/wp-content\/uploads\/2025\/06\/Aparador-grande-9-cajones-rusticos-madera-reciclada-350x350.jpeg 350w\" sizes=\"auto, (max-width: 800px) 100vw, 800px\" \/><figcaption class=\"wp-element-caption\"><b><a href=\"https:\/\/www.artesaniadecoracion.com\/comedor-aparadores-buffet-rustico-c-907_909_926.html\" target=\"_blank\"><strong><mark style=\"background-color:rgba(0, 0, 0, 0)\" class=\"has-inline-color has-black-color\">Aparador grande 9 cajones rusticos madera reciclada<\/mark><\/strong><\/a><\/b><\/figcaption><\/figure>\n<\/figure>\n","protected":false},"excerpt":{"rendered":"<p>\u00a1En nuestro blog, estamos emocionados de presentarte una colecci\u00f3n que te enamorar\u00e1: la serie Breive de muebles r\u00fasticos! Cada pieza de esta colecci\u00f3n es una declaraci\u00f3n de sostenibilidad, artesan\u00eda y belleza aut\u00e9ntica. Fabricados artesanalmente a mano con madera de pino reciclada, los muebles Breive no son solo objetos decorativos, sino que cuentan una historia, la [&hellip;]<\/p>\n","protected":false},"author":2,"featured_media":0,"comment_status":"closed","ping_status":"closed","sticky":false,"template":"","format":"standard","meta":{"om_disable_all_campaigns":false,"footnotes":""},"categories":[5],"tags":[1987,1956,2233,2694,1930,1817,2696,2693,2697,2158,2074,2596,2698,2003,1703,2218,2699,2695,2692,2234,2296],"class_list":["post-3857","post","type-post","status-publish","format-standard","hentry","category-salones","tag-acabado-envejecido","tag-aparador","tag-banco","tag-coleccion-breive","tag-decoracion-sostenible","tag-estilo-rustico","tag-grietas-madera","tag-hecho-a-mano","tag-industrial","tag-madera-reciclada","tag-mesa-auxiliar","tag-mesa-comedor","tag-mobiliario-reciclado","tag-mueble-tv","tag-muebles-artesanales","tag-muebles-rusticos","tag-nudos-madera","tag-piezas-unicas","tag-pino-reciclado","tag-taburete","tag-vintage"],"aioseo_notices":[],"_links":{"self":[{"href":"https:\/\/www.artesaniadecoracion.com\/blog\/wp-json\/wp\/v2\/posts\/3857","targetHints":{"allow":["GET"]}}],"collection":[{"href":"https:\/\/www.artesaniadecoracion.com\/blog\/wp-json\/wp\/v2\/posts"}],"about":[{"href":"https:\/\/www.artesaniadecoracion.com\/blog\/wp-json\/wp\/v2\/types\/post"}],"author":[{"embeddable":true,"href":"https:\/\/www.artesaniadecoracion.com\/blog\/wp-json\/wp\/v2\/users\/2"}],"replies":[{"embeddable":true,"href":"https:\/\/www.artesaniadecoracion.com\/blog\/wp-json\/wp\/v2\/comments?post=3857"}],"version-history":[{"count":1,"href":"https:\/\/www.artesaniadecoracion.com\/blog\/wp-json\/wp\/v2\/posts\/3857\/revisions"}],"predecessor-version":[{"id":3858,"href":"https:\/\/www.artesaniadecoracion.com\/blog\/wp-json\/wp\/v2\/posts\/3857\/revisions\/3858"}],"wp:attachment":[{"href":"https:\/\/www.artesaniadecoracion.com\/blog\/wp-json\/wp\/v2\/media?parent=3857"}],"wp:term":[{"taxonomy":"category","embeddable":true,"href":"https:\/\/www.artesaniadecoracion.com\/blog\/wp-json\/wp\/v2\/categories?post=3857"},{"taxonomy":"post_tag","embeddable":true,"href":"https:\/\/www.artesaniadecoracion.com\/blog\/wp-json\/wp\/v2\/tags?post=3857"}],"curies":[{"name":"wp","href":"https:\/\/api.w.org\/{rel}","templated":true}]}}