{"id":3990,"date":"2025-07-30T10:00:00","date_gmt":"2025-07-30T08:00:00","guid":{"rendered":"https:\/\/www.artesaniadecoracion.com\/blog\/?p=3990"},"modified":"2025-07-16T18:34:55","modified_gmt":"2025-07-16T16:34:55","slug":"cabeceros-basic-clasicos-la-elegancia-atemporal-de-la-forja-espanola-en-tu-dormitorio","status":"publish","type":"post","link":"https:\/\/www.artesaniadecoracion.com\/blog\/cabeceros-basic-clasicos-la-elegancia-atemporal-de-la-forja-espanola-en-tu-dormitorio\/","title":{"rendered":"Cabeceros Basic Cl\u00e1sicos: La Elegancia Atemporal de la Forja Espa\u00f1ola en Tu Dormitorio"},"content":{"rendered":"\n<p>En el dise\u00f1o de interiores, el dormitorio es un santuario personal, y el cabecero de la cama es sin duda su protagonista indiscutible. M\u00e1s all\u00e1 de su funci\u00f3n pr\u00e1ctica, un cabecero define el estilo y la atm\u00f3sfera de la habitaci\u00f3n. Si buscas una pieza que combine la robustez, la elegancia y la capacidad de personalizaci\u00f3n, nuestra serie de Cabeceros Basic Cl\u00e1sicos es la elecci\u00f3n perfecta. Fabricados con maestr\u00eda en Espa\u00f1a, estos cabeceros de forja y acero son un homenaje a la tradici\u00f3n con un toque contempor\u00e1neo.<\/p>\n\n\n\n<p><strong><em>Artesan\u00eda Espa\u00f1ola: Calidad y Durabilidad en Cada Detalle<\/em><\/strong><br>Nuestros cabeceros Basic Cl\u00e1sicos son el resultado de un cuidadoso proceso de fabricaci\u00f3n en Espa\u00f1a, donde la tradici\u00f3n de la forja se une a la precisi\u00f3n del acero. Cada cabecero est\u00e1 construido con una s\u00f3lida estructura de tubo de acero, combinada con hierro forjado, garantizando una resistencia y durabilidad excepcionales.<\/p>\n\n\n\n<p>Para asegurar un acabado impecable y una larga vida \u00fatil, aplicamos una doble capa de pintura. Esto no solo protege el metal, sino que tambi\u00e9n ofrece un acabado visualmente atractivo y resistente al paso del tiempo. El mantenimiento es incre\u00edblemente sencillo: basta con limpiar con un pa\u00f1o h\u00famedo para que tu cabecero luzca siempre como nuevo.<\/p>\n\n\n\n<p><strong><em>Personalizaci\u00f3n Ilimitada: Tu Estilo, Tu Color<\/em><\/strong><br>Una de las caracter\u00edsticas m\u00e1s destacadas de la serie Basic Cl\u00e1sicos es su incre\u00edble versatilidad. Sabemos que cada dormitorio es un mundo, y por eso ofrecemos nuestros cabeceros disponibles para colchones desde 90 cm hasta 150 cm. Esto cubre una amplia gama de necesidades, desde camas individuales hasta de matrimonio.<\/p>\n\n\n\n<p>Pero la personalizaci\u00f3n no termina ah\u00ed. Ponemos a tu disposici\u00f3n una paleta de hasta 20 colores a elecci\u00f3n del cliente. \u00bfSue\u00f1as con un dormitorio rom\u00e1ntico en tonos pastel? \u00bfO prefieres un estilo industrial con un gris antracita? Sea cual sea tu visi\u00f3n, tenemos el color perfecto para complementar tu decoraci\u00f3n y hacer que tu cabecero sea verdaderamente \u00fanico. Esta amplia gama de opciones permite que cada pieza se adapte a cualquier estilo, desde el cl\u00e1sico al contempor\u00e1neo, pasando por el r\u00fastico o el minimalista.<\/p>\n\n\n\n<p><strong><em>Modelos con Car\u00e1cter: Un Toque Cl\u00e1sico para Cada Gusto<\/em><\/strong><br>Dentro de la serie Basic Cl\u00e1sicos, encontrar\u00e1s tres dise\u00f1os que, si bien comparten la misma base de calidad y resistencia, se distinguen por sus detalles \u00fanicos en forja:<\/p>\n\n\n\n<p><strong><em>Cabecero Forja Basic 1038: La Esencia Cl\u00e1sica Redefinida<\/em><\/strong><br>Este modelo es la personificaci\u00f3n de la elegancia sobria. El Cabecero Forja Basic 1038 se caracteriza por sus barrotes verticales y postes en tubo de acero con un dise\u00f1o cl\u00e1sico. Es una opci\u00f3n atemporal que aporta un toque de distinci\u00f3n sin sobrecargar el espacio. Su sencillez es su mayor virtud, permiti\u00e9ndole integrarse armoniosamente en cualquier estilo decorativo.<\/p>\n\n\n\n<p><em>Medidas:<\/em><\/p>\n\n\n\n<p>Cabezal de 90: 96 cm (ancho) x 5 cm (fondo) x 119 cm (alto)<\/p>\n\n\n\n<p>Cabezal de 105: 111 cm (ancho) x 5 cm (fondo) x 119 cm (alto)<\/p>\n\n\n\n<p>Cabezal de 135: 141 cm (ancho) x 5 cm (fondo) x 119 cm (alto)<\/p>\n\n\n\n<p>Cabezal de 150: 156 cm (ancho) x 5 cm (fondo) x 119 cm (alto)<\/p>\n\n\n\n<p><strong><em>Cabecero Forja Basic 1037: Geometr\u00eda y Tradici\u00f3n en un Solo Dise\u00f1o<\/em><\/strong><br>El Cabecero Forja Basic 1037 eleva el dise\u00f1o cl\u00e1sico con un detalle distintivo. Adem\u00e1s de sus barrotes verticales y postes de tubo de acero, este modelo incorpora una decoraci\u00f3n superior en forma de rombos hechos de forja. Este patr\u00f3n geom\u00e9trico a\u00f1ade un inter\u00e9s visual sutil pero significativo, ideal para aquellos que buscan un toque extra de personalidad en su dormitorio.<\/p>\n\n\n\n<p><em>Medidas:<\/em> Id\u00e9nticas a las del modelo 1038 para adaptarse a todas las camas.<\/p>\n\n\n\n<p><strong><em>Cabecero Forja Basic 1036: Un Baile de C\u00edrculos Met\u00e1licos<\/em><\/strong><br>Para quienes aprecian los detalles org\u00e1nicos y la fluidez en el dise\u00f1o, el Cabecero Forja Basic 1036 es la opci\u00f3n ideal. Este cabecero presenta sus caracter\u00edsticos barrotes verticales y postes de tubo de acero, realzados por una decoraci\u00f3n superior con c\u00edrculos met\u00e1licos hechos de forja. Este dise\u00f1o aporta un toque de originalidad y movimiento, rompiendo con la linealidad y a\u00f1adiendo un encanto \u00fanico a la habitaci\u00f3n.<\/p>\n\n\n\n<p><em>Medidas:<\/em> Al igual que los modelos anteriores, se adapta a las medidas de colch\u00f3n de 90, 105, 135 y 150 cm, manteniendo la misma altura y fondo.<\/p>\n\n\n\n<p><strong><em>\u00bfD\u00f3nde Colocar Tu Cabecero Basic Cl\u00e1sico?<\/em><\/strong><br>Estos cabeceros son el complemento perfecto para cualquier dormitorio, transform\u00e1ndolo en un espacio con car\u00e1cter y estilo:<\/p>\n\n\n\n<p><em>Dormitorios Principales:<\/em> Convierte tu cama en el centro de atenci\u00f3n con un cabecero de forja que refleje tu personalidad. La amplia gama de colores te permite coordinarlo con la ropa de cama y otros elementos decorativos.<\/p>\n\n\n\n<p><em>Dormitorios Juveniles:<\/em> La resistencia y la facilidad de mantenimiento los hacen ideales para habitaciones de j\u00f3venes, ofreciendo un estilo duradero que se adapta a diferentes etapas.<\/p>\n\n\n\n<p><em>Dormitorios de Invitados:<\/em> Aporta un toque de elegancia y confort a la habitaci\u00f3n de tus invitados, creando un ambiente acogedor y bien pensado.<\/p>\n\n\n\n<p><em>Casas Rurales y Ambientes R\u00fasticos:<\/em> La forja encaja a la perfecci\u00f3n en decoraciones r\u00fasticas, aportando autenticidad y un aire campestre.<\/p>\n\n\n\n<p><em>Espacios de Estilo Vintage o Shabby Chic:<\/em> Los cabeceros Basic Cl\u00e1sicos, especialmente en colores claros o patinados, complementan a la perfecci\u00f3n estos estilos, creando una atm\u00f3sfera nost\u00e1lgica y rom\u00e1ntica.<\/p>\n\n\n\n<p>Elegir un cabecero de la serie Basic Cl\u00e1sicos es invertir en una pieza de mobiliario que no solo embellecer\u00e1 tu dormitorio, sino que tambi\u00e9n te ofrecer\u00e1 la calidad y la durabilidad de un producto fabricado artesanalmente en Espa\u00f1a. Da el paso y transforma tu cama en una obra de arte.<\/p>\n\n\n\n<p>Os adjuntamos las im\u00e1genes de esta colecci\u00f3n, para ampliar informaci\u00f3n pod\u00e9is seguir los enlaces de texto al pie de cada imagen.<\/p>\n\n\n\n<figure class=\"wp-block-gallery has-nested-images columns-default is-cropped wp-block-gallery-1 is-layout-flex wp-block-gallery-is-layout-flex\">\n<figure class=\"wp-block-image size-large\"><img loading=\"lazy\" decoding=\"async\" width=\"757\" height=\"600\" data-id=\"3989\" src=\"https:\/\/www.artesaniadecoracion.com\/blog\/wp-content\/uploads\/2025\/07\/Cabecero-forja-150-negro-diseno.jpg\" alt=\"Cabecero forja 150 negro dise\u00f1o\" class=\"wp-image-3989\" srcset=\"https:\/\/www.artesaniadecoracion.com\/blog\/wp-content\/uploads\/2025\/07\/Cabecero-forja-150-negro-diseno.jpg 757w, https:\/\/www.artesaniadecoracion.com\/blog\/wp-content\/uploads\/2025\/07\/Cabecero-forja-150-negro-diseno-300x238.jpg 300w, https:\/\/www.artesaniadecoracion.com\/blog\/wp-content\/uploads\/2025\/07\/Cabecero-forja-150-negro-diseno-624x495.jpg 624w\" sizes=\"auto, (max-width: 757px) 100vw, 757px\" \/><figcaption class=\"wp-element-caption\"><b><a href=\"https:\/\/www.artesaniadecoracion.com\/dormitorio-cabeceros-de-cama-forja-basicos-c-1002_1005_1035_1124.html\" target=\"_blank\"><strong><mark style=\"background-color:rgba(0, 0, 0, 0)\" class=\"has-inline-color has-black-color\">Cabecero forja 150 negro dise\u00f1o<\/mark><\/strong><\/a><\/b><\/figcaption><\/figure>\n\n\n\n<figure class=\"wp-block-image size-large\"><img loading=\"lazy\" decoding=\"async\" width=\"777\" height=\"600\" data-id=\"3988\" src=\"https:\/\/www.artesaniadecoracion.com\/blog\/wp-content\/uploads\/2025\/07\/Cabecero-de-forja-135-clasico.jpg\" alt=\"Cabecero de forja 135 clasico\" class=\"wp-image-3988\" srcset=\"https:\/\/www.artesaniadecoracion.com\/blog\/wp-content\/uploads\/2025\/07\/Cabecero-de-forja-135-clasico.jpg 777w, https:\/\/www.artesaniadecoracion.com\/blog\/wp-content\/uploads\/2025\/07\/Cabecero-de-forja-135-clasico-300x232.jpg 300w, https:\/\/www.artesaniadecoracion.com\/blog\/wp-content\/uploads\/2025\/07\/Cabecero-de-forja-135-clasico-768x593.jpg 768w, https:\/\/www.artesaniadecoracion.com\/blog\/wp-content\/uploads\/2025\/07\/Cabecero-de-forja-135-clasico-624x482.jpg 624w\" sizes=\"auto, (max-width: 777px) 100vw, 777px\" \/><figcaption class=\"wp-element-caption\"><b><a href=\"https:\/\/www.artesaniadecoracion.com\/dormitorio-cabeceros-de-cama-forja-basicos-c-1002_1005_1035_1124.html\" target=\"_blank\"><strong><mark style=\"background-color:rgba(0, 0, 0, 0)\" class=\"has-inline-color has-black-color\">Cabecero de forja 135 clasico<\/mark><\/strong><\/a><\/b><\/figcaption><\/figure>\n\n\n\n<figure class=\"wp-block-image size-large\"><img loading=\"lazy\" decoding=\"async\" width=\"800\" height=\"599\" data-id=\"3987\" src=\"https:\/\/www.artesaniadecoracion.com\/blog\/wp-content\/uploads\/2025\/07\/Cabecero-de-acero-color-negro-135.jpg\" alt=\"Cabecero de acero color negro 135\" class=\"wp-image-3987\" srcset=\"https:\/\/www.artesaniadecoracion.com\/blog\/wp-content\/uploads\/2025\/07\/Cabecero-de-acero-color-negro-135.jpg 800w, https:\/\/www.artesaniadecoracion.com\/blog\/wp-content\/uploads\/2025\/07\/Cabecero-de-acero-color-negro-135-300x225.jpg 300w, https:\/\/www.artesaniadecoracion.com\/blog\/wp-content\/uploads\/2025\/07\/Cabecero-de-acero-color-negro-135-768x575.jpg 768w, https:\/\/www.artesaniadecoracion.com\/blog\/wp-content\/uploads\/2025\/07\/Cabecero-de-acero-color-negro-135-624x467.jpg 624w, https:\/\/www.artesaniadecoracion.com\/blog\/wp-content\/uploads\/2025\/07\/Cabecero-de-acero-color-negro-135-200x150.jpg 200w\" sizes=\"auto, (max-width: 800px) 100vw, 800px\" \/><figcaption class=\"wp-element-caption\"><b><a href=\"https:\/\/www.artesaniadecoracion.com\/dormitorio-cabeceros-de-cama-forja-basicos-c-1002_1005_1035_1124.html\" target=\"_blank\"><strong><mark style=\"background-color:rgba(0, 0, 0, 0)\" class=\"has-inline-color has-black-color\">Cabecero de acero color negro 135<\/mark><\/strong><\/a><\/b><\/figcaption><\/figure>\n<\/figure>\n","protected":false},"excerpt":{"rendered":"<p>En el dise\u00f1o de interiores, el dormitorio es un santuario personal, y el cabecero de la cama es sin duda su protagonista indiscutible. M\u00e1s all\u00e1 de su funci\u00f3n pr\u00e1ctica, un cabecero define el estilo y la atm\u00f3sfera de la habitaci\u00f3n. Si buscas una pieza que combine la robustez, la elegancia y la capacidad de personalizaci\u00f3n, [&hellip;]<\/p>\n","protected":false},"author":2,"featured_media":0,"comment_status":"closed","ping_status":"closed","sticky":false,"template":"","format":"standard","meta":{"om_disable_all_campaigns":false,"footnotes":""},"categories":[6],"tags":[2896,2903,2900,2902,2890,2895,30,2894,2892,2891,2897,2893,1672,2123,2898,1952,2901,2899,1889],"class_list":["post-3990","post","type-post","status-publish","format-standard","hentry","category-dormitorios","tag-20-colores","tag-cabecero-basic-1036","tag-cabecero-basic-1037","tag-cabecero-basic-1038","tag-cabeceros-clasicos","tag-cabeceros-de-acero","tag-cabeceros-de-forja","tag-cabeceros-fabricados-en-espana","tag-cabeceros-para-colchon-de-105","tag-cabeceros-para-colchon-de-135","tag-cabeceros-para-colchon-de-150","tag-cabeceros-para-colchon-de-90","tag-cabeceros-personalizados","tag-decoracion-dormitorio-2","tag-diseno-atemporal","tag-dormitorio-juvenil","tag-dormitorio-principal","tag-forja-tradicional","tag-hierro-forjado"],"aioseo_notices":[],"_links":{"self":[{"href":"https:\/\/www.artesaniadecoracion.com\/blog\/wp-json\/wp\/v2\/posts\/3990","targetHints":{"allow":["GET"]}}],"collection":[{"href":"https:\/\/www.artesaniadecoracion.com\/blog\/wp-json\/wp\/v2\/posts"}],"about":[{"href":"https:\/\/www.artesaniadecoracion.com\/blog\/wp-json\/wp\/v2\/types\/post"}],"author":[{"embeddable":true,"href":"https:\/\/www.artesaniadecoracion.com\/blog\/wp-json\/wp\/v2\/users\/2"}],"replies":[{"embeddable":true,"href":"https:\/\/www.artesaniadecoracion.com\/blog\/wp-json\/wp\/v2\/comments?post=3990"}],"version-history":[{"count":1,"href":"https:\/\/www.artesaniadecoracion.com\/blog\/wp-json\/wp\/v2\/posts\/3990\/revisions"}],"predecessor-version":[{"id":3991,"href":"https:\/\/www.artesaniadecoracion.com\/blog\/wp-json\/wp\/v2\/posts\/3990\/revisions\/3991"}],"wp:attachment":[{"href":"https:\/\/www.artesaniadecoracion.com\/blog\/wp-json\/wp\/v2\/media?parent=3990"}],"wp:term":[{"taxonomy":"category","embeddable":true,"href":"https:\/\/www.artesaniadecoracion.com\/blog\/wp-json\/wp\/v2\/categories?post=3990"},{"taxonomy":"post_tag","embeddable":true,"href":"https:\/\/www.artesaniadecoracion.com\/blog\/wp-json\/wp\/v2\/tags?post=3990"}],"curies":[{"name":"wp","href":"https:\/\/api.w.org\/{rel}","templated":true}]}}