{"id":4142,"date":"2025-09-12T10:00:00","date_gmt":"2025-09-12T08:00:00","guid":{"rendered":"https:\/\/www.artesaniadecoracion.com\/blog\/?p=4142"},"modified":"2025-09-02T18:12:12","modified_gmt":"2025-09-02T16:12:12","slug":"salon-comedor-estilo-industrial-serie-aleyne-elegancia-rustica-con-madera-maciza","status":"publish","type":"post","link":"https:\/\/www.artesaniadecoracion.com\/blog\/salon-comedor-estilo-industrial-serie-aleyne-elegancia-rustica-con-madera-maciza\/","title":{"rendered":"Sal\u00f3n Comedor Estilo Industrial Serie Aleyne: Elegancia R\u00fastica con Madera Maciza"},"content":{"rendered":"\n<figure class=\"wp-block-image size-full\"><img loading=\"lazy\" decoding=\"async\" width=\"800\" height=\"600\" src=\"https:\/\/www.artesaniadecoracion.com\/blog\/wp-content\/uploads\/2025\/09\/Salon.jpg\" alt=\"Sal\u00f3n Dise\u00f1o Industrial Madera Acacia\" class=\"wp-image-4140\" srcset=\"https:\/\/www.artesaniadecoracion.com\/blog\/wp-content\/uploads\/2025\/09\/Salon.jpg 800w, https:\/\/www.artesaniadecoracion.com\/blog\/wp-content\/uploads\/2025\/09\/Salon-300x225.jpg 300w, https:\/\/www.artesaniadecoracion.com\/blog\/wp-content\/uploads\/2025\/09\/Salon-768x576.jpg 768w, https:\/\/www.artesaniadecoracion.com\/blog\/wp-content\/uploads\/2025\/09\/Salon-624x468.jpg 624w, https:\/\/www.artesaniadecoracion.com\/blog\/wp-content\/uploads\/2025\/09\/Salon-200x150.jpg 200w\" sizes=\"auto, (max-width: 800px) 100vw, 800px\" \/><figcaption class=\"wp-element-caption\">Sal\u00f3n Dise\u00f1o Industrial Madera Acacia<\/figcaption><\/figure>\n\n\n\n<p>La colecci\u00f3n Aleyne transforma cualquier espacio en un entorno c\u00e1lido, funcional y con car\u00e1cter. Dise\u00f1ada en madera maciza de acacia reciclada y fresno natural, esta serie combina el estilo industrial con la autenticidad de los materiales nobles. Ideal para salones, comedores, lofts o estudios, cada pieza aporta personalidad y durabilidad.<\/p>\n\n\n\n<p><em>El aparador Aleyne <\/em>es perfecto para recibidores o comedores que necesitan almacenamiento con estilo. Sus puertas correderas con detalles met\u00e1licos y sus tres cajones centrales permiten organizar vajilla, textiles y objetos decorativos sin perder el encanto r\u00fastico.<\/p>\n\n\n\n<p><em>El mueble bajo TV Aleyne<\/em> se adapta a zonas de entretenimiento, aportando orden y est\u00e9tica. Su puerta corredera oculta dispositivos electr\u00f3nicos, mientras que los cajones laterales guardan accesorios del d\u00eda a d\u00eda. Su acabado natural y estructura robusta lo convierten en el centro visual del sal\u00f3n.<\/p>\n\n\n\n<p><em>La mesa de comedor Aleyne,<\/em> con sus generosas dimensiones, es el coraz\u00f3n del hogar. Fabricada en madera reciclada, ofrece espacio para compartir momentos en familia o con amigos, con un dise\u00f1o que respeta el medio ambiente y realza la decoraci\u00f3n.<\/p>\n\n\n\n<p><em>El sill\u00f3n de caucho con asiento trenzado Aleyne<\/em> complementa la mesa con un toque artesanal. Su cuerda natural y estructura s\u00f3lida lo hacen ideal para comedores, rincones de lectura o espacios de estilo bohemio. Su dise\u00f1o vers\u00e1til permite combinarlo con piezas modernas o vintage.<\/p>\n\n\n\n<p>Cada mueble de la serie Aleyne est\u00e1 pensado para quienes valoran la calidad, el dise\u00f1o sostenible y la est\u00e9tica industrial con alma natural.<\/p>\n\n\n\n<p><strong>Im\u00e1genes y enlaces informativos:<\/strong>\u00a0Adjuntamos las im\u00e1genes de este sal\u00f3n para que pod\u00e1is apreciar los detalles y acabados de forma visual. Al pie de cada imagen encontrar\u00e9is su correspondiente enlace de texto, donde podr\u00e9is acceder a informaci\u00f3n ampliada sobre materiales, dimensiones, caracter\u00edsticas t\u00e9cnicas y opciones de decoraci\u00f3n.<\/p>\n\n\n\n<figure class=\"wp-block-gallery has-nested-images columns-2 is-cropped wp-block-gallery-1 is-layout-flex wp-block-gallery-is-layout-flex\">\n<figure class=\"wp-block-image size-large\"><img loading=\"lazy\" decoding=\"async\" width=\"800\" height=\"800\" data-id=\"4139\" src=\"https:\/\/www.artesaniadecoracion.com\/blog\/wp-content\/uploads\/2025\/09\/Mueble-tv-diseno-industrial-puertas-correderas.jpeg\" alt=\"Mueble tv dise\u00f1o industrial puertas correderas\" class=\"wp-image-4139\" srcset=\"https:\/\/www.artesaniadecoracion.com\/blog\/wp-content\/uploads\/2025\/09\/Mueble-tv-diseno-industrial-puertas-correderas.jpeg 800w, https:\/\/www.artesaniadecoracion.com\/blog\/wp-content\/uploads\/2025\/09\/Mueble-tv-diseno-industrial-puertas-correderas-300x300.jpeg 300w, https:\/\/www.artesaniadecoracion.com\/blog\/wp-content\/uploads\/2025\/09\/Mueble-tv-diseno-industrial-puertas-correderas-150x150.jpeg 150w, https:\/\/www.artesaniadecoracion.com\/blog\/wp-content\/uploads\/2025\/09\/Mueble-tv-diseno-industrial-puertas-correderas-768x768.jpeg 768w, https:\/\/www.artesaniadecoracion.com\/blog\/wp-content\/uploads\/2025\/09\/Mueble-tv-diseno-industrial-puertas-correderas-624x624.jpeg 624w, https:\/\/www.artesaniadecoracion.com\/blog\/wp-content\/uploads\/2025\/09\/Mueble-tv-diseno-industrial-puertas-correderas-72x72.jpeg 72w, https:\/\/www.artesaniadecoracion.com\/blog\/wp-content\/uploads\/2025\/09\/Mueble-tv-diseno-industrial-puertas-correderas-350x350.jpeg 350w\" sizes=\"auto, (max-width: 800px) 100vw, 800px\" \/><figcaption class=\"wp-element-caption\"><b><a href=\"https:\/\/www.artesaniadecoracion.com\/salon-mueble-television-industrial-c-802_806_852.html?page=2\" target=\"_blank\"><strong><mark style=\"background-color:rgba(0, 0, 0, 0)\" class=\"has-inline-color has-black-color\">Mueble tv dise\u00f1o industrial puertas correderas<\/mark><\/strong><\/a><\/b><\/figcaption><\/figure>\n\n\n\n<figure class=\"wp-block-image size-large\"><img loading=\"lazy\" decoding=\"async\" width=\"800\" height=\"1000\" data-id=\"4138\" src=\"https:\/\/www.artesaniadecoracion.com\/blog\/wp-content\/uploads\/2025\/09\/Mesa-comedor-grande-madera-rustica.jpeg\" alt=\"Mesa comedor grande madera rustica\" class=\"wp-image-4138\" srcset=\"https:\/\/www.artesaniadecoracion.com\/blog\/wp-content\/uploads\/2025\/09\/Mesa-comedor-grande-madera-rustica.jpeg 800w, https:\/\/www.artesaniadecoracion.com\/blog\/wp-content\/uploads\/2025\/09\/Mesa-comedor-grande-madera-rustica-240x300.jpeg 240w, https:\/\/www.artesaniadecoracion.com\/blog\/wp-content\/uploads\/2025\/09\/Mesa-comedor-grande-madera-rustica-768x960.jpeg 768w, https:\/\/www.artesaniadecoracion.com\/blog\/wp-content\/uploads\/2025\/09\/Mesa-comedor-grande-madera-rustica-624x780.jpeg 624w\" sizes=\"auto, (max-width: 800px) 100vw, 800px\" \/><figcaption class=\"wp-element-caption\"><b><a href=\"https:\/\/www.artesaniadecoracion.com\/comedor-mesas-de-comedor-actual-c-907_908_959.html\" target=\"_blank\"><strong><mark style=\"background-color:rgba(0, 0, 0, 0)\" class=\"has-inline-color has-black-color\">Mesa comedor grande madera rustica<\/mark><\/strong><\/a><\/b><\/figcaption><\/figure>\n\n\n\n<figure class=\"wp-block-image size-large\"><img loading=\"lazy\" decoding=\"async\" width=\"800\" height=\"800\" data-id=\"4137\" src=\"https:\/\/www.artesaniadecoracion.com\/blog\/wp-content\/uploads\/2025\/09\/Aparador-diseno-industrial-madera-metal.jpeg\" alt=\"Aparador dise\u00f1o industrial madera metal\" class=\"wp-image-4137\" srcset=\"https:\/\/www.artesaniadecoracion.com\/blog\/wp-content\/uploads\/2025\/09\/Aparador-diseno-industrial-madera-metal.jpeg 800w, https:\/\/www.artesaniadecoracion.com\/blog\/wp-content\/uploads\/2025\/09\/Aparador-diseno-industrial-madera-metal-300x300.jpeg 300w, https:\/\/www.artesaniadecoracion.com\/blog\/wp-content\/uploads\/2025\/09\/Aparador-diseno-industrial-madera-metal-150x150.jpeg 150w, https:\/\/www.artesaniadecoracion.com\/blog\/wp-content\/uploads\/2025\/09\/Aparador-diseno-industrial-madera-metal-768x768.jpeg 768w, https:\/\/www.artesaniadecoracion.com\/blog\/wp-content\/uploads\/2025\/09\/Aparador-diseno-industrial-madera-metal-624x624.jpeg 624w, https:\/\/www.artesaniadecoracion.com\/blog\/wp-content\/uploads\/2025\/09\/Aparador-diseno-industrial-madera-metal-72x72.jpeg 72w, https:\/\/www.artesaniadecoracion.com\/blog\/wp-content\/uploads\/2025\/09\/Aparador-diseno-industrial-madera-metal-350x350.jpeg 350w\" sizes=\"auto, (max-width: 800px) 100vw, 800px\" \/><figcaption class=\"wp-element-caption\"><b><a href=\"https:\/\/www.artesaniadecoracion.com\/comedor-aparadores-buffet-industrial-c-907_909_920.html?page=2\" target=\"_blank\"><strong><mark style=\"background-color:rgba(0, 0, 0, 0)\" class=\"has-inline-color has-black-color\">Aparador dise\u00f1o industrial madera metal<\/mark><\/strong><\/a><\/b><\/figcaption><\/figure>\n\n\n\n<figure class=\"wp-block-image size-large\"><img loading=\"lazy\" decoding=\"async\" width=\"800\" height=\"800\" data-id=\"4134\" src=\"https:\/\/www.artesaniadecoracion.com\/blog\/wp-content\/uploads\/2025\/09\/Sillon-cuerda-madera-para-el-comedor.jpeg\" alt=\"Sillon cuerda madera para el comedor\" class=\"wp-image-4134\" srcset=\"https:\/\/www.artesaniadecoracion.com\/blog\/wp-content\/uploads\/2025\/09\/Sillon-cuerda-madera-para-el-comedor.jpeg 800w, https:\/\/www.artesaniadecoracion.com\/blog\/wp-content\/uploads\/2025\/09\/Sillon-cuerda-madera-para-el-comedor-300x300.jpeg 300w, https:\/\/www.artesaniadecoracion.com\/blog\/wp-content\/uploads\/2025\/09\/Sillon-cuerda-madera-para-el-comedor-150x150.jpeg 150w, https:\/\/www.artesaniadecoracion.com\/blog\/wp-content\/uploads\/2025\/09\/Sillon-cuerda-madera-para-el-comedor-768x768.jpeg 768w, https:\/\/www.artesaniadecoracion.com\/blog\/wp-content\/uploads\/2025\/09\/Sillon-cuerda-madera-para-el-comedor-624x624.jpeg 624w, https:\/\/www.artesaniadecoracion.com\/blog\/wp-content\/uploads\/2025\/09\/Sillon-cuerda-madera-para-el-comedor-72x72.jpeg 72w, https:\/\/www.artesaniadecoracion.com\/blog\/wp-content\/uploads\/2025\/09\/Sillon-cuerda-madera-para-el-comedor-350x350.jpeg 350w\" sizes=\"auto, (max-width: 800px) 100vw, 800px\" \/><figcaption class=\"wp-element-caption\"><b><a href=\"https:\/\/www.artesaniadecoracion.com\/comedor-sillas-taburetes-actual-c-907_910_960.html\" target=\"_blank\"><strong><mark style=\"background-color:rgba(0, 0, 0, 0)\" class=\"has-inline-color has-black-color\">Sillon cuerda madera para el comedor<\/mark><\/strong><\/a><\/b><\/figcaption><\/figure>\n<\/figure>\n","protected":false},"excerpt":{"rendered":"<p>La colecci\u00f3n Aleyne transforma cualquier espacio en un entorno c\u00e1lido, funcional y con car\u00e1cter. Dise\u00f1ada en madera maciza de acacia reciclada y fresno natural, esta serie combina el estilo industrial con la autenticidad de los materiales nobles. Ideal para salones, comedores, lofts o estudios, cada pieza aporta personalidad y durabilidad. El aparador Aleyne es perfecto [&hellip;]<\/p>\n","protected":false},"author":2,"featured_media":0,"comment_status":"closed","ping_status":"closed","sticky":false,"template":"","format":"standard","meta":{"om_disable_all_campaigns":false,"footnotes":""},"categories":[5],"tags":[3117,1956,2854,1683,2745,2232,2114,2817,2451,2003,2702,2475,2795,1758,3118,2134,3048],"class_list":["post-4142","post","type-post","status-publish","format-standard","hentry","category-salones","tag-acacia-reciclada","tag-aparador","tag-aparador-industrial","tag-decoracion-rustica","tag-estilo-loft","tag-mesa","tag-mesa-de-comedor","tag-mobiliario-natural","tag-mueble-industrial","tag-mueble-tv","tag-mueble-tv-industrial","tag-muebles-madera-maciza","tag-muebles-sostenibles","tag-salon-comedor","tag-serie-aleyne","tag-sillon","tag-sillon-comedor"],"aioseo_notices":[],"_links":{"self":[{"href":"https:\/\/www.artesaniadecoracion.com\/blog\/wp-json\/wp\/v2\/posts\/4142","targetHints":{"allow":["GET"]}}],"collection":[{"href":"https:\/\/www.artesaniadecoracion.com\/blog\/wp-json\/wp\/v2\/posts"}],"about":[{"href":"https:\/\/www.artesaniadecoracion.com\/blog\/wp-json\/wp\/v2\/types\/post"}],"author":[{"embeddable":true,"href":"https:\/\/www.artesaniadecoracion.com\/blog\/wp-json\/wp\/v2\/users\/2"}],"replies":[{"embeddable":true,"href":"https:\/\/www.artesaniadecoracion.com\/blog\/wp-json\/wp\/v2\/comments?post=4142"}],"version-history":[{"count":1,"href":"https:\/\/www.artesaniadecoracion.com\/blog\/wp-json\/wp\/v2\/posts\/4142\/revisions"}],"predecessor-version":[{"id":4143,"href":"https:\/\/www.artesaniadecoracion.com\/blog\/wp-json\/wp\/v2\/posts\/4142\/revisions\/4143"}],"wp:attachment":[{"href":"https:\/\/www.artesaniadecoracion.com\/blog\/wp-json\/wp\/v2\/media?parent=4142"}],"wp:term":[{"taxonomy":"category","embeddable":true,"href":"https:\/\/www.artesaniadecoracion.com\/blog\/wp-json\/wp\/v2\/categories?post=4142"},{"taxonomy":"post_tag","embeddable":true,"href":"https:\/\/www.artesaniadecoracion.com\/blog\/wp-json\/wp\/v2\/tags?post=4142"}],"curies":[{"name":"wp","href":"https:\/\/api.w.org\/{rel}","templated":true}]}}