{"id":4651,"date":"2026-03-12T10:00:00","date_gmt":"2026-03-12T09:00:00","guid":{"rendered":"https:\/\/www.artesaniadecoracion.com\/blog\/?p=4651"},"modified":"2026-03-02T18:49:15","modified_gmt":"2026-03-02T17:49:15","slug":"librerias-de-diseno-abierto-serie-amodias-orden-y-estilo-industrial","status":"publish","type":"post","link":"https:\/\/www.artesaniadecoracion.com\/blog\/librerias-de-diseno-abierto-serie-amodias-orden-y-estilo-industrial\/","title":{"rendered":"Librer\u00edas de Dise\u00f1o Abierto Serie Amodias: Orden y Estilo Industrial"},"content":{"rendered":"\n<p>En la decoraci\u00f3n actual, el orden y el estilo deben ir de la mano. La Serie Amodias nace para dar respuesta a esa necesidad, ofreciendo una colecci\u00f3n de estanter\u00edas y librer\u00edas que capturan la esencia del dise\u00f1o industrial m\u00e1s puro. Fabricadas con una estructura de acero en color negro y baldas de madera laminada, estas piezas no solo son muebles de almacenaje, sino elementos arquitect\u00f3nicos que definen el car\u00e1cter de una habitaci\u00f3n.<\/p>\n\n\n\n<p><strong>Caracter\u00edsticas destacadas de la colecci\u00f3n<\/strong><br><strong>Estanter\u00edas en Acabado Pino (Modelos de 3 y 4 Niveles)<\/strong><br>La combinaci\u00f3n del acero negro con el acabado pino es un cl\u00e1sico que nunca falla. Disponemos de la versi\u00f3n de 3 niveles (106 cm de alto) para quienes buscan algo discreto bajo una ventana o junto a un sof\u00e1, y la versi\u00f3n de 4 niveles (140 cm de alto) para aprovechar al m\u00e1ximo la verticalidad. Estas piezas destacan por su calidez natural, siendo el complemento perfecto para ambientes r\u00fasticos modernos o n\u00f3rdicos que quieren introducir un contraste industrial.<\/p>\n\n\n\n<p><strong>Librer\u00edas en Acabado Haya (Modelos de 3 y 4 Niveles)<\/strong><br>Si buscas una est\u00e9tica m\u00e1s luminosa y moderna, los modelos con baldas en acabado haya son la opci\u00f3n ideal. El tono claro del haya aporta una sensaci\u00f3n de limpieza y orden superior. Disponibles en alturas de 90 cm y 130 cm, estas librer\u00edas tienen un dise\u00f1o de l\u00edneas depuradas que encaja magn\u00edficamente en despachos contempor\u00e1neos o dormitorios juveniles. Su estructura met\u00e1lica asegura que, a pesar de su apariencia ligera, sean muebles estables y muy resistentes.<\/p>\n\n\n\n<p><strong>\u00bfD\u00f3nde colocar la Serie Amodias?<\/strong><br>La gran ventaja de la Serie Amodias es su ligereza visual. Al ser estructuras abiertas, no recargan el ambiente, lo que permite ubicarlas en lugares muy diversos:<br><em>En el Sal\u00f3n y Comedor:<\/em> Son ideales para exhibir tu colecci\u00f3n de libros, plantas colgantes o vajilla seleccionada, aportando un aire de loft urbano.<br><em>En el Dormitorio:<\/em> Funcionan como librer\u00edas auxiliares para tener a mano tus lecturas favoritas o incluso como un soporte moderno para organizar zapatos y accesorios.<br><em>En el Despacho u Oficina:<\/em> Su robustez garantiza un soporte seguro para archivadores y material de trabajo, manteniendo un entorno profesional y limpio.<br><em>En el Aseo o Ba\u00f1o:<\/em> Gracias a su estructura elevada, pueden servir para organizar toallas limpias y cestas de mimbre con productos de higiene, dando un toque r\u00fastico-industrial al ba\u00f1o.<br><em>Zonas de Paso:<\/em> Su fondo optimizado (entre 30 y 33 cm) las hace perfectas para pasillos o recibidores donde se busca funcionalidad sin obstruir el paso.<\/p>\n\n\n\n<p><strong>Montaje sencillo y dise\u00f1o inteligente<\/strong><br>Toda la Serie Amodias ha sido pensada para la comodidad del usuario. Los muebles se sirven desmontados para facilitar su transporte, pero su sistema de ensamblaje es intuitivo y r\u00e1pido. Una vez montadas, las estanter\u00edas ofrecen niveles amplios y accesibles que permiten que la luz fluya a trav\u00e9s de ellas, creando una sensaci\u00f3n de amplitud incluso en las estancias m\u00e1s peque\u00f1as.<\/p>\n\n\n\n<p>Ya sea que necesites una estanter\u00eda industrial para tus plantas o una librer\u00eda robusta para tu biblioteca personal, la Serie Amodias ofrece la durabilidad del acero y la belleza de la madera en un solo producto.<\/p>\n\n\n\n<p><strong>Galer\u00eda visual y enlaces:<\/strong> Aqu\u00ed os dejamos las imagenes de la colecci\u00f3n para que pod\u00e1is fijaros bien en los acabados, las texturas y los detalles decorativos. Debajo de cada imagen encontrar\u00e9is un enlace con m\u00e1s informaci\u00f3n sobre los materiales, medidas, aspectos t\u00e9cnicos y c\u00f3mo combinarlos en la decoraci\u00f3n.<\/p>\n\n\n\n<figure class=\"wp-block-gallery has-nested-images columns-2 is-cropped wp-block-gallery-1 is-layout-flex wp-block-gallery-is-layout-flex\">\n<figure class=\"wp-block-image size-large\"><img loading=\"lazy\" decoding=\"async\" width=\"800\" height=\"800\" data-id=\"4650\" src=\"https:\/\/www.artesaniadecoracion.com\/blog\/wp-content\/uploads\/2026\/03\/Libreria-salon-diseno-forja-madera.jpeg\" alt=\"Libreria salon dise\u00f1o forja madera\" class=\"wp-image-4650\" srcset=\"https:\/\/www.artesaniadecoracion.com\/blog\/wp-content\/uploads\/2026\/03\/Libreria-salon-diseno-forja-madera.jpeg 800w, https:\/\/www.artesaniadecoracion.com\/blog\/wp-content\/uploads\/2026\/03\/Libreria-salon-diseno-forja-madera-300x300.jpeg 300w, https:\/\/www.artesaniadecoracion.com\/blog\/wp-content\/uploads\/2026\/03\/Libreria-salon-diseno-forja-madera-150x150.jpeg 150w, https:\/\/www.artesaniadecoracion.com\/blog\/wp-content\/uploads\/2026\/03\/Libreria-salon-diseno-forja-madera-768x768.jpeg 768w, https:\/\/www.artesaniadecoracion.com\/blog\/wp-content\/uploads\/2026\/03\/Libreria-salon-diseno-forja-madera-624x624.jpeg 624w, https:\/\/www.artesaniadecoracion.com\/blog\/wp-content\/uploads\/2026\/03\/Libreria-salon-diseno-forja-madera-72x72.jpeg 72w, https:\/\/www.artesaniadecoracion.com\/blog\/wp-content\/uploads\/2026\/03\/Libreria-salon-diseno-forja-madera-350x350.jpeg 350w\" sizes=\"auto, (max-width: 800px) 100vw, 800px\" \/><figcaption class=\"wp-element-caption\"><b><a href=\"https:\/\/www.artesaniadecoracion.com\/salon-estanterias-forja-c-802_804_835.html?page=3\" target=\"_blank\"><strong><mark style=\"background-color:rgba(0, 0, 0, 0)\" class=\"has-inline-color has-black-color\">Libreria salon dise\u00f1o forja madera<\/mark><\/strong><\/a><\/b><\/figcaption><\/figure>\n\n\n\n<figure class=\"wp-block-image size-large\"><img loading=\"lazy\" decoding=\"async\" width=\"800\" height=\"800\" data-id=\"4649\" src=\"https:\/\/www.artesaniadecoracion.com\/blog\/wp-content\/uploads\/2026\/03\/Estanteria-libreria-forja-madera-4-estantes.jpeg\" alt=\"Estanteria libreria forja madera 4 estantes\" class=\"wp-image-4649\" srcset=\"https:\/\/www.artesaniadecoracion.com\/blog\/wp-content\/uploads\/2026\/03\/Estanteria-libreria-forja-madera-4-estantes.jpeg 800w, https:\/\/www.artesaniadecoracion.com\/blog\/wp-content\/uploads\/2026\/03\/Estanteria-libreria-forja-madera-4-estantes-300x300.jpeg 300w, https:\/\/www.artesaniadecoracion.com\/blog\/wp-content\/uploads\/2026\/03\/Estanteria-libreria-forja-madera-4-estantes-150x150.jpeg 150w, https:\/\/www.artesaniadecoracion.com\/blog\/wp-content\/uploads\/2026\/03\/Estanteria-libreria-forja-madera-4-estantes-768x768.jpeg 768w, https:\/\/www.artesaniadecoracion.com\/blog\/wp-content\/uploads\/2026\/03\/Estanteria-libreria-forja-madera-4-estantes-624x624.jpeg 624w, https:\/\/www.artesaniadecoracion.com\/blog\/wp-content\/uploads\/2026\/03\/Estanteria-libreria-forja-madera-4-estantes-72x72.jpeg 72w, https:\/\/www.artesaniadecoracion.com\/blog\/wp-content\/uploads\/2026\/03\/Estanteria-libreria-forja-madera-4-estantes-350x350.jpeg 350w\" sizes=\"auto, (max-width: 800px) 100vw, 800px\" \/><figcaption class=\"wp-element-caption\"><b><a href=\"https:\/\/www.artesaniadecoracion.com\/salon-estanterias-forja-c-802_804_835.html?page=2\" target=\"_blank\"><strong><mark style=\"background-color:rgba(0, 0, 0, 0)\" class=\"has-inline-color has-black-color\">Estanteria libreria forja madera 4 estantes<\/mark><\/strong><\/a><\/b><\/figcaption><\/figure>\n\n\n\n<figure class=\"wp-block-image size-large\"><img loading=\"lazy\" decoding=\"async\" width=\"800\" height=\"800\" data-id=\"4648\" src=\"https:\/\/www.artesaniadecoracion.com\/blog\/wp-content\/uploads\/2026\/03\/Estanteria-industrial-madera-forja-3-baldas.jpeg\" alt=\"Estanteria industrial madera forja 3 baldas\" class=\"wp-image-4648\" srcset=\"https:\/\/www.artesaniadecoracion.com\/blog\/wp-content\/uploads\/2026\/03\/Estanteria-industrial-madera-forja-3-baldas.jpeg 800w, https:\/\/www.artesaniadecoracion.com\/blog\/wp-content\/uploads\/2026\/03\/Estanteria-industrial-madera-forja-3-baldas-300x300.jpeg 300w, https:\/\/www.artesaniadecoracion.com\/blog\/wp-content\/uploads\/2026\/03\/Estanteria-industrial-madera-forja-3-baldas-150x150.jpeg 150w, https:\/\/www.artesaniadecoracion.com\/blog\/wp-content\/uploads\/2026\/03\/Estanteria-industrial-madera-forja-3-baldas-768x768.jpeg 768w, https:\/\/www.artesaniadecoracion.com\/blog\/wp-content\/uploads\/2026\/03\/Estanteria-industrial-madera-forja-3-baldas-624x624.jpeg 624w, https:\/\/www.artesaniadecoracion.com\/blog\/wp-content\/uploads\/2026\/03\/Estanteria-industrial-madera-forja-3-baldas-72x72.jpeg 72w, https:\/\/www.artesaniadecoracion.com\/blog\/wp-content\/uploads\/2026\/03\/Estanteria-industrial-madera-forja-3-baldas-350x350.jpeg 350w\" sizes=\"auto, (max-width: 800px) 100vw, 800px\" \/><figcaption class=\"wp-element-caption\"><b><a href=\"https:\/\/www.artesaniadecoracion.com\/salon-estanterias-forja-c-802_804_835.html?page=2\" target=\"_blank\"><strong><mark style=\"background-color:rgba(0, 0, 0, 0)\" class=\"has-inline-color has-black-color\">Estanteria industrial madera forja 3 baldas<\/mark><\/strong><\/a><\/b><\/figcaption><\/figure>\n\n\n\n<figure class=\"wp-block-image size-large\"><img loading=\"lazy\" decoding=\"async\" width=\"800\" height=\"800\" data-id=\"4647\" src=\"https:\/\/www.artesaniadecoracion.com\/blog\/wp-content\/uploads\/2026\/03\/Estanteria-forja-actual-madera-metal.jpeg\" alt=\"Estanteria forja actual madera metal\" class=\"wp-image-4647\" srcset=\"https:\/\/www.artesaniadecoracion.com\/blog\/wp-content\/uploads\/2026\/03\/Estanteria-forja-actual-madera-metal.jpeg 800w, https:\/\/www.artesaniadecoracion.com\/blog\/wp-content\/uploads\/2026\/03\/Estanteria-forja-actual-madera-metal-300x300.jpeg 300w, https:\/\/www.artesaniadecoracion.com\/blog\/wp-content\/uploads\/2026\/03\/Estanteria-forja-actual-madera-metal-150x150.jpeg 150w, https:\/\/www.artesaniadecoracion.com\/blog\/wp-content\/uploads\/2026\/03\/Estanteria-forja-actual-madera-metal-768x768.jpeg 768w, https:\/\/www.artesaniadecoracion.com\/blog\/wp-content\/uploads\/2026\/03\/Estanteria-forja-actual-madera-metal-624x624.jpeg 624w, https:\/\/www.artesaniadecoracion.com\/blog\/wp-content\/uploads\/2026\/03\/Estanteria-forja-actual-madera-metal-72x72.jpeg 72w, https:\/\/www.artesaniadecoracion.com\/blog\/wp-content\/uploads\/2026\/03\/Estanteria-forja-actual-madera-metal-350x350.jpeg 350w\" sizes=\"auto, (max-width: 800px) 100vw, 800px\" \/><figcaption class=\"wp-element-caption\"><b><a href=\"https:\/\/www.artesaniadecoracion.com\/salon-estanterias-forja-c-802_804_835.html?page=3\" target=\"_blank\"><strong><mark style=\"background-color:rgba(0, 0, 0, 0)\" class=\"has-inline-color has-black-color\">Estanteria forja actual madera metal<\/mark><\/strong><\/a><\/b><\/figcaption><\/figure>\n<\/figure>\n","protected":false},"excerpt":{"rendered":"<p>En la decoraci\u00f3n actual, el orden y el estilo deben ir de la mano. La Serie Amodias nace para dar respuesta a esa necesidad, ofreciendo una colecci\u00f3n de estanter\u00edas y librer\u00edas que capturan la esencia del dise\u00f1o industrial m\u00e1s puro. Fabricadas con una estructura de acero en color negro y baldas de madera laminada, estas [&hellip;]<\/p>\n","protected":false},"author":2,"featured_media":0,"comment_status":"closed","ping_status":"closed","sticky":false,"template":"","format":"standard","meta":{"om_disable_all_campaigns":false,"footnotes":""},"categories":[6,1351,5],"tags":[3876,3878,3872,3870,3871,3193,3879,3875,3868,3869,3877,3874,3880,3873],"class_list":["post-4651","post","type-post","status-publish","format-standard","hentry","category-dormitorios","category-recibidores","category-salones","tag-acabado-haya","tag-acabado-pino","tag-decoracion-estilo-industrial","tag-estanteria-3-estantes","tag-estanteria-4-niveles","tag-estanteria-industrial","tag-estanteria-oficina","tag-estanteria-salon","tag-estanterias-industriales","tag-libreria-de-madera","tag-libreria-dormitorio","tag-librerias-acero-negro","tag-mobiliario-minimalista","tag-muebles-de-almacenamiento"],"aioseo_notices":[],"_links":{"self":[{"href":"https:\/\/www.artesaniadecoracion.com\/blog\/wp-json\/wp\/v2\/posts\/4651","targetHints":{"allow":["GET"]}}],"collection":[{"href":"https:\/\/www.artesaniadecoracion.com\/blog\/wp-json\/wp\/v2\/posts"}],"about":[{"href":"https:\/\/www.artesaniadecoracion.com\/blog\/wp-json\/wp\/v2\/types\/post"}],"author":[{"embeddable":true,"href":"https:\/\/www.artesaniadecoracion.com\/blog\/wp-json\/wp\/v2\/users\/2"}],"replies":[{"embeddable":true,"href":"https:\/\/www.artesaniadecoracion.com\/blog\/wp-json\/wp\/v2\/comments?post=4651"}],"version-history":[{"count":1,"href":"https:\/\/www.artesaniadecoracion.com\/blog\/wp-json\/wp\/v2\/posts\/4651\/revisions"}],"predecessor-version":[{"id":4652,"href":"https:\/\/www.artesaniadecoracion.com\/blog\/wp-json\/wp\/v2\/posts\/4651\/revisions\/4652"}],"wp:attachment":[{"href":"https:\/\/www.artesaniadecoracion.com\/blog\/wp-json\/wp\/v2\/media?parent=4651"}],"wp:term":[{"taxonomy":"category","embeddable":true,"href":"https:\/\/www.artesaniadecoracion.com\/blog\/wp-json\/wp\/v2\/categories?post=4651"},{"taxonomy":"post_tag","embeddable":true,"href":"https:\/\/www.artesaniadecoracion.com\/blog\/wp-json\/wp\/v2\/tags?post=4651"}],"curies":[{"name":"wp","href":"https:\/\/api.w.org\/{rel}","templated":true}]}}