{"id":4663,"date":"2026-03-16T10:00:00","date_gmt":"2026-03-16T09:00:00","guid":{"rendered":"https:\/\/www.artesaniadecoracion.com\/blog\/?p=4663"},"modified":"2026-03-16T18:56:20","modified_gmt":"2026-03-16T17:56:20","slug":"iluminacion-rustica-actual-lamparas-de-fibras-vegetales-altier","status":"publish","type":"post","link":"https:\/\/www.artesaniadecoracion.com\/blog\/iluminacion-rustica-actual-lamparas-de-fibras-vegetales-altier\/","title":{"rendered":"Iluminaci\u00f3n R\u00fastica Actual | L\u00e1mparas de Fibras Vegetales Altier"},"content":{"rendered":"\n<p>La luz es el alma de cualquier hogar, y cuando esa luz se filtra a trav\u00e9s de materiales org\u00e1nicos, la transformaci\u00f3n es m\u00e1gica. La Serie Altier llega para inundar tus estancias de calma, textura y ese inconfundible aire mediterr\u00e1neo. Fabricadas \u00edntegramente en fibras vegetales, estas l\u00e1mparas de techo no son solo puntos de luz; son piezas escult\u00f3ricas que conectan tu decoraci\u00f3n con la naturaleza.<\/p>\n\n\n\n<p><strong>\u00bfD\u00f3nde colocar las l\u00e1mparas de la Serie Altier?<\/strong><br>Gracias a su ligereza visual y la variedad de sus formas, la Serie Altier se adapta a cada rinc\u00f3n de la casa:<br><em>Comedores y Cocinas:<\/em> Los modelos de gran formato o c\u00f3nicos son ideales para suspender sobre la mesa principal o una isla de cocina. Su luz envolvente crea el ambiente perfecto para cenas relajadas.<br><em>Salones y Cuartos de Estar:<\/em> Utiliza la l\u00e1mpara de flecos para a\u00f1adir dinamismo y un toque boho-chic sobre la zona de caf\u00e9 o en el centro de la estancia.<br><em>Dormitorios y Zonas de Relax:<\/em> La calidez de la fibra natural invita al descanso. Son perfectas como luz principal en dormitorios que buscan un estilo n\u00f3rdico o r\u00fastico moderno.<br><em>Pasillos y Recibidores:<\/em> Al ser piezas de gran impacto visual, una l\u00e1mpara Altier en la entrada garantiza una bienvenida c\u00e1lida y sofisticada desde el primer paso.<\/p>\n\n\n\n<p><strong>Una Colecci\u00f3n para cada Estilo: Caracter\u00edsticas Destacadas<\/strong><br>La Serie Altier destaca por su versatilidad, ofreciendo cuatro dise\u00f1os \u00fanicos que comparten un ADN artesanal:<br><strong>El Dise\u00f1o Grande y Trenzado (Modelos de 50 y 52 cm)<\/strong><br>Estas piezas son las reinas del volumen. Con estructuras redondeadas que permiten una distribuci\u00f3n de luz suave, destacan por su elegancia. El detalle del cable textil trenzado en color oro viejo y el flor\u00f3n met\u00e1lico satinado elevan la pieza, aportando un contraste de lujo frente a la sencillez de la fibra.<br><strong>El Toque Atrevido: L\u00e1mpara con Flecos (45 cm)<\/strong><br>Es la opci\u00f3n favorita para los amantes del estilo boho elegante. Su dise\u00f1o m\u00e1s plano y ligero se ve realzado por flecos perimetrales que aportan movimiento y un car\u00e1cter artesanal \u00fanico. Es ideal para techos que buscan personalidad sin recargar el espacio vertical.<br><strong>La Silueta C\u00f3nica: Precisi\u00f3n y Calidez (42 cm)<\/strong><br>Con una ca\u00edda m\u00e1s vertical y estructurada, el modelo c\u00f3nico es perfecto para focalizar la luz con estilo. Su acabado natural combina armoniosamente con el cable trenzado de 130 cm, permitiendo jugar con diferentes alturas seg\u00fan la necesidad del espacio.<br><strong>Detalles T\u00e9cnicos que Marcan la Diferencia<\/strong><br>Todas las l\u00e1mparas de la Serie Altier est\u00e1n dise\u00f1adas para una instalaci\u00f3n sencilla y est\u00e9tica. Utilizan casquillos E27 (m\u00e1x. 40 W), lo que te permite personalizar la atm\u00f3sfera eligiendo bombillas de luz c\u00e1lida o \u00e1mbar para resaltar a\u00fan m\u00e1s la veta de las fibras. Adem\u00e1s, su peso ligero garantiza seguridad y facilidad de montaje en cualquier tipo de techo.<br>Optar por la Serie Altier es elegir un dise\u00f1o sostenible, c\u00e1lido y atemporal. Es llevarse un trozo de artesan\u00eda a casa que no solo ilumina, sino que abraza el espacio con su textura org\u00e1nica.<\/p>\n\n\n\n<p><strong>Galer\u00eda visual y enlaces complementarios:<\/strong> Os presentamos las im\u00e1genes que componen esta colecci\u00f3n para que pod\u00e1is observar con detalle los acabados, texturas y elementos decorativos. Bajo cada fotograf\u00eda se incluye un enlace informativo que os permitir\u00e1 ampliar datos sobre los materiales utilizados, medidas espec\u00edficas, aspectos t\u00e9cnicos y posibilidades de combinaci\u00f3n decorativa.<\/p>\n\n\n\n<figure class=\"wp-block-gallery has-nested-images columns-2 is-cropped wp-block-gallery-1 is-layout-flex wp-block-gallery-is-layout-flex\">\n<figure class=\"wp-block-image size-large\"><img loading=\"lazy\" decoding=\"async\" width=\"800\" height=\"800\" data-id=\"4662\" src=\"https:\/\/www.artesaniadecoracion.com\/blog\/wp-content\/uploads\/2026\/03\/Lampara-Techo-Fibra-Natural-Redonda-Flecos-45.jpeg\" alt=\"Lampara Techo Fibra Natural Redonda Flecos 45\" class=\"wp-image-4662\" srcset=\"https:\/\/www.artesaniadecoracion.com\/blog\/wp-content\/uploads\/2026\/03\/Lampara-Techo-Fibra-Natural-Redonda-Flecos-45.jpeg 800w, https:\/\/www.artesaniadecoracion.com\/blog\/wp-content\/uploads\/2026\/03\/Lampara-Techo-Fibra-Natural-Redonda-Flecos-45-300x300.jpeg 300w, https:\/\/www.artesaniadecoracion.com\/blog\/wp-content\/uploads\/2026\/03\/Lampara-Techo-Fibra-Natural-Redonda-Flecos-45-150x150.jpeg 150w, https:\/\/www.artesaniadecoracion.com\/blog\/wp-content\/uploads\/2026\/03\/Lampara-Techo-Fibra-Natural-Redonda-Flecos-45-768x768.jpeg 768w, https:\/\/www.artesaniadecoracion.com\/blog\/wp-content\/uploads\/2026\/03\/Lampara-Techo-Fibra-Natural-Redonda-Flecos-45-624x624.jpeg 624w, https:\/\/www.artesaniadecoracion.com\/blog\/wp-content\/uploads\/2026\/03\/Lampara-Techo-Fibra-Natural-Redonda-Flecos-45-72x72.jpeg 72w, https:\/\/www.artesaniadecoracion.com\/blog\/wp-content\/uploads\/2026\/03\/Lampara-Techo-Fibra-Natural-Redonda-Flecos-45-350x350.jpeg 350w\" sizes=\"auto, (max-width: 800px) 100vw, 800px\" \/><figcaption class=\"wp-element-caption\"><b><a href=\"https:\/\/www.artesaniadecoracion.com\/lamparas-lamparas-estilos-actuales-lamparas-de-techo-actuales-c-8_468_1273.html?page=3\" target=\"_blank\"><strong><mark style=\"background-color:rgba(0, 0, 0, 0)\" class=\"has-inline-color has-black-color\">Lampara Techo Fibra Natural Redonda Flecos 45<\/mark><\/strong><\/a><\/b><\/figcaption><\/figure>\n\n\n\n<figure class=\"wp-block-image size-large\"><img loading=\"lazy\" decoding=\"async\" width=\"800\" height=\"800\" data-id=\"4661\" src=\"https:\/\/www.artesaniadecoracion.com\/blog\/wp-content\/uploads\/2026\/03\/Lampara-Techo-Fibra-Natural-bicolor.jpeg\" alt=\"Lampara Techo Fibra Natural bicolor\" class=\"wp-image-4661\" srcset=\"https:\/\/www.artesaniadecoracion.com\/blog\/wp-content\/uploads\/2026\/03\/Lampara-Techo-Fibra-Natural-bicolor.jpeg 800w, https:\/\/www.artesaniadecoracion.com\/blog\/wp-content\/uploads\/2026\/03\/Lampara-Techo-Fibra-Natural-bicolor-300x300.jpeg 300w, https:\/\/www.artesaniadecoracion.com\/blog\/wp-content\/uploads\/2026\/03\/Lampara-Techo-Fibra-Natural-bicolor-150x150.jpeg 150w, https:\/\/www.artesaniadecoracion.com\/blog\/wp-content\/uploads\/2026\/03\/Lampara-Techo-Fibra-Natural-bicolor-768x768.jpeg 768w, https:\/\/www.artesaniadecoracion.com\/blog\/wp-content\/uploads\/2026\/03\/Lampara-Techo-Fibra-Natural-bicolor-624x624.jpeg 624w, https:\/\/www.artesaniadecoracion.com\/blog\/wp-content\/uploads\/2026\/03\/Lampara-Techo-Fibra-Natural-bicolor-72x72.jpeg 72w, https:\/\/www.artesaniadecoracion.com\/blog\/wp-content\/uploads\/2026\/03\/Lampara-Techo-Fibra-Natural-bicolor-350x350.jpeg 350w\" sizes=\"auto, (max-width: 800px) 100vw, 800px\" \/><figcaption class=\"wp-element-caption\"><b><a href=\"https:\/\/www.artesaniadecoracion.com\/lamparas-lamparas-estilos-actuales-lamparas-de-techo-actuales-c-8_468_1273.html?page=3\" target=\"_blank\"><strong><mark style=\"background-color:rgba(0, 0, 0, 0)\" class=\"has-inline-color has-black-color\">Lampara Techo Fibra Natural bicolor<\/mark><\/strong><\/a><\/b><\/figcaption><\/figure>\n\n\n\n<figure class=\"wp-block-image size-large\"><img loading=\"lazy\" decoding=\"async\" width=\"800\" height=\"800\" data-id=\"4660\" src=\"https:\/\/www.artesaniadecoracion.com\/blog\/wp-content\/uploads\/2026\/03\/Lampara-Colgante-Redonda-Fibras-Naturales.jpeg\" alt=\"Lampara Colgante Redonda Fibras Naturales\" class=\"wp-image-4660\" srcset=\"https:\/\/www.artesaniadecoracion.com\/blog\/wp-content\/uploads\/2026\/03\/Lampara-Colgante-Redonda-Fibras-Naturales.jpeg 800w, https:\/\/www.artesaniadecoracion.com\/blog\/wp-content\/uploads\/2026\/03\/Lampara-Colgante-Redonda-Fibras-Naturales-300x300.jpeg 300w, https:\/\/www.artesaniadecoracion.com\/blog\/wp-content\/uploads\/2026\/03\/Lampara-Colgante-Redonda-Fibras-Naturales-150x150.jpeg 150w, https:\/\/www.artesaniadecoracion.com\/blog\/wp-content\/uploads\/2026\/03\/Lampara-Colgante-Redonda-Fibras-Naturales-768x768.jpeg 768w, https:\/\/www.artesaniadecoracion.com\/blog\/wp-content\/uploads\/2026\/03\/Lampara-Colgante-Redonda-Fibras-Naturales-624x624.jpeg 624w, https:\/\/www.artesaniadecoracion.com\/blog\/wp-content\/uploads\/2026\/03\/Lampara-Colgante-Redonda-Fibras-Naturales-72x72.jpeg 72w, https:\/\/www.artesaniadecoracion.com\/blog\/wp-content\/uploads\/2026\/03\/Lampara-Colgante-Redonda-Fibras-Naturales-350x350.jpeg 350w\" sizes=\"auto, (max-width: 800px) 100vw, 800px\" \/><figcaption class=\"wp-element-caption\"><b><a href=\"https:\/\/www.artesaniadecoracion.com\/lamparas-lamparas-estilos-actuales-lamparas-de-techo-actuales-c-8_468_1273.html\" target=\"_blank\"><strong><mark style=\"background-color:rgba(0, 0, 0, 0)\" class=\"has-inline-color has-black-color\">Lampara Colgante Redonda Fibras Naturales<\/mark><\/strong><\/a><\/b><\/figcaption><\/figure>\n\n\n\n<figure class=\"wp-block-image size-large\"><img loading=\"lazy\" decoding=\"async\" width=\"800\" height=\"800\" data-id=\"4659\" src=\"https:\/\/www.artesaniadecoracion.com\/blog\/wp-content\/uploads\/2026\/03\/Lampara-Colgante-Fibras-Naturales-Trenzadas-rustica.jpeg\" alt=\"Lampara Colgante Fibras Naturales Trenzadas rustica\" class=\"wp-image-4659\" srcset=\"https:\/\/www.artesaniadecoracion.com\/blog\/wp-content\/uploads\/2026\/03\/Lampara-Colgante-Fibras-Naturales-Trenzadas-rustica.jpeg 800w, https:\/\/www.artesaniadecoracion.com\/blog\/wp-content\/uploads\/2026\/03\/Lampara-Colgante-Fibras-Naturales-Trenzadas-rustica-300x300.jpeg 300w, https:\/\/www.artesaniadecoracion.com\/blog\/wp-content\/uploads\/2026\/03\/Lampara-Colgante-Fibras-Naturales-Trenzadas-rustica-150x150.jpeg 150w, https:\/\/www.artesaniadecoracion.com\/blog\/wp-content\/uploads\/2026\/03\/Lampara-Colgante-Fibras-Naturales-Trenzadas-rustica-768x768.jpeg 768w, https:\/\/www.artesaniadecoracion.com\/blog\/wp-content\/uploads\/2026\/03\/Lampara-Colgante-Fibras-Naturales-Trenzadas-rustica-624x624.jpeg 624w, https:\/\/www.artesaniadecoracion.com\/blog\/wp-content\/uploads\/2026\/03\/Lampara-Colgante-Fibras-Naturales-Trenzadas-rustica-72x72.jpeg 72w, https:\/\/www.artesaniadecoracion.com\/blog\/wp-content\/uploads\/2026\/03\/Lampara-Colgante-Fibras-Naturales-Trenzadas-rustica-350x350.jpeg 350w\" sizes=\"auto, (max-width: 800px) 100vw, 800px\" \/><figcaption class=\"wp-element-caption\"><b><a href=\"https:\/\/www.artesaniadecoracion.com\/lamparas-lamparas-estilos-actuales-lamparas-de-techo-actuales-c-8_468_1273.html\" target=\"_blank\"><strong><mark style=\"background-color:rgba(0, 0, 0, 0)\" class=\"has-inline-color has-black-color\">Lampara Colgante Fibras Naturales Trenzadas rustica<\/mark><\/strong><\/a><\/b><\/figcaption><\/figure>\n<\/figure>\n","protected":false},"excerpt":{"rendered":"<p>La luz es el alma de cualquier hogar, y cuando esa luz se filtra a trav\u00e9s de materiales org\u00e1nicos, la transformaci\u00f3n es m\u00e1gica. La Serie Altier llega para inundar tus estancias de calma, textura y ese inconfundible aire mediterr\u00e1neo. Fabricadas \u00edntegramente en fibras vegetales, estas l\u00e1mparas de techo no son solo puntos de luz; son [&hellip;]<\/p>\n","protected":false},"author":2,"featured_media":0,"comment_status":"closed","ping_status":"closed","sticky":false,"template":"","format":"standard","meta":{"om_disable_all_campaigns":false,"footnotes":""},"categories":[6,1351,5],"tags":[3387,3893,3887,3888,3889,3892,3895,3891,3894,3890],"class_list":["post-4663","post","type-post","status-publish","format-standard","hentry","category-dormitorios","category-recibidores","category-salones","tag-decoracion-mediterranea","tag-iluminacion-natural-cocina","tag-iluminacion-rustica-actual","tag-lampara-boho-chic","tag-lampara-colgante-artesanal","tag-lampara-con-flecos","tag-lampara-conica-fibra","tag-lampara-de-techo-fibras-vegetales","tag-lampara-mimbre-salon","tag-lamparas-de-fibras-naturales"],"aioseo_notices":[],"_links":{"self":[{"href":"https:\/\/www.artesaniadecoracion.com\/blog\/wp-json\/wp\/v2\/posts\/4663","targetHints":{"allow":["GET"]}}],"collection":[{"href":"https:\/\/www.artesaniadecoracion.com\/blog\/wp-json\/wp\/v2\/posts"}],"about":[{"href":"https:\/\/www.artesaniadecoracion.com\/blog\/wp-json\/wp\/v2\/types\/post"}],"author":[{"embeddable":true,"href":"https:\/\/www.artesaniadecoracion.com\/blog\/wp-json\/wp\/v2\/users\/2"}],"replies":[{"embeddable":true,"href":"https:\/\/www.artesaniadecoracion.com\/blog\/wp-json\/wp\/v2\/comments?post=4663"}],"version-history":[{"count":1,"href":"https:\/\/www.artesaniadecoracion.com\/blog\/wp-json\/wp\/v2\/posts\/4663\/revisions"}],"predecessor-version":[{"id":4664,"href":"https:\/\/www.artesaniadecoracion.com\/blog\/wp-json\/wp\/v2\/posts\/4663\/revisions\/4664"}],"wp:attachment":[{"href":"https:\/\/www.artesaniadecoracion.com\/blog\/wp-json\/wp\/v2\/media?parent=4663"}],"wp:term":[{"taxonomy":"category","embeddable":true,"href":"https:\/\/www.artesaniadecoracion.com\/blog\/wp-json\/wp\/v2\/categories?post=4663"},{"taxonomy":"post_tag","embeddable":true,"href":"https:\/\/www.artesaniadecoracion.com\/blog\/wp-json\/wp\/v2\/tags?post=4663"}],"curies":[{"name":"wp","href":"https:\/\/api.w.org\/{rel}","templated":true}]}}