{"id":4784,"date":"2026-04-30T10:00:00","date_gmt":"2026-04-30T08:00:00","guid":{"rendered":"https:\/\/www.artesaniadecoracion.com\/blog\/?p=4784"},"modified":"2026-04-20T18:27:30","modified_gmt":"2026-04-20T16:27:30","slug":"armarios-abiertos-amendo-la-revolucion-del-almacenaje-con-forja","status":"publish","type":"post","link":"https:\/\/www.artesaniadecoracion.com\/blog\/armarios-abiertos-amendo-la-revolucion-del-almacenaje-con-forja\/","title":{"rendered":"Armarios Abiertos Amendo: La Revoluci\u00f3n del Almacenaje con Forja"},"content":{"rendered":"\n<p>La Serie Amendo no es un mueble \u00fanico, sino un sistema de almacenaje inteligente que se adapta a lo que realmente necesitas guardar:<br><em>El Organizador Integral (Asim\u00e9trico)<\/em>: Para quienes tienen una gran variedad de accesorios. Su lado derecho con 7 estantes estrechos es un para\u00edso para zapatos, bolsos o camisetas dobladas, mientras que el lado izquierdo permite colgar prendas largas y cortas gracias a sus dos barras.<br><em>El Armario con Cajones:<\/em> La soluci\u00f3n perfecta para quienes necesitan un extra de privacidad. Sus dos cajones inferiores son ideales para ropa interior o accesorios, manteniendo la est\u00e9tica abierta en la parte superior con una barra reforzada y estantes de apoyo.<br><em>El Vestidor Equilibrado:<\/em> Un dise\u00f1o cl\u00e1sico y funcional con una gran barra central y estantes inferiores, pensado para quienes priorizan colgar abrigos, vestidos o camisas, manteniendo el calzado y cajas organizadoras a mano en la base.<\/p>\n\n\n\n<p><strong>\u00bfD\u00f3nde colocar los muebles de la Serie Amendo?<\/strong><br>Gracias a su fondo de 37 cm y su altura de 200 cm, estos muebles aprovechan la verticalidad de la estancia sin saturar el paso:<br><em>En el Dormitorio Principal:<\/em> Crea un vestidor a medida combinando varios m\u00f3dulos de la serie. Al ser abiertos, la habitaci\u00f3n parecer\u00e1 m\u00e1s amplia y siempre tendr\u00e1s tus prendas favoritas a la vista.<br><em>En Habitaciones de Invitados:<\/em> Ofrece a tus visitas un espacio ordenado y moderno para sus maletas y ropa sin necesidad de instalar armarios empotrados.<br><em>En el Recibidor o Entrada:<\/em> La configuraci\u00f3n con barra de colgar es excelente como perchero de entrada para abrigos, dejando los estantes para bolsos y llaves.<br><em>En el Despacho o Zona de Trabajo:<\/em> Su dise\u00f1o es tan est\u00e9tico que puede funcionar perfectamente como estanter\u00eda de libros y archivo, aportando un toque de dise\u00f1o profesional.<\/p>\n\n\n\n<p><strong>Seguridad y Estabilidad<\/strong><br>A pesar de su apariencia ligera y aireada, la Serie Amendo es robusta y segura. Todos los m\u00f3dulos est\u00e1n dise\u00f1ados y preparados para ser collados a la pared, garantizando una estabilidad total incluso cuando las barras de perchas est\u00e1n al m\u00e1ximo de su capacidad.<\/p>\n\n\n\n<p><strong>Caracter\u00edsticas T\u00e9cnicas<\/strong><br><em><strong>Modelo 1: Armario Estanter\u00eda Asim\u00e9trico Amendo<\/strong><\/em><br><em>Materiales:<\/em> Estructura de forja crema topo y baldas de melamina avellana nogal.<br><em>Distribuci\u00f3n:<\/em> 7 estantes estrechos (derecha), 3 estantes anchos y 2 barras de colgar (izquierda).<br><em>Medidas:<\/em> 80 cm (largo) x 37 cm (fondo) x 200 cm (alto).<\/p>\n\n\n\n<p><strong><em>Modelo 2: Armario Estanter\u00eda con Cajones Amendo<\/em><\/strong><br><em>Materiales:<\/em> Estructura met\u00e1lica y estantes\/cajones de melamina de alta densidad.<br><em>Distribuci\u00f3n:<\/em> 2 cajones inferiores, 2 estantes superiores y 1 barra reforzada para perchas.<br><em>Medidas:<\/em> 80 cm (largo) x 37 cm (fondo) x 200 cm (alto).<\/p>\n\n\n\n<p>M<strong><em>odelo 3: Armario Estanter\u00eda Vestidor Amendo<\/em><\/strong><br><em>Materiales:<\/em> Forja met\u00e1lica y madera de melamina de alta calidad.<br><em>Configuraci\u00f3n:<\/em> 1 estante superior, barra colgador central y 3 estantes en zona inferior.<br><em>Medidas:<\/em> 80 cm (largo) x 37 cm (fondo) x 200 cm (alto).<\/p>\n\n\n\n<p><strong>Galer\u00eda visual y enlaces complementarios:<\/strong> Os presentamos las im\u00e1genes que componen esta colecci\u00f3n para que pod\u00e1is observar con detalle los acabados, texturas y elementos decorativos. Bajo cada fotograf\u00eda se incluye un enlace informativo que os permitir\u00e1 ampliar datos sobre los materiales utilizados, medidas espec\u00edficas, aspectos t\u00e9cnicos y posibilidades de combinaci\u00f3n decorativa.<\/p>\n\n\n\n<figure class=\"wp-block-gallery has-nested-images columns-default is-cropped wp-block-gallery-1 is-layout-flex wp-block-gallery-is-layout-flex\">\n<figure class=\"wp-block-image size-large\"><img loading=\"lazy\" decoding=\"async\" width=\"800\" height=\"800\" data-id=\"4783\" src=\"https:\/\/www.artesaniadecoracion.com\/blog\/wp-content\/uploads\/2026\/04\/Estanteria-grande-para-dormitorio-forja-madera.jpeg\" alt=\"Estanteria grande para dormitorio forja madera\" class=\"wp-image-4783\" srcset=\"https:\/\/www.artesaniadecoracion.com\/blog\/wp-content\/uploads\/2026\/04\/Estanteria-grande-para-dormitorio-forja-madera.jpeg 800w, https:\/\/www.artesaniadecoracion.com\/blog\/wp-content\/uploads\/2026\/04\/Estanteria-grande-para-dormitorio-forja-madera-300x300.jpeg 300w, https:\/\/www.artesaniadecoracion.com\/blog\/wp-content\/uploads\/2026\/04\/Estanteria-grande-para-dormitorio-forja-madera-150x150.jpeg 150w, https:\/\/www.artesaniadecoracion.com\/blog\/wp-content\/uploads\/2026\/04\/Estanteria-grande-para-dormitorio-forja-madera-768x768.jpeg 768w, https:\/\/www.artesaniadecoracion.com\/blog\/wp-content\/uploads\/2026\/04\/Estanteria-grande-para-dormitorio-forja-madera-624x624.jpeg 624w, https:\/\/www.artesaniadecoracion.com\/blog\/wp-content\/uploads\/2026\/04\/Estanteria-grande-para-dormitorio-forja-madera-72x72.jpeg 72w, https:\/\/www.artesaniadecoracion.com\/blog\/wp-content\/uploads\/2026\/04\/Estanteria-grande-para-dormitorio-forja-madera-350x350.jpeg 350w\" sizes=\"auto, (max-width: 800px) 100vw, 800px\" \/><figcaption class=\"wp-element-caption\"><b><a href=\"https:\/\/www.artesaniadecoracion.com\/salon-estanterias-forja-c-802_804_835.html\" target=\"_blank\"><strong><mark style=\"background-color:rgba(0, 0, 0, 0)\" class=\"has-inline-color has-black-color\">Estanteria grande para dormitorio forja madera<\/mark><\/strong><\/a><\/b><\/figcaption><\/figure>\n\n\n\n<figure class=\"wp-block-image size-large\"><img loading=\"lazy\" decoding=\"async\" width=\"800\" height=\"800\" data-id=\"4782\" src=\"https:\/\/www.artesaniadecoracion.com\/blog\/wp-content\/uploads\/2026\/04\/Estanteria-dormitorio-diseno-armario.jpeg\" alt=\"Estanteria dormitorio dise\u00f1o armario\" class=\"wp-image-4782\" srcset=\"https:\/\/www.artesaniadecoracion.com\/blog\/wp-content\/uploads\/2026\/04\/Estanteria-dormitorio-diseno-armario.jpeg 800w, https:\/\/www.artesaniadecoracion.com\/blog\/wp-content\/uploads\/2026\/04\/Estanteria-dormitorio-diseno-armario-300x300.jpeg 300w, https:\/\/www.artesaniadecoracion.com\/blog\/wp-content\/uploads\/2026\/04\/Estanteria-dormitorio-diseno-armario-150x150.jpeg 150w, https:\/\/www.artesaniadecoracion.com\/blog\/wp-content\/uploads\/2026\/04\/Estanteria-dormitorio-diseno-armario-768x768.jpeg 768w, https:\/\/www.artesaniadecoracion.com\/blog\/wp-content\/uploads\/2026\/04\/Estanteria-dormitorio-diseno-armario-624x624.jpeg 624w, https:\/\/www.artesaniadecoracion.com\/blog\/wp-content\/uploads\/2026\/04\/Estanteria-dormitorio-diseno-armario-72x72.jpeg 72w, https:\/\/www.artesaniadecoracion.com\/blog\/wp-content\/uploads\/2026\/04\/Estanteria-dormitorio-diseno-armario-350x350.jpeg 350w\" sizes=\"auto, (max-width: 800px) 100vw, 800px\" \/><figcaption class=\"wp-element-caption\"><b><a href=\"https:\/\/www.artesaniadecoracion.com\/salon-estanterias-industrial-c-802_804_836.html\" target=\"_blank\"><strong><mark style=\"background-color:rgba(0, 0, 0, 0)\" class=\"has-inline-color has-black-color\">Estanteria dormitorio dise\u00f1o armario<\/mark><\/strong><\/a><\/b><\/figcaption><\/figure>\n\n\n\n<figure class=\"wp-block-image size-large\"><img loading=\"lazy\" decoding=\"async\" width=\"800\" height=\"800\" data-id=\"4781\" src=\"https:\/\/www.artesaniadecoracion.com\/blog\/wp-content\/uploads\/2026\/04\/Estanteria-dormitorio-con-baldas-y-barra.jpeg\" alt=\"Estanteria dormitorio con baldas y barra\" class=\"wp-image-4781\" srcset=\"https:\/\/www.artesaniadecoracion.com\/blog\/wp-content\/uploads\/2026\/04\/Estanteria-dormitorio-con-baldas-y-barra.jpeg 800w, https:\/\/www.artesaniadecoracion.com\/blog\/wp-content\/uploads\/2026\/04\/Estanteria-dormitorio-con-baldas-y-barra-300x300.jpeg 300w, https:\/\/www.artesaniadecoracion.com\/blog\/wp-content\/uploads\/2026\/04\/Estanteria-dormitorio-con-baldas-y-barra-150x150.jpeg 150w, https:\/\/www.artesaniadecoracion.com\/blog\/wp-content\/uploads\/2026\/04\/Estanteria-dormitorio-con-baldas-y-barra-768x768.jpeg 768w, https:\/\/www.artesaniadecoracion.com\/blog\/wp-content\/uploads\/2026\/04\/Estanteria-dormitorio-con-baldas-y-barra-624x624.jpeg 624w, https:\/\/www.artesaniadecoracion.com\/blog\/wp-content\/uploads\/2026\/04\/Estanteria-dormitorio-con-baldas-y-barra-72x72.jpeg 72w, https:\/\/www.artesaniadecoracion.com\/blog\/wp-content\/uploads\/2026\/04\/Estanteria-dormitorio-con-baldas-y-barra-350x350.jpeg 350w\" sizes=\"auto, (max-width: 800px) 100vw, 800px\" \/><figcaption class=\"wp-element-caption\"><b><a href=\"https:\/\/www.artesaniadecoracion.com\/salon-estanterias-forja-c-802_804_835.html\" target=\"_blank\"><strong><mark style=\"background-color:rgba(0, 0, 0, 0)\" class=\"has-inline-color has-black-color\">Estanteria dormitorio con baldas y barra<\/mark><\/strong><\/a><\/b><\/figcaption><\/figure>\n<\/figure>\n","protected":false},"excerpt":{"rendered":"<p>La Serie Amendo no es un mueble \u00fanico, sino un sistema de almacenaje inteligente que se adapta a lo que realmente necesitas guardar:El Organizador Integral (Asim\u00e9trico): Para quienes tienen una gran variedad de accesorios. Su lado derecho con 7 estantes estrechos es un para\u00edso para zapatos, bolsos o camisetas dobladas, mientras que el lado izquierdo [&hellip;]<\/p>\n","protected":false},"author":2,"featured_media":0,"comment_status":"closed","ping_status":"closed","sticky":false,"template":"","format":"standard","meta":{"om_disable_all_campaigns":false,"footnotes":""},"categories":[6,1351],"tags":[4101,4097,4106,4102,4100,4104,4107,4105,4098,4096,4103,4099],"class_list":["post-4784","post","type-post","status-publish","format-standard","hentry","category-dormitorios","category-recibidores","tag-armario-abierto-industrial","tag-armario-estanteria-serie-amendo","tag-armarios-metalicos-modernos","tag-estanteria-con-barra-de-colgar","tag-estanteria-con-cajones-dormitorio","tag-estanterias-para-dormitorio","tag-mobiliario-asimetrico","tag-mueble-almacenaje-avellana-nogal","tag-muebles-acabado-crema-topo","tag-organizacion-de-ropa","tag-vestidor-de-forja-y-madera","tag-vestidores-abiertos-economicos"],"aioseo_notices":[],"_links":{"self":[{"href":"https:\/\/www.artesaniadecoracion.com\/blog\/wp-json\/wp\/v2\/posts\/4784","targetHints":{"allow":["GET"]}}],"collection":[{"href":"https:\/\/www.artesaniadecoracion.com\/blog\/wp-json\/wp\/v2\/posts"}],"about":[{"href":"https:\/\/www.artesaniadecoracion.com\/blog\/wp-json\/wp\/v2\/types\/post"}],"author":[{"embeddable":true,"href":"https:\/\/www.artesaniadecoracion.com\/blog\/wp-json\/wp\/v2\/users\/2"}],"replies":[{"embeddable":true,"href":"https:\/\/www.artesaniadecoracion.com\/blog\/wp-json\/wp\/v2\/comments?post=4784"}],"version-history":[{"count":1,"href":"https:\/\/www.artesaniadecoracion.com\/blog\/wp-json\/wp\/v2\/posts\/4784\/revisions"}],"predecessor-version":[{"id":4785,"href":"https:\/\/www.artesaniadecoracion.com\/blog\/wp-json\/wp\/v2\/posts\/4784\/revisions\/4785"}],"wp:attachment":[{"href":"https:\/\/www.artesaniadecoracion.com\/blog\/wp-json\/wp\/v2\/media?parent=4784"}],"wp:term":[{"taxonomy":"category","embeddable":true,"href":"https:\/\/www.artesaniadecoracion.com\/blog\/wp-json\/wp\/v2\/categories?post=4784"},{"taxonomy":"post_tag","embeddable":true,"href":"https:\/\/www.artesaniadecoracion.com\/blog\/wp-json\/wp\/v2\/tags?post=4784"}],"curies":[{"name":"wp","href":"https:\/\/api.w.org\/{rel}","templated":true}]}}