{"id":4790,"date":"2026-05-01T10:00:00","date_gmt":"2026-05-01T08:00:00","guid":{"rendered":"https:\/\/www.artesaniadecoracion.com\/blog\/?p=4790"},"modified":"2026-04-20T19:14:05","modified_gmt":"2026-04-20T17:14:05","slug":"salon-rustico-actual-sofa-vinson-y-mesas-de-madera-agrelo","status":"publish","type":"post","link":"https:\/\/www.artesaniadecoracion.com\/blog\/salon-rustico-actual-sofa-vinson-y-mesas-de-madera-agrelo\/","title":{"rendered":"Sal\u00f3n R\u00fastico Actual: Sof\u00e1 Vinson y Mesas de Madera Agrelo"},"content":{"rendered":"\n<figure class=\"wp-block-image size-full\"><img loading=\"lazy\" decoding=\"async\" width=\"800\" height=\"600\" src=\"https:\/\/www.artesaniadecoracion.com\/blog\/wp-content\/uploads\/2026\/04\/Cuarto-de-Estar-Rustico-Actual.jpeg\" alt=\"Cuarto de Estar Rustico Actual\" class=\"wp-image-4786\" srcset=\"https:\/\/www.artesaniadecoracion.com\/blog\/wp-content\/uploads\/2026\/04\/Cuarto-de-Estar-Rustico-Actual.jpeg 800w, https:\/\/www.artesaniadecoracion.com\/blog\/wp-content\/uploads\/2026\/04\/Cuarto-de-Estar-Rustico-Actual-300x225.jpeg 300w, https:\/\/www.artesaniadecoracion.com\/blog\/wp-content\/uploads\/2026\/04\/Cuarto-de-Estar-Rustico-Actual-768x576.jpeg 768w, https:\/\/www.artesaniadecoracion.com\/blog\/wp-content\/uploads\/2026\/04\/Cuarto-de-Estar-Rustico-Actual-624x468.jpeg 624w, https:\/\/www.artesaniadecoracion.com\/blog\/wp-content\/uploads\/2026\/04\/Cuarto-de-Estar-Rustico-Actual-200x150.jpeg 200w\" sizes=\"auto, (max-width: 800px) 100vw, 800px\" \/><figcaption class=\"wp-element-caption\"><strong>Cuarto de Estar Rustico Actual<\/strong><\/figcaption><\/figure>\n\n\n\n<p>El dise\u00f1o de interiores actual ha dejado de lado la frialdad industrial para abrazar una tendencia mucho m\u00e1s humana: el r\u00fastico contempor\u00e1neo. En este estilo, la clave reside en el equilibrio entre texturas suaves y la fuerza bruta de los materiales nobles. La combinaci\u00f3n del Sof\u00e1 de 3 Plazas Vinson con las piezas de la Serie Agrelo es el ejemplo perfecto de c\u00f3mo convertir un sal\u00f3n en un refugio de calma, elegancia y autenticidad.<\/p>\n\n\n\n<p><strong>El Sof\u00e1 Vinson: El Abrazo del Minimalismo<\/strong><br>El Sof\u00e1 Vinson es la pieza sobre la que descansa toda la composici\u00f3n. Su tapizado en color beige aporta la luminosidad necesaria para equilibrar el peso visual de la madera. Al ser un sistema modular de tres plazas, no solo garantiza una est\u00e9tica minimalista y limpia, sino que ofrece una flexibilidad excepcional para el acceso a cualquier tipo de vivienda. Su espuma de alta densidad asegura que el confort sea tan impecable como su dise\u00f1o, creando el marco ideal para relajarse tras una larga jornada.<\/p>\n\n\n\n<p><strong>La Serie Agrelo: Esculturas de Madera de Suar<\/strong><br>Si el sof\u00e1 aporta la suavidad, la Serie Agrelo pone el alma. Estas mesas no son simples muebles; son piezas de arte creadas a partir de troncos macizos de madera de Suar. Mediante un minucioso proceso de vaciado manual, se logra una base en forma de celdas di\u00e1fanas que parece desafiar la gravedad.<br><em><strong>La Mesa de Centro (\u00d8 70 cm):<\/strong><\/em> Se sit\u00faa como el punto focal del sal\u00f3n. Su altura de 30 cm la hace perfecta para mantener la escala y no saturar el espacio frente al sof\u00e1.<br><strong>La Mesa de Rinc\u00f3n (\u00d8 50 cm):<\/strong> Act\u00faa como el complemento ideal, aportando dinamismo al conjunto y ofreciendo un punto de apoyo funcional para l\u00e1mparas, libros o decoraci\u00f3n.<\/p>\n\n\n\n<p><strong>\u00bfD\u00f3nde colocar este conjunto?<\/strong><br>Este \u00ablook\u00bb es sumamente vers\u00e1til y se adapta a diferentes configuraciones:<br><em>En Espacios Di\u00e1fanos (Lofts):<\/em> La forma redonda de las mesas rompe con la geometr\u00eda lineal de los apartamentos modernos, aportando fluidez al espacio.<br><em>Salones de estilo mediterr\u00e1neo o boho<\/em>: La calidez de la madera de Suar, con sus tonos miel y marrones, potencia la luz natural y encaja a la perfecci\u00f3n con textiles de lino o alfombras de fibras naturales.<br><em>Casas de Campo o Chalets:<\/em> Aporta una sofisticaci\u00f3n extra sin perder el car\u00e1cter rural, creando una atm\u00f3sfera acogedora y atemporal.<br>Al elegir piezas de la serie Agrelo, est\u00e1s adquiriendo exclusividad: cada nudo, veta y anillo de crecimiento del \u00e1rbol es \u00fanico. Junto al confort del sof\u00e1 Vinson, lograr\u00e1s un sal\u00f3n equilibrado, visualmente ligero y con una personalidad inigualable.<\/p>\n\n\n\n<p><strong>Caracter\u00edsticas T\u00e9cnicas<\/strong><br><strong><em>Sof\u00e1 de 3 Plazas Serie Vinson<\/em><\/strong><br><em>Dimensiones:<\/em> 220 cm (largo) x 102 cm (fondo) x 69 cm (alto).<br><em>Estructura:<\/em> Armaz\u00f3n de madera robusta con espuma de alta densidad.<br><em>Tapizado:<\/em> Tela color beige, suave y resistente.<br><em>Construcci\u00f3n:<\/em> Sistema modular de 3 piezas independientes.<\/p>\n\n\n\n<p><strong><em>Mesa de Centro Serie Agrelo<\/em><\/strong><br><em>Dimensiones:<\/em> 70 cm (ancho) x 70 cm (fondo) x 30 cm (alto).<br><em>Material: <\/em>Tronco macizo de madera de Suar.<br><em>Dise\u00f1o: <\/em>Vaciado manual con base de celdas di\u00e1fanas.<\/p>\n\n\n\n<p><strong><em>Mesa Auxiliar (Rinc\u00f3n) Serie Agrelo<\/em><\/strong><br><em>Dimensiones:<\/em> 50 cm (ancho) x 50 cm (fondo) x 50 cm (alto).<br><em>Material:<\/em> Madera de Suar natural.<br><em>Uso:<\/em> Mesa de apoyo o elemento decorativo en rincones de lectura.<\/p>\n\n\n\n<p><strong>Galer\u00eda visual y enlaces complementarios:<\/strong> Os presentamos las im\u00e1genes que componen esta colecci\u00f3n para que pod\u00e1is observar con detalle los acabados, texturas y elementos decorativos. Bajo cada fotograf\u00eda se incluye un enlace informativo que os permitir\u00e1 ampliar datos sobre los materiales utilizados, medidas espec\u00edficas, aspectos t\u00e9cnicos y posibilidades de combinaci\u00f3n decorativa.<\/p>\n\n\n\n<figure class=\"wp-block-gallery has-nested-images columns-2 is-cropped wp-block-gallery-1 is-layout-flex wp-block-gallery-is-layout-flex\">\n<figure class=\"wp-block-image size-large\"><img loading=\"lazy\" decoding=\"async\" width=\"800\" height=\"800\" data-id=\"4788\" src=\"https:\/\/www.artesaniadecoracion.com\/blog\/wp-content\/uploads\/2026\/04\/Mesa-redonda-madera-rustica-pequena.jpeg\" alt=\"Mesa redonda madera rustica peque\u00f1a\" class=\"wp-image-4788\" srcset=\"https:\/\/www.artesaniadecoracion.com\/blog\/wp-content\/uploads\/2026\/04\/Mesa-redonda-madera-rustica-pequena.jpeg 800w, https:\/\/www.artesaniadecoracion.com\/blog\/wp-content\/uploads\/2026\/04\/Mesa-redonda-madera-rustica-pequena-300x300.jpeg 300w, https:\/\/www.artesaniadecoracion.com\/blog\/wp-content\/uploads\/2026\/04\/Mesa-redonda-madera-rustica-pequena-150x150.jpeg 150w, https:\/\/www.artesaniadecoracion.com\/blog\/wp-content\/uploads\/2026\/04\/Mesa-redonda-madera-rustica-pequena-768x768.jpeg 768w, https:\/\/www.artesaniadecoracion.com\/blog\/wp-content\/uploads\/2026\/04\/Mesa-redonda-madera-rustica-pequena-624x624.jpeg 624w, https:\/\/www.artesaniadecoracion.com\/blog\/wp-content\/uploads\/2026\/04\/Mesa-redonda-madera-rustica-pequena-72x72.jpeg 72w, https:\/\/www.artesaniadecoracion.com\/blog\/wp-content\/uploads\/2026\/04\/Mesa-redonda-madera-rustica-pequena-350x350.jpeg 350w\" sizes=\"auto, (max-width: 800px) 100vw, 800px\" \/><figcaption class=\"wp-element-caption\"><b><a href=\"https:\/\/www.artesaniadecoracion.com\/colecciones-catalogo-muebles-madera-de-raices-c-10_538.html\" target=\"_blank\"><strong><mark style=\"background-color:rgba(0, 0, 0, 0)\" class=\"has-inline-color has-black-color\">Mesa redonda madera rustica peque\u00f1a<\/mark><\/strong><\/a><\/b><\/figcaption><\/figure>\n\n\n\n<figure class=\"wp-block-image size-large\"><img loading=\"lazy\" decoding=\"async\" width=\"800\" height=\"800\" data-id=\"4787\" src=\"https:\/\/www.artesaniadecoracion.com\/blog\/wp-content\/uploads\/2026\/04\/Mesa-de-centro-redonda-madera-maciza-suar.jpeg\" alt=\"Mesa de centro redonda madera maciza suar\" class=\"wp-image-4787\" srcset=\"https:\/\/www.artesaniadecoracion.com\/blog\/wp-content\/uploads\/2026\/04\/Mesa-de-centro-redonda-madera-maciza-suar.jpeg 800w, https:\/\/www.artesaniadecoracion.com\/blog\/wp-content\/uploads\/2026\/04\/Mesa-de-centro-redonda-madera-maciza-suar-300x300.jpeg 300w, https:\/\/www.artesaniadecoracion.com\/blog\/wp-content\/uploads\/2026\/04\/Mesa-de-centro-redonda-madera-maciza-suar-150x150.jpeg 150w, https:\/\/www.artesaniadecoracion.com\/blog\/wp-content\/uploads\/2026\/04\/Mesa-de-centro-redonda-madera-maciza-suar-768x768.jpeg 768w, https:\/\/www.artesaniadecoracion.com\/blog\/wp-content\/uploads\/2026\/04\/Mesa-de-centro-redonda-madera-maciza-suar-624x624.jpeg 624w, https:\/\/www.artesaniadecoracion.com\/blog\/wp-content\/uploads\/2026\/04\/Mesa-de-centro-redonda-madera-maciza-suar-72x72.jpeg 72w, https:\/\/www.artesaniadecoracion.com\/blog\/wp-content\/uploads\/2026\/04\/Mesa-de-centro-redonda-madera-maciza-suar-350x350.jpeg 350w\" sizes=\"auto, (max-width: 800px) 100vw, 800px\" \/><figcaption class=\"wp-element-caption\"><b><a href=\"https:\/\/www.artesaniadecoracion.com\/colecciones-catalogo-muebles-madera-de-raices-c-10_538.html\" target=\"_blank\"><strong><mark style=\"background-color:rgba(0, 0, 0, 0)\" class=\"has-inline-color has-black-color\">Mesa de centro redonda madera maciza suar<\/mark><\/strong><\/a><\/b><\/figcaption><\/figure>\n\n\n\n<figure class=\"wp-block-image size-large\"><img loading=\"lazy\" decoding=\"async\" width=\"800\" height=\"800\" data-id=\"4789\" src=\"https:\/\/www.artesaniadecoracion.com\/blog\/wp-content\/uploads\/2026\/04\/Sofa-3-plazas-tapizado-beige.jpeg\" alt=\"Sofa 3 plazas tapizado beige Dise\u00f1o Actual\" class=\"wp-image-4789\" srcset=\"https:\/\/www.artesaniadecoracion.com\/blog\/wp-content\/uploads\/2026\/04\/Sofa-3-plazas-tapizado-beige.jpeg 800w, https:\/\/www.artesaniadecoracion.com\/blog\/wp-content\/uploads\/2026\/04\/Sofa-3-plazas-tapizado-beige-300x300.jpeg 300w, https:\/\/www.artesaniadecoracion.com\/blog\/wp-content\/uploads\/2026\/04\/Sofa-3-plazas-tapizado-beige-150x150.jpeg 150w, https:\/\/www.artesaniadecoracion.com\/blog\/wp-content\/uploads\/2026\/04\/Sofa-3-plazas-tapizado-beige-768x768.jpeg 768w, https:\/\/www.artesaniadecoracion.com\/blog\/wp-content\/uploads\/2026\/04\/Sofa-3-plazas-tapizado-beige-624x624.jpeg 624w, https:\/\/www.artesaniadecoracion.com\/blog\/wp-content\/uploads\/2026\/04\/Sofa-3-plazas-tapizado-beige-72x72.jpeg 72w, https:\/\/www.artesaniadecoracion.com\/blog\/wp-content\/uploads\/2026\/04\/Sofa-3-plazas-tapizado-beige-350x350.jpeg 350w\" sizes=\"auto, (max-width: 800px) 100vw, 800px\" \/><figcaption class=\"wp-element-caption\"><b><a href=\"https:\/\/www.artesaniadecoracion.com\/salon-sofas-sillones-tapizados-c-802_807_1287.html?page=5\" target=\"_blank\"><strong><mark style=\"background-color:rgba(0, 0, 0, 0)\" class=\"has-inline-color has-black-color\">Sofa 3 plazas tapizado beige Dise\u00f1o Actual<\/mark><\/strong><\/a><\/b><\/figcaption><\/figure>\n<\/figure>\n","protected":false},"excerpt":{"rendered":"<p>El dise\u00f1o de interiores actual ha dejado de lado la frialdad industrial para abrazar una tendencia mucho m\u00e1s humana: el r\u00fastico contempor\u00e1neo. En este estilo, la clave reside en el equilibrio entre texturas suaves y la fuerza bruta de los materiales nobles. La combinaci\u00f3n del Sof\u00e1 de 3 Plazas Vinson con las piezas de la [&hellip;]<\/p>\n","protected":false},"author":2,"featured_media":0,"comment_status":"closed","ping_status":"closed","sticky":false,"template":"","format":"standard","meta":{"om_disable_all_campaigns":false,"footnotes":""},"categories":[5],"tags":[4113,4114,4118,3921,4108,4110,4116,4117,4109,2721,4111,4115,4112],"class_list":["post-4790","post","type-post","status-publish","format-standard","hentry","category-salones","tag-decoracion-naturalista","tag-diseno-organico-salon","tag-estilo-etnico-moderno","tag-interiorismo-contemporaneo","tag-mesa-auxiliar-madera-maciza","tag-mesa-de-centro-madera-de-suar","tag-mesas-de-centro-redondas","tag-mobiliario-de-alta-calidad","tag-muebles-de-madera-artesanal","tag-salon-rustico-actual","tag-serie-agrelo","tag-sofa-de-3-plazas-beige","tag-sofa-vinson"],"aioseo_notices":[],"_links":{"self":[{"href":"https:\/\/www.artesaniadecoracion.com\/blog\/wp-json\/wp\/v2\/posts\/4790","targetHints":{"allow":["GET"]}}],"collection":[{"href":"https:\/\/www.artesaniadecoracion.com\/blog\/wp-json\/wp\/v2\/posts"}],"about":[{"href":"https:\/\/www.artesaniadecoracion.com\/blog\/wp-json\/wp\/v2\/types\/post"}],"author":[{"embeddable":true,"href":"https:\/\/www.artesaniadecoracion.com\/blog\/wp-json\/wp\/v2\/users\/2"}],"replies":[{"embeddable":true,"href":"https:\/\/www.artesaniadecoracion.com\/blog\/wp-json\/wp\/v2\/comments?post=4790"}],"version-history":[{"count":1,"href":"https:\/\/www.artesaniadecoracion.com\/blog\/wp-json\/wp\/v2\/posts\/4790\/revisions"}],"predecessor-version":[{"id":4791,"href":"https:\/\/www.artesaniadecoracion.com\/blog\/wp-json\/wp\/v2\/posts\/4790\/revisions\/4791"}],"wp:attachment":[{"href":"https:\/\/www.artesaniadecoracion.com\/blog\/wp-json\/wp\/v2\/media?parent=4790"}],"wp:term":[{"taxonomy":"category","embeddable":true,"href":"https:\/\/www.artesaniadecoracion.com\/blog\/wp-json\/wp\/v2\/categories?post=4790"},{"taxonomy":"post_tag","embeddable":true,"href":"https:\/\/www.artesaniadecoracion.com\/blog\/wp-json\/wp\/v2\/tags?post=4790"}],"curies":[{"name":"wp","href":"https:\/\/api.w.org\/{rel}","templated":true}]}}