{"id":5166,"date":"2026-09-02T10:00:00","date_gmt":"2026-09-02T08:00:00","guid":{"rendered":"https:\/\/www.artesaniadecoracion.com\/blog\/?p=5166"},"modified":"2026-07-30T12:04:00","modified_gmt":"2026-07-30T10:04:00","slug":"mesitas-de-noche-modernas-de-2-cajones-coleccion-ivants","status":"publish","type":"post","link":"https:\/\/www.artesaniadecoracion.com\/blog\/mesitas-de-noche-modernas-de-2-cajones-coleccion-ivants\/","title":{"rendered":"Mesitas de Noche Modernas de 2 Cajones | Colecci\u00f3n Ivants"},"content":{"rendered":"\n<p class=\"wp-block-paragraph\">El dormitorio es el espacio m\u00e1s personal del hogar, un lugar destinado al descanso en el que cada elemento del mobiliario contribuye a crear una sensaci\u00f3n de calma y confort. En el dise\u00f1o de la zona del descanso, la pieza que flanquea la cama juega un papel clave tanto a nivel visual como pr\u00e1ctico. Hoy exploramos en detalle las mesitas de noche de la Serie Ivants, una colecci\u00f3n que destaca por sus l\u00edneas depuradas, su cuidada ergonom\u00eda y sus acabados pensados para los interiores contempor\u00e1neos.<\/p>\n\n\n\n<p class=\"wp-block-paragraph\"><strong>D\u00f3nde Colocar las Mesitas de Noche de la Serie Ivants<\/strong><br>Gracias a sus proporciones de 50 cm de largo, 40 cm de fondo y 53 cm de alto, la mesita de noche de la Serie Ivants se adapta con facilidad a distintas distribuciones y estilos de dormitorio:<\/p>\n\n\n\n<p class=\"wp-block-paragraph\"><em>A los lados de una cama matrimonial:<\/em> Colocar un par de mesitas de noche Ivants flanqueando el cabecero crea una simetr\u00eda visual atractiva y proporciona a cada lado del lecho su propio espacio de almacenamiento y apoyo para l\u00e1mparas de noche, libros o dispositivos.<\/p>\n\n\n\n<p class=\"wp-block-paragraph\"><em>En dormitorios de est\u00e9tica n\u00f3rdica o japandi:<\/em> La versi\u00f3n en fresno lavado, con sus cantos redondeados y textura natural, encaja a la perfecci\u00f3n en ambientes donde predominan los tonos neutros, las fibras vegetales y la iluminaci\u00f3n c\u00e1lida.<\/p>\n\n\n\n<p class=\"wp-block-paragraph\"><em>En ambientes contempor\u00e1neos y minimalistas:<\/em> La versi\u00f3n en color arena proyecta suavidad y serenidad. Su acabado lacado de tacto sedoso combina muy bien con paredes en tonos tierra, textiles de lino y acabados met\u00e1licos o dorados.<\/p>\n\n\n\n<p class=\"wp-block-paragraph\"><em>Dormitorios juveniles o de invitados:<\/em> Al contar con patas altas que elevan la pieza sobre el suelo, visualmente no recargan el espacio, convirti\u00e9ndolas en una gran opci\u00f3n para habitaciones secundarias o de dimensiones reducidas.<\/p>\n\n\n\n<p class=\"wp-block-paragraph\"><strong>Caracter\u00edsticas T\u00e9cnicas y Detalles de Dise\u00f1o<\/strong><br>La Serie Ivants ha sido concebida uniendo materiales de alta calidad y soluciones funcionales para el uso diario.<\/p>\n\n\n\n<p class=\"wp-block-paragraph\"><em>Estructura y Capacidad de Almacenaje<\/em><br>Cada mueble cuenta con un sistema de 2 cajones equipados con gu\u00edas met\u00e1licas que aseguran una apertura y un cierre fluidos. El espacio interior es \u00f3ptimo para mantener organizados peque\u00f1os objetos personales, lectura de noche o accesorios, manteniendo la superficie despejada.<\/p>\n\n\n\n<p class=\"wp-block-paragraph\"><strong>Acabados Dise\u00f1ados para Transmitir Calma<\/strong><br><em>Acabado Color Arena: <\/em>Fabricado en MDF de alta resistencia con un lacado color arena de tacto sedoso. Incorpora un u\u00f1ero lateral integrado en los cajones que mantiene el frontal limpio y sin tiradores sobresalientes. Sus l\u00edneas rectas aportan un corte sobrio y ordenado.<br><em>Acabado Fresno Lavado:<\/em> Elaborado con chapado en fresno lavado sobre MDF, destacando la veta y la textura de la madera. Se distingue por sus cantos redondeados, que aportan mayor fluidez visual y una sensaci\u00f3n envolvente en la estancia.<\/p>\n\n\n\n<p class=\"wp-block-paragraph\"><strong>Soporte Elevado para Facilitar el Mantenimiento<\/strong><br>Ambas versiones incorporan patas altas de dise\u00f1o estilizado. Esta elevaci\u00f3n no solo estiliza la silueta del mueble y le otorga una est\u00e9tica m\u00e1s ligera, sino que permite el paso c\u00f3modo de aspiradores o robots de limpieza por la parte inferior sin necesidad de mover la pieza.<\/p>\n\n\n\n<p class=\"wp-block-paragraph\"><strong>Conclusi\u00f3n: El Detalle que Completa tu Dormitorio<\/strong><br>Elegir una mesita de noche de la Serie Ivants es apostar por un dise\u00f1o duradero, materiales de excelente acabado y una funcionalidad pensada para simplificar tu d\u00eda a d\u00eda. Ya sea en la calidez del fresno lavado o en la serena elegancia del tono arena, la colecci\u00f3n Ivants aporta el equilibrio perfecto entre est\u00e9tica y orden al pie de tu cama.<\/p>\n\n\n\n<p class=\"wp-block-paragraph\"><strong>Galer\u00eda visual y contenido adicional:<\/strong><br>Os presentamos las im\u00e1genes que componen esta colecci\u00f3n para que pod\u00e1is observar con detalle los acabados, texturas y elementos decorativos. Bajo cada fotograf\u00eda se incluye un enlace informativo que os permitir\u00e1 ampliar datos sobre los materiales utilizados, medidas espec\u00edficas, aspectos t\u00e9cnicos y posibilidades de combinaci\u00f3n decorativa.<\/p>\n\n\n\n<figure class=\"wp-block-gallery has-nested-images columns-default is-cropped wp-block-gallery-1 is-layout-flex wp-block-gallery-is-layout-flex\">\n<figure class=\"wp-block-image size-large\"><img loading=\"lazy\" decoding=\"async\" width=\"800\" height=\"600\" data-id=\"5165\" src=\"https:\/\/www.artesaniadecoracion.com\/blog\/wp-content\/uploads\/2026\/07\/Mesita-de-Noche-2-Cajones-Fresno-Lavado-Serie-Ivants.jpeg\" alt=\"Mesita de Noche 2 Cajones Fresno Lavado Serie Ivants\" class=\"wp-image-5165\" srcset=\"https:\/\/www.artesaniadecoracion.com\/blog\/wp-content\/uploads\/2026\/07\/Mesita-de-Noche-2-Cajones-Fresno-Lavado-Serie-Ivants.jpeg 800w, https:\/\/www.artesaniadecoracion.com\/blog\/wp-content\/uploads\/2026\/07\/Mesita-de-Noche-2-Cajones-Fresno-Lavado-Serie-Ivants-300x225.jpeg 300w, https:\/\/www.artesaniadecoracion.com\/blog\/wp-content\/uploads\/2026\/07\/Mesita-de-Noche-2-Cajones-Fresno-Lavado-Serie-Ivants-768x576.jpeg 768w, https:\/\/www.artesaniadecoracion.com\/blog\/wp-content\/uploads\/2026\/07\/Mesita-de-Noche-2-Cajones-Fresno-Lavado-Serie-Ivants-624x468.jpeg 624w, https:\/\/www.artesaniadecoracion.com\/blog\/wp-content\/uploads\/2026\/07\/Mesita-de-Noche-2-Cajones-Fresno-Lavado-Serie-Ivants-200x150.jpeg 200w\" sizes=\"auto, (max-width: 800px) 100vw, 800px\" \/><figcaption class=\"wp-element-caption\"><b><a href=\"https:\/\/www.artesaniadecoracion.com\/dormitorio-mesillas-de-noche-actual-c-1002_1008_1073.html\" target=\"_blank\"><strong><mark style=\"background-color:rgba(0, 0, 0, 0)\" class=\"has-inline-color has-black-color\">Mesita de Noche 2 Cajones Fresno Lavado Serie Ivants<\/mark><\/strong><\/a><\/b><\/figcaption><\/figure>\n\n\n\n<figure class=\"wp-block-image size-large\"><img loading=\"lazy\" decoding=\"async\" width=\"800\" height=\"600\" data-id=\"5164\" src=\"https:\/\/www.artesaniadecoracion.com\/blog\/wp-content\/uploads\/2026\/07\/Mesita-de-Noche-2-Cajones-Color-Arena-Serie-Ivants.jpeg\" alt=\"Mesita de Noche 2 Cajones Color Arena Serie Ivants\" class=\"wp-image-5164\" srcset=\"https:\/\/www.artesaniadecoracion.com\/blog\/wp-content\/uploads\/2026\/07\/Mesita-de-Noche-2-Cajones-Color-Arena-Serie-Ivants.jpeg 800w, https:\/\/www.artesaniadecoracion.com\/blog\/wp-content\/uploads\/2026\/07\/Mesita-de-Noche-2-Cajones-Color-Arena-Serie-Ivants-300x225.jpeg 300w, https:\/\/www.artesaniadecoracion.com\/blog\/wp-content\/uploads\/2026\/07\/Mesita-de-Noche-2-Cajones-Color-Arena-Serie-Ivants-768x576.jpeg 768w, https:\/\/www.artesaniadecoracion.com\/blog\/wp-content\/uploads\/2026\/07\/Mesita-de-Noche-2-Cajones-Color-Arena-Serie-Ivants-624x468.jpeg 624w, https:\/\/www.artesaniadecoracion.com\/blog\/wp-content\/uploads\/2026\/07\/Mesita-de-Noche-2-Cajones-Color-Arena-Serie-Ivants-200x150.jpeg 200w\" sizes=\"auto, (max-width: 800px) 100vw, 800px\" \/><figcaption class=\"wp-element-caption\"><b><a href=\"https:\/\/www.artesaniadecoracion.com\/dormitorio-mesillas-de-noche-actual-c-1002_1008_1073.html\" target=\"_blank\"><strong><mark style=\"background-color:rgba(0, 0, 0, 0)\" class=\"has-inline-color has-black-color\">Mesita de Noche 2 Cajones Color Arena Serie Ivants<\/mark><\/strong><\/a><\/b><\/figcaption><\/figure>\n<\/figure>\n","protected":false},"excerpt":{"rendered":"<p>El dormitorio es el espacio m\u00e1s personal del hogar, un lugar destinado al descanso en el que cada elemento del mobiliario contribuye a crear una sensaci\u00f3n de calma y confort. En el dise\u00f1o de la zona del descanso, la pieza que flanquea la cama juega un papel clave tanto a nivel visual como pr\u00e1ctico. Hoy [&hellip;]<\/p>\n","protected":false},"author":2,"featured_media":0,"comment_status":"closed","ping_status":"closed","sticky":false,"template":"","format":"standard","meta":{"om_disable_all_campaigns":false,"footnotes":""},"categories":[6],"tags":[4800,4793,4792,4798,4797,4796,3352,4791,1391,4795,4794,4799],"class_list":["post-5166","post","type-post","status-publish","format-standard","hentry","category-dormitorios","tag-almacenaje-de-noche","tag-mesita-auxiliar-dormitorio","tag-mesita-de-noche-2-cajones","tag-mesita-de-noche-cantos-redondeados","tag-mesita-de-noche-color-arena","tag-mesita-de-noche-fresno-lavado","tag-mesita-de-noche-minimalista","tag-mesita-de-noche-serie-ivants","tag-mesitas-de-noche-modernas","tag-mesitas-de-noche-patas-altas","tag-mesitas-de-noche-serie-ivants","tag-muebles-de-dormitorio-modernos"],"aioseo_notices":[],"_links":{"self":[{"href":"https:\/\/www.artesaniadecoracion.com\/blog\/wp-json\/wp\/v2\/posts\/5166","targetHints":{"allow":["GET"]}}],"collection":[{"href":"https:\/\/www.artesaniadecoracion.com\/blog\/wp-json\/wp\/v2\/posts"}],"about":[{"href":"https:\/\/www.artesaniadecoracion.com\/blog\/wp-json\/wp\/v2\/types\/post"}],"author":[{"embeddable":true,"href":"https:\/\/www.artesaniadecoracion.com\/blog\/wp-json\/wp\/v2\/users\/2"}],"replies":[{"embeddable":true,"href":"https:\/\/www.artesaniadecoracion.com\/blog\/wp-json\/wp\/v2\/comments?post=5166"}],"version-history":[{"count":1,"href":"https:\/\/www.artesaniadecoracion.com\/blog\/wp-json\/wp\/v2\/posts\/5166\/revisions"}],"predecessor-version":[{"id":5167,"href":"https:\/\/www.artesaniadecoracion.com\/blog\/wp-json\/wp\/v2\/posts\/5166\/revisions\/5167"}],"wp:attachment":[{"href":"https:\/\/www.artesaniadecoracion.com\/blog\/wp-json\/wp\/v2\/media?parent=5166"}],"wp:term":[{"taxonomy":"category","embeddable":true,"href":"https:\/\/www.artesaniadecoracion.com\/blog\/wp-json\/wp\/v2\/categories?post=5166"},{"taxonomy":"post_tag","embeddable":true,"href":"https:\/\/www.artesaniadecoracion.com\/blog\/wp-json\/wp\/v2\/tags?post=5166"}],"curies":[{"name":"wp","href":"https:\/\/api.w.org\/{rel}","templated":true}]}}