{"id":5178,"date":"2026-09-04T10:00:00","date_gmt":"2026-09-04T08:00:00","guid":{"rendered":"https:\/\/www.artesaniadecoracion.com\/blog\/?p=5178"},"modified":"2026-07-30T12:53:31","modified_gmt":"2026-07-30T10:53:31","slug":"muebles-de-comedor-rusticos-y-contemporaneos-serie-alort-y-sillas-alosta","status":"publish","type":"post","link":"https:\/\/www.artesaniadecoracion.com\/blog\/muebles-de-comedor-rusticos-y-contemporaneos-serie-alort-y-sillas-alosta\/","title":{"rendered":"Muebles de Comedor R\u00fasticos y Contempor\u00e1neos: Serie Alort y Sillas Alosta"},"content":{"rendered":"\n<figure class=\"wp-block-image size-full\"><img loading=\"lazy\" decoding=\"async\" width=\"800\" height=\"800\" src=\"https:\/\/www.artesaniadecoracion.com\/blog\/wp-content\/uploads\/2026\/07\/Comedor-Estilo-Rustico-Madera-Nogal-Claro.jpg\" alt=\"Comedor Estilo Rustico Madera Nogal Claro\" class=\"wp-image-5180\" srcset=\"https:\/\/www.artesaniadecoracion.com\/blog\/wp-content\/uploads\/2026\/07\/Comedor-Estilo-Rustico-Madera-Nogal-Claro.jpg 800w, https:\/\/www.artesaniadecoracion.com\/blog\/wp-content\/uploads\/2026\/07\/Comedor-Estilo-Rustico-Madera-Nogal-Claro-300x300.jpg 300w, https:\/\/www.artesaniadecoracion.com\/blog\/wp-content\/uploads\/2026\/07\/Comedor-Estilo-Rustico-Madera-Nogal-Claro-150x150.jpg 150w, https:\/\/www.artesaniadecoracion.com\/blog\/wp-content\/uploads\/2026\/07\/Comedor-Estilo-Rustico-Madera-Nogal-Claro-768x768.jpg 768w, https:\/\/www.artesaniadecoracion.com\/blog\/wp-content\/uploads\/2026\/07\/Comedor-Estilo-Rustico-Madera-Nogal-Claro-624x624.jpg 624w, https:\/\/www.artesaniadecoracion.com\/blog\/wp-content\/uploads\/2026\/07\/Comedor-Estilo-Rustico-Madera-Nogal-Claro-72x72.jpg 72w, https:\/\/www.artesaniadecoracion.com\/blog\/wp-content\/uploads\/2026\/07\/Comedor-Estilo-Rustico-Madera-Nogal-Claro-350x350.jpg 350w\" sizes=\"auto, (max-width: 800px) 100vw, 800px\" \/><figcaption class=\"wp-element-caption\"><strong>Comedor Estilo Rustico Madera Nogal Claro<\/strong><\/figcaption><\/figure>\n\n\n\n<p class=\"wp-block-paragraph\">El comedor es, sin duda, el punto neur\u00e1lgico del hogar. Es el espacio donde compartimos momentos inolvidables, sobremesas interminables y el d\u00eda a d\u00eda en familia. En la actualidad, el dise\u00f1o de interiores apuesta decididamente por la fusi\u00f3n de estilos: la calidez y textura de los elementos r\u00fasticos tradicionales se entrelazan con la limpieza de l\u00edneas del mobiliario contempor\u00e1neo. La combinaci\u00f3n de la Serie Alort y las Sillas de Comedor Alosta representa la m\u00e1xima expresi\u00f3n de esta tendencia, ofreciendo piezas duraderas, funcionales y con una est\u00e9tica que cautiva a primera vista.<\/p>\n\n\n\n<p class=\"wp-block-paragraph\"><strong>La ubicaci\u00f3n perfecta: \u00bfD\u00f3nde y c\u00f3mo colocar cada pieza?<\/strong><br>Para sacar el m\u00e1ximo partido a este conjunto de est\u00e9tica c\u00e1lida y equilibrada, es fundamental considerar la distribuci\u00f3n del espacio y la interacci\u00f3n de la luz natural con los acabados en nogal.<\/p>\n\n\n\n<p class=\"wp-block-paragraph\"><strong>La Mesa de Comedor Extensible Alort como centro neur\u00e1lgico<\/strong><br>El n\u00facleo visual del espacio debe ser la mesa. Gracias a sus esquinas redondeadas, esta pieza no solo aporta fluidez y suavidad al entorno, sino que tambi\u00e9n facilita el tr\u00e1nsito a su alrededor en comedores de planta abierta o rectangular. Se recomienda ubicarla directamente bajo la fuente de luz principal (una l\u00e1mpara colgante de fibras naturales o de estilo industrial suave) para resaltar el veteado \u00fanico de la madera de mango.<\/p>\n\n\n\n<p class=\"wp-block-paragraph\"><strong>Las Sillas Alosta: El toque artesanal<\/strong><br>Alrededor de la mesa, las sillas Alosta aportan un contraste org\u00e1nico \u00fanico. Su estructura curva en madera de fresno y su asiento trenzado en cuerda marr\u00f3n claro rompen la solidez de la madera con una textura fresca y liviana. Disp\u00f3n dos sillas a cada lado largo para dejar ver sus l\u00edneas y la riqueza de sus acabados.<\/p>\n\n\n\n<p class=\"wp-block-paragraph\"><strong>El Aparador Alort: Funcionalidad y elegancia en la pared principal<\/strong><br>Ubica el aparador en la pared con mayor longitud o cercan\u00eda a la zona de servicio del comedor. Con sus 160 cm de ancho y su silueta limpia sin tiradores, funciona como la base perfecta para vestir el espacio. Su superficie es ideal para colocar espejos grandes con marco de madera o metal, cuadros de arte abstracto en tonos neutros o recipientes cer\u00e1micos de l\u00edneas org\u00e1nicas.<\/p>\n\n\n\n<p class=\"wp-block-paragraph\"><strong>La Librer\u00eda Alort: Verticalidad y dinamismo<\/strong><br>Para equilibrar la horizontalidad del aparador y la mesa, la librer\u00eda Alort debe situarse en un rinc\u00f3n estrat\u00e9gico, junto a un ventanal o flanqueando la entrada al sal\u00f3n. Su dise\u00f1o mixto, con estantes abiertos arriba y almacenaje cerrado abajo, permite jugar con la decoraci\u00f3n: utiliza la zona superior para libros, plantas colgantes o vasijas artesanales, manteniendo la vajilla y otros enseres resguardados en la parte inferior.<\/p>\n\n\n\n<p class=\"wp-block-paragraph\"><strong>Caracter\u00edsticas detalladas de las colecciones<\/strong>:<\/p>\n\n\n\n<p class=\"wp-block-paragraph\"><em>Aparador Alort<\/em><br>El Aparador Alort es una pieza clave para salones de dise\u00f1o actual que destacan por una est\u00e9tica limpia y ordenada. Fabricado \u00edntegramente en madera de mango de alta calidad con un sobrio acabado en nogal claro, este mueble destaca por sus proporciones equilibradas de 160 cm de largo, 40 cm de profundo y 80 cm de alto.<br>Est\u00e1 equipado con tres puertas provistas de un sistema de u\u00f1ero integrado que prescinde de tiradores externos para preservar la pureza visual del frontal. En su interior, el mecanismo de bisagras con amortiguaci\u00f3n de cierre suave (soft-close) garantiza una usabilidad silenciosa y prolonga la vida \u00fatil de la estructura. La firmeza del mueble se apoya en patas estilizadas de 12 cm de altura que aligeran su peso visual, complementadas por un panel trasero completamente reforzado en su per\u00edmetro y zona central para ofrecer una estabilidad impecable.<\/p>\n\n\n\n<p class=\"wp-block-paragraph\"><em>Librer\u00eda Alort<\/em><br>Con unas dimensiones de 110 cm de largo, 40 cm de profundo y 140 cm de alto, la Librer\u00eda Alort es una soluci\u00f3n de almacenaje vertical de dise\u00f1o actual que se adapta perfectamente tanto a comedores como a despachos o salones. Construida artesanalmente en madera de mango seleccionada, muestra una rica textura natural en tono nogal claro.<br>Su configuraci\u00f3n se divide estrat\u00e9gicamente en dos \u00e1reas: la zona superior alberga un estante fijo a media altura que crea dos huecos abiertos id\u00f3neos para la exposici\u00f3n decorativa. La zona inferior cuenta con dos puertas con u\u00f1ero integrado y sistema soft-close, perfectas para mantener el orden. Al igual que el aparador, incorpora patas estilizadas de 12 cm de altura y un refuerzo perimetral y central en la parte trasera que asegura m\u00e1xima solidez.<\/p>\n\n\n\n<p class=\"wp-block-paragraph\"><em>Mesa de Comedor Extensible Alort<\/em><br>Versatilidad y solidez se unen en la Mesa de Comedor Extensible Alort. Realizada en madera de mango maciza, su tablero superior de 2,5 cm de grosor proporciona una resistencia excepcional para el uso diario. Presenta unas medidas base de 172 cm de largo por 100 cm de ancho y 76 cm de alto, ampli\u00e1ndose f\u00e1cilmente hasta los 220 cm de longitud mediante un sistema de apertura y cierre autom\u00e1tico por tracci\u00f3n de los extremos.<br>Su dise\u00f1o ergonom\u00e9trico cuida el confort de los comensales: cuenta con una distancia libre entre patas de 161 cm en el lado largo y 80 cm en el lado corto, junto a una altura libre desde el suelo hasta el bajo del tablero de 65 cm, ofreciendo un amplio espacio para las piernas.<\/p>\n\n\n\n<p class=\"wp-block-paragraph\"><em>Silla Comedor Madera Cuerda Fresno Nogal &#8211; Serie Alosta<\/em><br>La Silla Alosta redefine el concepto de silla r\u00fastica contempor\u00e1nea. Elaborada con una estructura robusta de madera de fresno maciza en acabado nogal, destaca por sus formas redondeadas y su respaldo curvo de 43 cm de altura que se amolda a la espalda. El asiento, trenzado a mano en cuerda de color marr\u00f3n claro, mide 44 cm de ancho por 45 cm de profundo, situado a una altura de confort de 45 cm respecto al suelo. Las dimensiones totales de la pieza son 44 cm de largo, 45 cm de ancho y 88 cm de alto. Para maximizar la durabilidad y la comodidad, la estructura incluye un reposapi\u00e9s perimetral a 23 cm de altura que refuerza el firme apoyo de las patas.<\/p>\n\n\n\n<p class=\"wp-block-paragraph\"><strong>Claves de decoraci\u00f3n para completar el look r\u00fastico actual<\/strong><br>Para culminar la ambientaci\u00f3n de este comedor, te recomendamos acompa\u00f1ar el mobiliario con materiales y textiles de origen natural:<br>Suelos y paredes: Los suelos de barro cocido, microcemento o madera clara resaltan el tono nogal de los muebles. Las paredes en tonos piedra, beige o blanco roto aportan luminosidad.<br>Textiles: Utiliza manteler\u00edas y caminos de mesa en lino lavado neutro. Una alfombra de yute o sisal bajo la mesa delimitar\u00e1 la zona de comedor aportando un extra de calidez t\u00e1ctil.<br>Iluminaci\u00f3n y detalles: Opta por l\u00e1mparas de suspensi\u00f3n con pantallas de mimbre, cuerda o cristal soplado. Completa la escena con ramas secas, eucalipto fresco y piezas cer\u00e1micas de barro o gres.<\/p>\n\n\n\n<p class=\"wp-block-paragraph\"><strong>Galer\u00eda visual y contenido adicional:<\/strong><br>Os presentamos las im\u00e1genes que componen esta colecci\u00f3n para que pod\u00e1is observar con detalle los acabados, texturas y elementos decorativos. Bajo cada fotograf\u00eda se incluye un enlace informativo que os permitir\u00e1 ampliar datos sobre los materiales utilizados, medidas espec\u00edficas, aspectos t\u00e9cnicos y posibilidades de combinaci\u00f3n decorativa.<\/p>\n\n\n\n<figure class=\"wp-block-gallery has-nested-images columns-2 is-cropped wp-block-gallery-1 is-layout-flex wp-block-gallery-is-layout-flex\">\n<figure class=\"wp-block-image size-large\"><img loading=\"lazy\" decoding=\"async\" width=\"800\" height=\"800\" data-id=\"5177\" src=\"https:\/\/www.artesaniadecoracion.com\/blog\/wp-content\/uploads\/2026\/07\/Silla-Comedor-Madera-Cuerda-Fresno-Nogal-Serie-Alosta.jpeg\" alt=\"Silla Comedor Madera Cuerda Fresno Nogal - Serie Alosta\" class=\"wp-image-5177\" srcset=\"https:\/\/www.artesaniadecoracion.com\/blog\/wp-content\/uploads\/2026\/07\/Silla-Comedor-Madera-Cuerda-Fresno-Nogal-Serie-Alosta.jpeg 800w, https:\/\/www.artesaniadecoracion.com\/blog\/wp-content\/uploads\/2026\/07\/Silla-Comedor-Madera-Cuerda-Fresno-Nogal-Serie-Alosta-300x300.jpeg 300w, https:\/\/www.artesaniadecoracion.com\/blog\/wp-content\/uploads\/2026\/07\/Silla-Comedor-Madera-Cuerda-Fresno-Nogal-Serie-Alosta-150x150.jpeg 150w, https:\/\/www.artesaniadecoracion.com\/blog\/wp-content\/uploads\/2026\/07\/Silla-Comedor-Madera-Cuerda-Fresno-Nogal-Serie-Alosta-768x768.jpeg 768w, https:\/\/www.artesaniadecoracion.com\/blog\/wp-content\/uploads\/2026\/07\/Silla-Comedor-Madera-Cuerda-Fresno-Nogal-Serie-Alosta-624x624.jpeg 624w, https:\/\/www.artesaniadecoracion.com\/blog\/wp-content\/uploads\/2026\/07\/Silla-Comedor-Madera-Cuerda-Fresno-Nogal-Serie-Alosta-72x72.jpeg 72w, https:\/\/www.artesaniadecoracion.com\/blog\/wp-content\/uploads\/2026\/07\/Silla-Comedor-Madera-Cuerda-Fresno-Nogal-Serie-Alosta-350x350.jpeg 350w\" sizes=\"auto, (max-width: 800px) 100vw, 800px\" \/><figcaption class=\"wp-element-caption\"><b><a href=\"https:\/\/www.artesaniadecoracion.com\/comedor-sillas-taburetes-pino-c-907_910_972.html\" target=\"_blank\"><strong><mark style=\"background-color:rgba(0, 0, 0, 0)\" class=\"has-inline-color has-black-color\">Silla Comedor Madera Cuerda Fresno Nogal &#8211; Serie Alosta<\/mark><\/strong><\/a><\/b><\/figcaption><\/figure>\n\n\n\n<figure class=\"wp-block-image size-large\"><img loading=\"lazy\" decoding=\"async\" width=\"800\" height=\"800\" data-id=\"5176\" src=\"https:\/\/www.artesaniadecoracion.com\/blog\/wp-content\/uploads\/2026\/07\/Mesa-Comedor-Extensible-Actual-Color-Nogal-Claro-Serie-Alort.jpeg\" alt=\"\" class=\"wp-image-5176\" srcset=\"https:\/\/www.artesaniadecoracion.com\/blog\/wp-content\/uploads\/2026\/07\/Mesa-Comedor-Extensible-Actual-Color-Nogal-Claro-Serie-Alort.jpeg 800w, https:\/\/www.artesaniadecoracion.com\/blog\/wp-content\/uploads\/2026\/07\/Mesa-Comedor-Extensible-Actual-Color-Nogal-Claro-Serie-Alort-300x300.jpeg 300w, https:\/\/www.artesaniadecoracion.com\/blog\/wp-content\/uploads\/2026\/07\/Mesa-Comedor-Extensible-Actual-Color-Nogal-Claro-Serie-Alort-150x150.jpeg 150w, https:\/\/www.artesaniadecoracion.com\/blog\/wp-content\/uploads\/2026\/07\/Mesa-Comedor-Extensible-Actual-Color-Nogal-Claro-Serie-Alort-768x768.jpeg 768w, https:\/\/www.artesaniadecoracion.com\/blog\/wp-content\/uploads\/2026\/07\/Mesa-Comedor-Extensible-Actual-Color-Nogal-Claro-Serie-Alort-624x624.jpeg 624w, https:\/\/www.artesaniadecoracion.com\/blog\/wp-content\/uploads\/2026\/07\/Mesa-Comedor-Extensible-Actual-Color-Nogal-Claro-Serie-Alort-72x72.jpeg 72w, https:\/\/www.artesaniadecoracion.com\/blog\/wp-content\/uploads\/2026\/07\/Mesa-Comedor-Extensible-Actual-Color-Nogal-Claro-Serie-Alort-350x350.jpeg 350w\" sizes=\"auto, (max-width: 800px) 100vw, 800px\" \/><figcaption class=\"wp-element-caption\"><b><a href=\"https:\/\/www.artesaniadecoracion.com\/comedor-mesas-de-comedor-contemporaneo-c-907_908_955.html\" target=\"_blank\"><strong><mark style=\"background-color:rgba(0, 0, 0, 0)\" class=\"has-inline-color has-black-color\">Mesa Comedor Extensible Actual Color Nogal Claro Serie Alort<\/mark><\/strong><\/a><\/b><\/figcaption><\/figure>\n\n\n\n<figure class=\"wp-block-image size-large\"><img loading=\"lazy\" decoding=\"async\" width=\"800\" height=\"800\" data-id=\"5175\" src=\"https:\/\/www.artesaniadecoracion.com\/blog\/wp-content\/uploads\/2026\/07\/Libreria-Actual-2-Puertas-y-Estante-Color-Nogal-Claro-Alort.jpeg\" alt=\"Libreria Actual 2 Puertas y Estante Color Nogal Claro Alort\" class=\"wp-image-5175\" srcset=\"https:\/\/www.artesaniadecoracion.com\/blog\/wp-content\/uploads\/2026\/07\/Libreria-Actual-2-Puertas-y-Estante-Color-Nogal-Claro-Alort.jpeg 800w, https:\/\/www.artesaniadecoracion.com\/blog\/wp-content\/uploads\/2026\/07\/Libreria-Actual-2-Puertas-y-Estante-Color-Nogal-Claro-Alort-300x300.jpeg 300w, https:\/\/www.artesaniadecoracion.com\/blog\/wp-content\/uploads\/2026\/07\/Libreria-Actual-2-Puertas-y-Estante-Color-Nogal-Claro-Alort-150x150.jpeg 150w, https:\/\/www.artesaniadecoracion.com\/blog\/wp-content\/uploads\/2026\/07\/Libreria-Actual-2-Puertas-y-Estante-Color-Nogal-Claro-Alort-768x768.jpeg 768w, https:\/\/www.artesaniadecoracion.com\/blog\/wp-content\/uploads\/2026\/07\/Libreria-Actual-2-Puertas-y-Estante-Color-Nogal-Claro-Alort-624x624.jpeg 624w, https:\/\/www.artesaniadecoracion.com\/blog\/wp-content\/uploads\/2026\/07\/Libreria-Actual-2-Puertas-y-Estante-Color-Nogal-Claro-Alort-72x72.jpeg 72w, https:\/\/www.artesaniadecoracion.com\/blog\/wp-content\/uploads\/2026\/07\/Libreria-Actual-2-Puertas-y-Estante-Color-Nogal-Claro-Alort-350x350.jpeg 350w\" sizes=\"auto, (max-width: 800px) 100vw, 800px\" \/><figcaption class=\"wp-element-caption\"><b><a href=\"https:\/\/www.artesaniadecoracion.com\/salon-estanterias-contemporaneo-c-802_804_829.html\" target=\"_blank\"><strong><mark style=\"background-color:rgba(0, 0, 0, 0)\" class=\"has-inline-color has-black-color\">Libreria Actual 2 Puertas y Estante Color Nogal Claro Alort<\/mark><\/strong><\/a><\/b><\/figcaption><\/figure>\n\n\n\n<figure class=\"wp-block-image size-large\"><img loading=\"lazy\" decoding=\"async\" width=\"800\" height=\"800\" data-id=\"5173\" src=\"https:\/\/www.artesaniadecoracion.com\/blog\/wp-content\/uploads\/2026\/07\/Aparador-Salon-Actual-3-Puertas-Color-Nogal-Serie-Alort.jpeg\" alt=\"Aparador Salon Actual 3 Puertas Color Nogal - Serie Alort\" class=\"wp-image-5173\" srcset=\"https:\/\/www.artesaniadecoracion.com\/blog\/wp-content\/uploads\/2026\/07\/Aparador-Salon-Actual-3-Puertas-Color-Nogal-Serie-Alort.jpeg 800w, https:\/\/www.artesaniadecoracion.com\/blog\/wp-content\/uploads\/2026\/07\/Aparador-Salon-Actual-3-Puertas-Color-Nogal-Serie-Alort-300x300.jpeg 300w, https:\/\/www.artesaniadecoracion.com\/blog\/wp-content\/uploads\/2026\/07\/Aparador-Salon-Actual-3-Puertas-Color-Nogal-Serie-Alort-150x150.jpeg 150w, https:\/\/www.artesaniadecoracion.com\/blog\/wp-content\/uploads\/2026\/07\/Aparador-Salon-Actual-3-Puertas-Color-Nogal-Serie-Alort-768x768.jpeg 768w, https:\/\/www.artesaniadecoracion.com\/blog\/wp-content\/uploads\/2026\/07\/Aparador-Salon-Actual-3-Puertas-Color-Nogal-Serie-Alort-624x624.jpeg 624w, https:\/\/www.artesaniadecoracion.com\/blog\/wp-content\/uploads\/2026\/07\/Aparador-Salon-Actual-3-Puertas-Color-Nogal-Serie-Alort-72x72.jpeg 72w, https:\/\/www.artesaniadecoracion.com\/blog\/wp-content\/uploads\/2026\/07\/Aparador-Salon-Actual-3-Puertas-Color-Nogal-Serie-Alort-350x350.jpeg 350w\" sizes=\"auto, (max-width: 800px) 100vw, 800px\" \/><figcaption class=\"wp-element-caption\"><b><a href=\"https:\/\/www.artesaniadecoracion.com\/comedor-aparadores-buffet-contemporaneo-c-907_909_916.html?page=6\" target=\"_blank\"><strong><mark style=\"background-color:rgba(0, 0, 0, 0)\" class=\"has-inline-color has-black-color\">Aparador Salon Actual 3 Puertas Color Nogal &#8211; Serie Alort<\/mark><\/strong><\/a><\/b><\/figcaption><\/figure>\n<\/figure>\n","protected":false},"excerpt":{"rendered":"<p>El comedor es, sin duda, el punto neur\u00e1lgico del hogar. Es el espacio donde compartimos momentos inolvidables, sobremesas interminables y el d\u00eda a d\u00eda en familia. En la actualidad, el dise\u00f1o de interiores apuesta decididamente por la fusi\u00f3n de estilos: la calidez y textura de los elementos r\u00fasticos tradicionales se entrelazan con la limpieza de [&hellip;]<\/p>\n","protected":false},"author":2,"featured_media":0,"comment_status":"closed","ping_status":"closed","sticky":false,"template":"","format":"standard","meta":{"om_disable_all_campaigns":false,"footnotes":""},"categories":[5],"tags":[3663,4817,4815,4823,4824,4820,2076,4818,2805,4816,4821,4822,4819],"class_list":["post-5178","post","type-post","status-publish","format-standard","hentry","category-salones","tag-aparador-madera-de-mango","tag-aparador-nogal-claro","tag-comedor-rustico-actual","tag-decoracion-comedor-rustico-contemporaneo","tag-interiorismo-rustico-moderno","tag-libreria-madera-mango","tag-mesa-de-comedor-extensible","tag-mesa-extensible-nogal-claro","tag-muebles-de-madera-maciza","tag-muebles-serie-alort","tag-silla-cuerda-fresno","tag-silla-de-comedor-trenzada","tag-sillas-serie-alosta"],"aioseo_notices":[],"_links":{"self":[{"href":"https:\/\/www.artesaniadecoracion.com\/blog\/wp-json\/wp\/v2\/posts\/5178","targetHints":{"allow":["GET"]}}],"collection":[{"href":"https:\/\/www.artesaniadecoracion.com\/blog\/wp-json\/wp\/v2\/posts"}],"about":[{"href":"https:\/\/www.artesaniadecoracion.com\/blog\/wp-json\/wp\/v2\/types\/post"}],"author":[{"embeddable":true,"href":"https:\/\/www.artesaniadecoracion.com\/blog\/wp-json\/wp\/v2\/users\/2"}],"replies":[{"embeddable":true,"href":"https:\/\/www.artesaniadecoracion.com\/blog\/wp-json\/wp\/v2\/comments?post=5178"}],"version-history":[{"count":2,"href":"https:\/\/www.artesaniadecoracion.com\/blog\/wp-json\/wp\/v2\/posts\/5178\/revisions"}],"predecessor-version":[{"id":5181,"href":"https:\/\/www.artesaniadecoracion.com\/blog\/wp-json\/wp\/v2\/posts\/5178\/revisions\/5181"}],"wp:attachment":[{"href":"https:\/\/www.artesaniadecoracion.com\/blog\/wp-json\/wp\/v2\/media?parent=5178"}],"wp:term":[{"taxonomy":"category","embeddable":true,"href":"https:\/\/www.artesaniadecoracion.com\/blog\/wp-json\/wp\/v2\/categories?post=5178"},{"taxonomy":"post_tag","embeddable":true,"href":"https:\/\/www.artesaniadecoracion.com\/blog\/wp-json\/wp\/v2\/tags?post=5178"}],"curies":[{"name":"wp","href":"https:\/\/api.w.org\/{rel}","templated":true}]}}