{"id":579,"date":"2019-04-26T08:00:13","date_gmt":"2019-04-26T08:00:13","guid":{"rendered":"http:\/\/www.artesaniadecoracion.com\/blog\/?p=579"},"modified":"2019-04-04T16:28:45","modified_gmt":"2019-04-04T16:28:45","slug":"muebles-salon-estilo-industrial-madera-forja","status":"publish","type":"post","link":"https:\/\/www.artesaniadecoracion.com\/blog\/muebles-salon-estilo-industrial-madera-forja\/","title":{"rendered":"MUEBLES SAL\u00d3N ESTILO INDUSTRIAL MADERA FORJA"},"content":{"rendered":"<div id=\"attachment_580\" style=\"width: 810px\" class=\"wp-caption aligncenter\"><img loading=\"lazy\" decoding=\"async\" aria-describedby=\"caption-attachment-580\" class=\"size-full wp-image-580\" src=\"https:\/\/www.artesaniadecoracion.com\/blog\/wp-content\/uploads\/2019\/04\/salon-industrial.jpg\" alt=\"\" width=\"800\" height=\"629\" srcset=\"https:\/\/www.artesaniadecoracion.com\/blog\/wp-content\/uploads\/2019\/04\/salon-industrial.jpg 800w, https:\/\/www.artesaniadecoracion.com\/blog\/wp-content\/uploads\/2019\/04\/salon-industrial-300x236.jpg 300w, https:\/\/www.artesaniadecoracion.com\/blog\/wp-content\/uploads\/2019\/04\/salon-industrial-768x604.jpg 768w, https:\/\/www.artesaniadecoracion.com\/blog\/wp-content\/uploads\/2019\/04\/salon-industrial-624x491.jpg 624w\" sizes=\"auto, (max-width: 800px) 100vw, 800px\" \/><p id=\"caption-attachment-580\" class=\"wp-caption-text\">Muebles salon estilo industrial<\/p><\/div>\n<p>Siguiendo con las nuevas entradas a nuestro cat\u00e1logo Web, esta semana os presentamos la colecci\u00f3n Ablitt, esta serie consta de mesa banco y estanter\u00eda fabricadas con armaz\u00f3n en hierro color negro y tapas de madera chapeado en abeto decolorado, esta l\u00ednea est\u00e1 indicada para decoraciones sobrias muy lineales y de gran consistencia, para m\u00e1s informaci\u00f3n os adjuntamos las im\u00e1genes de cada pieza junto con los enlaces al final de este post.<\/p>\n<div id=\"attachment_581\" style=\"width: 160px\" class=\"wp-caption alignleft\"><a href=\"https:\/\/www.artesaniadecoracion.com\/comedor-sillas-taburetes-industrial-c-907_910_968.html\"><img loading=\"lazy\" decoding=\"async\" aria-describedby=\"caption-attachment-581\" class=\"size-thumbnail wp-image-581\" src=\"https:\/\/www.artesaniadecoracion.com\/blog\/wp-content\/uploads\/2019\/04\/banco-rustico-industrial-para-salones-150x150.jpg\" alt=\"\" width=\"150\" height=\"150\" srcset=\"https:\/\/www.artesaniadecoracion.com\/blog\/wp-content\/uploads\/2019\/04\/banco-rustico-industrial-para-salones-150x150.jpg 150w, https:\/\/www.artesaniadecoracion.com\/blog\/wp-content\/uploads\/2019\/04\/banco-rustico-industrial-para-salones-72x72.jpg 72w\" sizes=\"auto, (max-width: 150px) 100vw, 150px\" \/><\/a><p id=\"caption-attachment-581\" class=\"wp-caption-text\"><a href=\"https:\/\/www.artesaniadecoracion.com\/comedor-sillas-taburetes-industrial-c-907_910_968.html\" target=\"_blank\" rel=\"noopener\">Banco salon estilo rustico industrial madera y forja<\/a><\/p><\/div>\n<div id=\"attachment_582\" style=\"width: 160px\" class=\"wp-caption alignleft\"><a href=\"https:\/\/www.artesaniadecoracion.com\/salon-estanterias-industrial-c-802_804_836.html?page=2\"><img loading=\"lazy\" decoding=\"async\" aria-describedby=\"caption-attachment-582\" class=\"size-thumbnail wp-image-582\" src=\"https:\/\/www.artesaniadecoracion.com\/blog\/wp-content\/uploads\/2019\/04\/Estanteria-rustica-industrial-madera-forja-150x150.jpg\" alt=\"\" width=\"150\" height=\"150\" srcset=\"https:\/\/www.artesaniadecoracion.com\/blog\/wp-content\/uploads\/2019\/04\/Estanteria-rustica-industrial-madera-forja-150x150.jpg 150w, https:\/\/www.artesaniadecoracion.com\/blog\/wp-content\/uploads\/2019\/04\/Estanteria-rustica-industrial-madera-forja-72x72.jpg 72w\" sizes=\"auto, (max-width: 150px) 100vw, 150px\" \/><\/a><p id=\"caption-attachment-582\" class=\"wp-caption-text\"><a href=\"https:\/\/www.artesaniadecoracion.com\/salon-estanterias-industrial-c-802_804_836.html?page=2\" target=\"_blank\" rel=\"noopener\">Estanteria libreria rustica industrial<\/a><\/p><\/div>\n<div id=\"attachment_583\" style=\"width: 160px\" class=\"wp-caption alignleft\"><a href=\"https:\/\/www.artesaniadecoracion.com\/comedor-mesas-de-comedor-industrial-c-907_908_951.html\"><img loading=\"lazy\" decoding=\"async\" aria-describedby=\"caption-attachment-583\" class=\"size-thumbnail wp-image-583\" src=\"https:\/\/www.artesaniadecoracion.com\/blog\/wp-content\/uploads\/2019\/04\/mesa-comedor-estilo-industrial-madera-forja-150x150.jpg\" alt=\"\" width=\"150\" height=\"150\" srcset=\"https:\/\/www.artesaniadecoracion.com\/blog\/wp-content\/uploads\/2019\/04\/mesa-comedor-estilo-industrial-madera-forja-150x150.jpg 150w, https:\/\/www.artesaniadecoracion.com\/blog\/wp-content\/uploads\/2019\/04\/mesa-comedor-estilo-industrial-madera-forja-72x72.jpg 72w\" sizes=\"auto, (max-width: 150px) 100vw, 150px\" \/><\/a><p id=\"caption-attachment-583\" class=\"wp-caption-text\"><a href=\"https:\/\/www.artesaniadecoracion.com\/comedor-mesas-de-comedor-industrial-c-907_908_951.html\" target=\"_blank\" rel=\"noopener\">Mesa comedor 2 tama\u00f1os rustica industrial<\/a><\/p><\/div>\n<p>&nbsp;<\/p>\n","protected":false},"excerpt":{"rendered":"<p>Siguiendo con las nuevas entradas a nuestro cat\u00e1logo Web, esta semana os presentamos la colecci\u00f3n Ablitt, esta serie consta de mesa banco y estanter\u00eda fabricadas con armaz\u00f3n en hierro color negro y tapas de madera chapeado en abeto decolorado, esta l\u00ednea est\u00e1 indicada para decoraciones sobrias muy lineales y de gran consistencia, para m\u00e1s informaci\u00f3n [&hellip;]<\/p>\n","protected":false},"author":2,"featured_media":0,"comment_status":"closed","ping_status":"closed","sticky":false,"template":"","format":"standard","meta":{"om_disable_all_campaigns":false,"footnotes":""},"categories":[5],"tags":[292,293,291,289,290],"class_list":["post-579","post","type-post","status-publish","format-standard","hentry","category-salones","tag-bancos-rusticos-industriales","tag-estanterias-rusticas-industriales","tag-mesas-comedor-estilo-industrial","tag-muebles-industriales","tag-salon-estilo-industrial"],"aioseo_notices":[],"_links":{"self":[{"href":"https:\/\/www.artesaniadecoracion.com\/blog\/wp-json\/wp\/v2\/posts\/579","targetHints":{"allow":["GET"]}}],"collection":[{"href":"https:\/\/www.artesaniadecoracion.com\/blog\/wp-json\/wp\/v2\/posts"}],"about":[{"href":"https:\/\/www.artesaniadecoracion.com\/blog\/wp-json\/wp\/v2\/types\/post"}],"author":[{"embeddable":true,"href":"https:\/\/www.artesaniadecoracion.com\/blog\/wp-json\/wp\/v2\/users\/2"}],"replies":[{"embeddable":true,"href":"https:\/\/www.artesaniadecoracion.com\/blog\/wp-json\/wp\/v2\/comments?post=579"}],"version-history":[{"count":2,"href":"https:\/\/www.artesaniadecoracion.com\/blog\/wp-json\/wp\/v2\/posts\/579\/revisions"}],"predecessor-version":[{"id":585,"href":"https:\/\/www.artesaniadecoracion.com\/blog\/wp-json\/wp\/v2\/posts\/579\/revisions\/585"}],"wp:attachment":[{"href":"https:\/\/www.artesaniadecoracion.com\/blog\/wp-json\/wp\/v2\/media?parent=579"}],"wp:term":[{"taxonomy":"category","embeddable":true,"href":"https:\/\/www.artesaniadecoracion.com\/blog\/wp-json\/wp\/v2\/categories?post=579"},{"taxonomy":"post_tag","embeddable":true,"href":"https:\/\/www.artesaniadecoracion.com\/blog\/wp-json\/wp\/v2\/tags?post=579"}],"curies":[{"name":"wp","href":"https:\/\/api.w.org\/{rel}","templated":true}]}}