{"id":783,"date":"2019-08-30T10:00:11","date_gmt":"2019-08-30T08:00:11","guid":{"rendered":"http:\/\/www.artesaniadecoracion.com\/blog\/?p=783"},"modified":"2019-08-02T18:02:29","modified_gmt":"2019-08-02T16:02:29","slug":"dormitorio-con-cama-dosel-en-forja-serie-diana","status":"publish","type":"post","link":"https:\/\/www.artesaniadecoracion.com\/blog\/dormitorio-con-cama-dosel-en-forja-serie-diana\/","title":{"rendered":"DORMITORIO CON CAMA DOSEL EN FORJA SERIE DIANA"},"content":{"rendered":"\n<figure class=\"wp-block-image\"><img loading=\"lazy\" decoding=\"async\" width=\"800\" height=\"651\" src=\"https:\/\/www.artesaniadecoracion.com\/blog\/wp-content\/uploads\/2019\/08\/Dormitorio-con-cama-dosel-en-forja.jpg\" alt=\"\" class=\"wp-image-784\" srcset=\"https:\/\/www.artesaniadecoracion.com\/blog\/wp-content\/uploads\/2019\/08\/Dormitorio-con-cama-dosel-en-forja.jpg 800w, https:\/\/www.artesaniadecoracion.com\/blog\/wp-content\/uploads\/2019\/08\/Dormitorio-con-cama-dosel-en-forja-300x244.jpg 300w, https:\/\/www.artesaniadecoracion.com\/blog\/wp-content\/uploads\/2019\/08\/Dormitorio-con-cama-dosel-en-forja-768x625.jpg 768w, https:\/\/www.artesaniadecoracion.com\/blog\/wp-content\/uploads\/2019\/08\/Dormitorio-con-cama-dosel-en-forja-624x508.jpg 624w\" sizes=\"auto, (max-width: 800px) 100vw, 800px\" \/><figcaption>Dormitorio de forja con cama dosel<\/figcaption><\/figure>\n\n\n\n<p>Para el post de hoy hemos seleccionado un dormitorio muy refrescante, el dormitorio de la serie Diana, est\u00e1 compuesto por cama dosel en tama\u00f1o para colchones desde 135 a 160 cm, mesita de noche con o sin cajones, c\u00f3moda dormitorio 4 cajones y espejo para la c\u00f3moda en forja, se fabrican con tubo de acero combinado con forja, para su terminaci\u00f3n disponemos de 20 colores diferentes para el metal y 6 colores para la madera, al final de este post os adjuntamos las im\u00e1genes y los enlaces de las piezas por separado.<\/p>\n\n\n\n<div class=\"wp-block-image\"><figure class=\"alignleft\"><img loading=\"lazy\" decoding=\"async\" width=\"150\" height=\"150\" src=\"https:\/\/www.artesaniadecoracion.com\/blog\/wp-content\/uploads\/2019\/08\/Cama-dosel-en-forja-Diana-150x150.jpg\" alt=\"\" class=\"wp-image-785\" srcset=\"https:\/\/www.artesaniadecoracion.com\/blog\/wp-content\/uploads\/2019\/08\/Cama-dosel-en-forja-Diana-150x150.jpg 150w, https:\/\/www.artesaniadecoracion.com\/blog\/wp-content\/uploads\/2019\/08\/Cama-dosel-en-forja-Diana-72x72.jpg 72w, https:\/\/www.artesaniadecoracion.com\/blog\/wp-content\/uploads\/2019\/08\/Cama-dosel-en-forja-Diana-350x350.jpg 350w\" sizes=\"auto, (max-width: 150px) 100vw, 150px\" \/><figcaption><strong><a href=\"https:\/\/www.artesaniadecoracion.com\/cama-dosel-forja-diana-p-2362.html\" target=\"_blank\" rel=\"noreferrer noopener\" aria-label=\"Cama dosel de forja (abre en una nueva pesta\u00f1a)\">Cama dosel de forja<\/a><\/strong><\/figcaption><\/figure><\/div>\n\n\n\n<div class=\"wp-block-image\"><figure class=\"alignleft\"><img loading=\"lazy\" decoding=\"async\" width=\"150\" height=\"150\" src=\"https:\/\/www.artesaniadecoracion.com\/blog\/wp-content\/uploads\/2019\/08\/Comoda-dormitorio-forja-madera-diana-150x150.jpg\" alt=\"\" class=\"wp-image-786\" srcset=\"https:\/\/www.artesaniadecoracion.com\/blog\/wp-content\/uploads\/2019\/08\/Comoda-dormitorio-forja-madera-diana-150x150.jpg 150w, https:\/\/www.artesaniadecoracion.com\/blog\/wp-content\/uploads\/2019\/08\/Comoda-dormitorio-forja-madera-diana-72x72.jpg 72w, https:\/\/www.artesaniadecoracion.com\/blog\/wp-content\/uploads\/2019\/08\/Comoda-dormitorio-forja-madera-diana-350x350.jpg 350w\" sizes=\"auto, (max-width: 150px) 100vw, 150px\" \/><figcaption><strong><a href=\"https:\/\/www.artesaniadecoracion.com\/consola-forja-universal-grande-pata-redonda-p-5469.html\" target=\"_blank\" rel=\"noreferrer noopener\" aria-label=\"Comoda forja madera (abre en una nueva pesta\u00f1a)\">Comoda forja madera<\/a><\/strong><\/figcaption><\/figure><\/div>\n\n\n\n<div class=\"wp-block-image\"><figure class=\"alignleft\"><img loading=\"lazy\" decoding=\"async\" width=\"150\" height=\"150\" src=\"https:\/\/www.artesaniadecoracion.com\/blog\/wp-content\/uploads\/2019\/08\/Espejo-dormitorio-de-forja-diana-150x150.jpg\" alt=\"\" class=\"wp-image-787\" srcset=\"https:\/\/www.artesaniadecoracion.com\/blog\/wp-content\/uploads\/2019\/08\/Espejo-dormitorio-de-forja-diana-150x150.jpg 150w, https:\/\/www.artesaniadecoracion.com\/blog\/wp-content\/uploads\/2019\/08\/Espejo-dormitorio-de-forja-diana-72x72.jpg 72w\" sizes=\"auto, (max-width: 150px) 100vw, 150px\" \/><figcaption><strong><a href=\"https:\/\/www.artesaniadecoracion.com\/espejo-forja-diana-p-2369.html\" target=\"_blank\" rel=\"noreferrer noopener\" aria-label=\"Espejo de forja Diana (abre en una nueva pesta\u00f1a)\">Espejo de forja Diana<\/a><\/strong><\/figcaption><\/figure><\/div>\n\n\n\n<div class=\"wp-block-image\"><figure class=\"alignleft\"><img loading=\"lazy\" decoding=\"async\" width=\"150\" height=\"150\" src=\"https:\/\/www.artesaniadecoracion.com\/blog\/wp-content\/uploads\/2019\/08\/mesita-noche-diana-en-forja-150x150.jpg\" alt=\"\" class=\"wp-image-788\" srcset=\"https:\/\/www.artesaniadecoracion.com\/blog\/wp-content\/uploads\/2019\/08\/mesita-noche-diana-en-forja-150x150.jpg 150w, https:\/\/www.artesaniadecoracion.com\/blog\/wp-content\/uploads\/2019\/08\/mesita-noche-diana-en-forja-72x72.jpg 72w\" sizes=\"auto, (max-width: 150px) 100vw, 150px\" \/><figcaption><strong><a href=\"https:\/\/www.artesaniadecoracion.com\/mesilla-forja-diana-p-2383.html\" target=\"_blank\" rel=\"noreferrer noopener\" aria-label=\"Mesita noche forja Madera (abre en una nueva pesta\u00f1a)\">Mesita noche forja Madera<\/a><\/strong><\/figcaption><\/figure><\/div>\n","protected":false},"excerpt":{"rendered":"<p>Para el post de hoy hemos seleccionado un dormitorio muy refrescante, el dormitorio de la serie Diana, est\u00e1 compuesto por cama dosel en tama\u00f1o para colchones desde 135 a 160 cm, mesita de noche con o sin cajones, c\u00f3moda dormitorio 4 cajones y espejo para la c\u00f3moda en forja, se fabrican con tubo de acero [&hellip;]<\/p>\n","protected":false},"author":2,"featured_media":0,"comment_status":"closed","ping_status":"closed","sticky":false,"template":"","format":"standard","meta":{"om_disable_all_campaigns":false,"footnotes":""},"categories":[6,1],"tags":[29,373,372,371],"class_list":["post-783","post","type-post","status-publish","format-standard","hentry","category-dormitorios","category-sin-categoria","tag-camas-de-forja","tag-camas-de-princesas-forja","tag-camas-dosel-forja","tag-domitorios-de-forja"],"aioseo_notices":[],"_links":{"self":[{"href":"https:\/\/www.artesaniadecoracion.com\/blog\/wp-json\/wp\/v2\/posts\/783","targetHints":{"allow":["GET"]}}],"collection":[{"href":"https:\/\/www.artesaniadecoracion.com\/blog\/wp-json\/wp\/v2\/posts"}],"about":[{"href":"https:\/\/www.artesaniadecoracion.com\/blog\/wp-json\/wp\/v2\/types\/post"}],"author":[{"embeddable":true,"href":"https:\/\/www.artesaniadecoracion.com\/blog\/wp-json\/wp\/v2\/users\/2"}],"replies":[{"embeddable":true,"href":"https:\/\/www.artesaniadecoracion.com\/blog\/wp-json\/wp\/v2\/comments?post=783"}],"version-history":[{"count":3,"href":"https:\/\/www.artesaniadecoracion.com\/blog\/wp-json\/wp\/v2\/posts\/783\/revisions"}],"predecessor-version":[{"id":791,"href":"https:\/\/www.artesaniadecoracion.com\/blog\/wp-json\/wp\/v2\/posts\/783\/revisions\/791"}],"wp:attachment":[{"href":"https:\/\/www.artesaniadecoracion.com\/blog\/wp-json\/wp\/v2\/media?parent=783"}],"wp:term":[{"taxonomy":"category","embeddable":true,"href":"https:\/\/www.artesaniadecoracion.com\/blog\/wp-json\/wp\/v2\/categories?post=783"},{"taxonomy":"post_tag","embeddable":true,"href":"https:\/\/www.artesaniadecoracion.com\/blog\/wp-json\/wp\/v2\/tags?post=783"}],"curies":[{"name":"wp","href":"https:\/\/api.w.org\/{rel}","templated":true}]}}