{"id":926,"date":"2019-12-20T10:00:19","date_gmt":"2019-12-20T09:00:19","guid":{"rendered":"http:\/\/www.artesaniadecoracion.com\/blog\/?p=926"},"modified":"2019-12-04T19:08:54","modified_gmt":"2019-12-04T18:08:54","slug":"salon-comedor-estilo-provenzal-en-blanco","status":"publish","type":"post","link":"https:\/\/www.artesaniadecoracion.com\/blog\/salon-comedor-estilo-provenzal-en-blanco\/","title":{"rendered":"SAL\u00d3N COMEDOR ESTILO PROVENZAL EN BLANCO"},"content":{"rendered":"\n<figure class=\"wp-block-image\"><img loading=\"lazy\" decoding=\"async\" width=\"800\" height=\"583\" src=\"https:\/\/www.artesaniadecoracion.com\/blog\/wp-content\/uploads\/2019\/12\/Comedor-estilo-provenzal-blanco.jpg\" alt=\"Muebles para el comedor en blanco provenzales\" class=\"wp-image-925\" srcset=\"https:\/\/www.artesaniadecoracion.com\/blog\/wp-content\/uploads\/2019\/12\/Comedor-estilo-provenzal-blanco.jpg 800w, https:\/\/www.artesaniadecoracion.com\/blog\/wp-content\/uploads\/2019\/12\/Comedor-estilo-provenzal-blanco-300x219.jpg 300w, https:\/\/www.artesaniadecoracion.com\/blog\/wp-content\/uploads\/2019\/12\/Comedor-estilo-provenzal-blanco-768x560.jpg 768w, https:\/\/www.artesaniadecoracion.com\/blog\/wp-content\/uploads\/2019\/12\/Comedor-estilo-provenzal-blanco-624x455.jpg 624w\" sizes=\"auto, (max-width: 800px) 100vw, 800px\" \/><figcaption><strong><a href=\"https:\/\/www.artesaniadecoracion.com\/search.php?categoria=&amp;search=Praga\" target=\"_blank\" rel=\"noreferrer noopener\" aria-label=\"Muebles comedor provenzal (abre en una nueva pesta\u00f1a)\">Muebles comedor provenzal<\/a><\/strong><\/figcaption><\/figure>\n\n\n\n<p>Para el post de esta semana hemos seleccionado el sal\u00f3n comedor provenzal de la serie Praga, esta sal\u00f3n se fabrica en madera maciza de abeto combinado con fdm, para su acabado disponemos de 5 colores que se combinan con acabados interiores en 4 tonos, la sillas se fabrican con asiento pretapizado, para la mesa disponemos de 2 tama\u00f1os y los 2 con extensiones, en 140 X 90 extensible a 200 cm y en 160 X 90 extensible a 220 cm, al final de este post os adjuntamos las im\u00e1genes de las piezas por separado, tambi\u00e9n incluimos los enlaces para ampliar la informaci\u00f3n.<\/p>\n\n\n\n<div class=\"wp-block-image\"><figure class=\"alignleft\"><img loading=\"lazy\" decoding=\"async\" width=\"300\" height=\"237\" src=\"https:\/\/www.artesaniadecoracion.com\/blog\/wp-content\/uploads\/2019\/12\/Mesa-comedor-extensible-blanca-provenzal-300x237.jpeg\" alt=\"\" class=\"wp-image-927\" srcset=\"https:\/\/www.artesaniadecoracion.com\/blog\/wp-content\/uploads\/2019\/12\/Mesa-comedor-extensible-blanca-provenzal-300x237.jpeg 300w, https:\/\/www.artesaniadecoracion.com\/blog\/wp-content\/uploads\/2019\/12\/Mesa-comedor-extensible-blanca-provenzal-768x606.jpeg 768w, https:\/\/www.artesaniadecoracion.com\/blog\/wp-content\/uploads\/2019\/12\/Mesa-comedor-extensible-blanca-provenzal-1024x808.jpeg 1024w, https:\/\/www.artesaniadecoracion.com\/blog\/wp-content\/uploads\/2019\/12\/Mesa-comedor-extensible-blanca-provenzal-624x492.jpeg 624w, https:\/\/www.artesaniadecoracion.com\/blog\/wp-content\/uploads\/2019\/12\/Mesa-comedor-extensible-blanca-provenzal.jpeg 1200w\" sizes=\"auto, (max-width: 300px) 100vw, 300px\" \/><figcaption><strong><a rel=\"noreferrer noopener\" aria-label=\"Mesa comedor extensible (abre en una nueva pesta\u00f1a)\" href=\"https:\/\/www.artesaniadecoracion.com\/mesa-comedor-extensible-estilo-provenzal-2-tamanos-praga-p-20139.html\" target=\"_blank\">Mesa comedor extensible<\/a><\/strong><br><\/figcaption><\/figure><\/div>\n\n\n\n<div class=\"wp-block-image\"><figure class=\"aligncenter\"><img loading=\"lazy\" decoding=\"async\" width=\"220\" height=\"300\" src=\"https:\/\/www.artesaniadecoracion.com\/blog\/wp-content\/uploads\/2019\/12\/silla-comedor-estilo-provenzal-blanca-220x300.jpeg\" alt=\"\" class=\"wp-image-928\" srcset=\"https:\/\/www.artesaniadecoracion.com\/blog\/wp-content\/uploads\/2019\/12\/silla-comedor-estilo-provenzal-blanca-220x300.jpeg 220w, https:\/\/www.artesaniadecoracion.com\/blog\/wp-content\/uploads\/2019\/12\/silla-comedor-estilo-provenzal-blanca-624x852.jpeg 624w, https:\/\/www.artesaniadecoracion.com\/blog\/wp-content\/uploads\/2019\/12\/silla-comedor-estilo-provenzal-blanca.jpeg 732w\" sizes=\"auto, (max-width: 220px) 100vw, 220px\" \/><figcaption><strong><a href=\"https:\/\/www.artesaniadecoracion.com\/silla-comedor-pretapizada-estilo-provenzal-serie-praga-p-20140.html\" target=\"_blank\" rel=\"noreferrer noopener\" aria-label=\"Silla comedor provenzal (abre en una nueva pesta\u00f1a)\">Silla comedor provenzal<\/a><\/strong><\/figcaption><\/figure><\/div>\n\n\n\n<div class=\"wp-block-image\"><figure class=\"aligncenter\"><img loading=\"lazy\" decoding=\"async\" width=\"192\" height=\"300\" src=\"https:\/\/www.artesaniadecoracion.com\/blog\/wp-content\/uploads\/2019\/12\/Vitrina-salon-provenzal-blanca-192x300.jpeg\" alt=\"\" class=\"wp-image-929\" srcset=\"https:\/\/www.artesaniadecoracion.com\/blog\/wp-content\/uploads\/2019\/12\/Vitrina-salon-provenzal-blanca-192x300.jpeg 192w, https:\/\/www.artesaniadecoracion.com\/blog\/wp-content\/uploads\/2019\/12\/Vitrina-salon-provenzal-blanca-768x1201.jpeg 768w, https:\/\/www.artesaniadecoracion.com\/blog\/wp-content\/uploads\/2019\/12\/Vitrina-salon-provenzal-blanca-655x1024.jpeg 655w, https:\/\/www.artesaniadecoracion.com\/blog\/wp-content\/uploads\/2019\/12\/Vitrina-salon-provenzal-blanca-624x976.jpeg 624w, https:\/\/www.artesaniadecoracion.com\/blog\/wp-content\/uploads\/2019\/12\/Vitrina-salon-provenzal-blanca.jpeg 959w\" sizes=\"auto, (max-width: 192px) 100vw, 192px\" \/><figcaption><strong><a href=\"https:\/\/www.artesaniadecoracion.com\/vitrina-4-puertas-cornisa-baja-provenzal-serie-praga-p-20088.html\" target=\"_blank\" rel=\"noreferrer noopener\" aria-label=\"Alacena 2 puertas provenzal (abre en una nueva pesta\u00f1a)\">Alacena 2 puertas provenzal<\/a><\/strong><\/figcaption><\/figure><\/div>\n","protected":false},"excerpt":{"rendered":"<p>Para el post de esta semana hemos seleccionado el sal\u00f3n comedor provenzal de la serie Praga, esta sal\u00f3n se fabrica en madera maciza de abeto combinado con fdm, para su acabado disponemos de 5 colores que se combinan con acabados interiores en 4 tonos, la sillas se fabrican con asiento pretapizado, para la mesa disponemos [&hellip;]<\/p>\n","protected":false},"author":2,"featured_media":0,"comment_status":"closed","ping_status":"closed","sticky":false,"template":"","format":"standard","meta":{"om_disable_all_campaigns":false,"footnotes":""},"categories":[1],"tags":[443,442,446,444,445],"class_list":["post-926","post","type-post","status-publish","format-standard","hentry","category-sin-categoria","tag-mesa-comedor-blanca-extensible","tag-muebles-comedor-provenzal-blanco","tag-muebles-provenzales-blancos","tag-sillas-comedor-provenzal-tapizadas","tag-vitrinas-blancas-salon-provenzal"],"aioseo_notices":[],"_links":{"self":[{"href":"https:\/\/www.artesaniadecoracion.com\/blog\/wp-json\/wp\/v2\/posts\/926","targetHints":{"allow":["GET"]}}],"collection":[{"href":"https:\/\/www.artesaniadecoracion.com\/blog\/wp-json\/wp\/v2\/posts"}],"about":[{"href":"https:\/\/www.artesaniadecoracion.com\/blog\/wp-json\/wp\/v2\/types\/post"}],"author":[{"embeddable":true,"href":"https:\/\/www.artesaniadecoracion.com\/blog\/wp-json\/wp\/v2\/users\/2"}],"replies":[{"embeddable":true,"href":"https:\/\/www.artesaniadecoracion.com\/blog\/wp-json\/wp\/v2\/comments?post=926"}],"version-history":[{"count":3,"href":"https:\/\/www.artesaniadecoracion.com\/blog\/wp-json\/wp\/v2\/posts\/926\/revisions"}],"predecessor-version":[{"id":932,"href":"https:\/\/www.artesaniadecoracion.com\/blog\/wp-json\/wp\/v2\/posts\/926\/revisions\/932"}],"wp:attachment":[{"href":"https:\/\/www.artesaniadecoracion.com\/blog\/wp-json\/wp\/v2\/media?parent=926"}],"wp:term":[{"taxonomy":"category","embeddable":true,"href":"https:\/\/www.artesaniadecoracion.com\/blog\/wp-json\/wp\/v2\/categories?post=926"},{"taxonomy":"post_tag","embeddable":true,"href":"https:\/\/www.artesaniadecoracion.com\/blog\/wp-json\/wp\/v2\/tags?post=926"}],"curies":[{"name":"wp","href":"https:\/\/api.w.org\/{rel}","templated":true}]}}